{"id":10970,"date":"2026-07-26T18:15:00","date_gmt":"2026-07-26T16:15:00","guid":{"rendered":"https:\/\/stoerbikes.com\/nl\/?p=10970"},"modified":"2026-08-17T10:24:09","modified_gmt":"2026-08-17T08:24:09","slug":"att-leasa-en-elcykel-jamfort-med-att-kopa-den-vilka-ar-for-och-nackdelarna","status":"publish","type":"post","link":"https:\/\/stoerbikes.com\/sv\/e-bike-leasen-versus-kopen-wat-zijn-de-voor-en-nadelen\/","title":{"rendered":"Att leasa en elcykel j\u00e4mf\u00f6rt med att k\u00f6pa: vilka \u00e4r f\u00f6r- och nackdelarna?"},"content":{"rendered":"<h2>Je staat bij de fietsenwinkel, en dan komt de rekensom<\/h2>\n<p>Du vet att du vill ha en elcykel: f\u00f6r att pendla till jobbet, skjutsa barnen till skolan eller helt enkelt f\u00f6r att du vill l\u00e5ta bilen st\u00e5 oftare. D\u00e5 dyker fr\u00e5gan upp, som ofta f\u00f6rst i sista stund: ska du leasa en elcykel eller k\u00f6pa en?<\/p>\n<p>Skillnaden ligger inte bara i m\u00e5nadskostnaderna j\u00e4mf\u00f6rt med en eng\u00e5ngsutgift. Det handlar ocks\u00e5 om flexibilitet, underh\u00e5ll, risk, \u00e4gander\u00e4tt och hur l\u00e4nge du egentligen vill anv\u00e4nda cykeln. Nedan hittar du de viktigaste f\u00f6r- och nackdelarna med att leasa en elcykel j\u00e4mf\u00f6rt med att k\u00f6pa den, tillsammans med praktiska tumregler.<\/p>\n<h2>Vad inneb\u00e4r det egentligen att leasa en elcykel?<\/h2>\n<p>I grund och botten inneb\u00e4r leasing att man anv\u00e4nder en elcykel och betalar ett fast belopp per m\u00e5nad f\u00f6r den. Ofta ing\u00e5r underh\u00e5ll i avtalet, och ibland \u00e4ven en f\u00f6rs\u00e4kring eller v\u00e4gassistans.<\/p>\n<p>Det finns grovt sett tv\u00e5 former:<\/p>\n<ul>\n<li><strong>Privat leasing<\/strong>: Som privatperson leasar du direkt eller via en leasingleverant\u00f6r.<\/li>\n<li><strong>F\u00f6retagsleasing\/cykelplan<\/strong>: Din arbetsgivare st\u00e5r f\u00f6r leasingavgiften (ibland via bruttol\u00f6nen), vilket kan vara skattem\u00e4ssigt f\u00f6rdelaktigt.<\/li>\n<\/ul>\n<p>Eftersom villkoren varierar kraftigt l\u00f6nar det sig att alltid kontrollera l\u00f6ptiden, vilka tj\u00e4nster som ing\u00e5r, sj\u00e4lvrisken och vad som g\u00e4ller vid skada eller st\u00f6ld.<\/p>\n<h2>Vad inneb\u00e4r det att k\u00f6pa en elcykel?<\/h2>\n<p>N\u00e4r du k\u00f6per betalar du hela beloppet f\u00f6r elcykeln p\u00e5 en g\u00e5ng, eller s\u00e5 finansierar du k\u00f6pet via ett l\u00e5n eller delbetalning. Cykeln blir omedelbart din, med all den frihet som det inneb\u00e4r.<\/p>\n<p>Underh\u00e5ll, reparationer och f\u00f6rs\u00e4kring ordnar du sj\u00e4lv. Det kan bli billigare, men du b\u00e4r ocks\u00e5 risken om n\u00e5got g\u00e5r fel utanf\u00f6r garantin.<\/p>\n<h2>De st\u00f6rsta skillnaderna i ett \u00f6gonkast<\/h2>\n<p>Den h\u00e4r tabellen hj\u00e4lper dig att snabbt se vad valet ofta inneb\u00e4r i praktiken.<\/p>\n<table>\n<thead>\n<tr>\n<th>\u00c4mne<\/th>\n<th>Leasing<\/th>\n<th>K\u00f6p<\/th>\n<\/tr>\n<\/thead>\n<tbody>\n<tr>\n<td>M\u00e5nadskostnader<\/td>\n<td>Fast belopp per m\u00e5nad, f\u00f6ruts\u00e4gbart<\/td>\n<td>Inga fasta m\u00e5nadskostnader (om inte finansiering ing\u00e5r)<\/td>\n<\/tr>\n<tr>\n<td>Startkostnader<\/td>\n<td>Oftast l\u00e5g (ibland deposition\/f\u00f6rskott)<\/td>\n<td>H\u00f6g: fullt ink\u00f6pspris<\/td>\n<\/tr>\n<tr>\n<td>Underh\u00e5ll<\/td>\n<td>Ing\u00e5r ofta eller t\u00e4cks delvis<\/td>\n<td>P\u00e5 egen bekostnad och enligt egen planering<\/td>\n<\/tr>\n<tr>\n<td>Fastighet<\/td>\n<td>Vanligtvis inte fr\u00e5n dig under l\u00f6ptiden<\/td>\n<td>Direkt till din egendom<\/td>\n<\/tr>\n<tr>\n<td>Flexibilitet<\/td>\n<td>Begr\u00e4nsat: avtalets l\u00f6ptid och villkor<\/td>\n<td>Allt: s\u00e4lja, uppgradera, anpassa<\/td>\n<\/tr>\n<tr>\n<td>Restv\u00e4rde<\/td>\n<td>Vanligtvis ingen (om det inte finns en k\u00f6poption)<\/td>\n<td>Men: du kan s\u00e4lja vidare senare<\/td>\n<\/tr>\n<\/tbody>\n<\/table>\n<h2>F\u00f6rdelar med att leasa en elcykel<\/h2>\n<h3>1) F\u00f6ruts\u00e4gbara kostnader och f\u00e4rre ekonomiska toppar<\/h3>\n<p>En elcykel \u00e4r ofta en betydande investering. Genom leasing f\u00f6rdelas kostnaderna \u00f6ver tiden, vilket ger dig mer utrymme i budgeten.<\/p>\n<p>F\u00f6r vissa m\u00e4nniskor \u00e4r det skillnaden mellan \u201catt cykla nu\u201d och \u201ckanske senare\u201d. S\u00e4rskilt om man hellre vill ha sina besparingar i reserv.<\/p>\n<h3>2) Underh\u00e5ll och service sk\u00f6ts regelbundet<\/h3>\n<p>I m\u00e5nga avtal ing\u00e5r regelbundet underh\u00e5ll. Det \u00e4r sk\u00f6nt om man anv\u00e4nder elcykeln flitigt och inte vill bli \u00f6verraskad av en ov\u00e4ntad r\u00e4kning.<\/p>\n<p>T\u00e4nk p\u00e5 vad \u201cunderh\u00e5ll\u201d inneb\u00e4r: slitdelar, d\u00e4ck och bromsbel\u00e4gg kan ibland (delvis) falla utanf\u00f6r t\u00e4ckningen.<\/p>\n<h3>3) Mindre kr\u00e5ngel med f\u00f6rs\u00e4kringen (ing\u00e5r ibland)<\/h3>\n<p>Vissa leasingformer inkluderar f\u00f6rs\u00e4kring, st\u00f6ldskydd och reparationer. Det ger trygghet, s\u00e4rskilt i livliga st\u00e4der d\u00e4r risken f\u00f6r st\u00f6ld \u00e4r h\u00f6gre.<\/p>\n<p>Om du vill teckna en separat cykelf\u00f6rs\u00e4kring b\u00f6r du titta p\u00e5 villkoren g\u00e4llande st\u00f6ld, tillbeh\u00f6r och anskaffningsv\u00e4rde. P\u00e5 webbplatsen hittar du ocks\u00e5 information om <a href=\"https:\/\/stoerbikes.com\/sv\/forsakring\/\">f\u00f6rs\u00e4kring och skydd f\u00f6r elcyklar<\/a>.<\/p>\n<h3>4) Praktiskt vid tillf\u00e4llig anv\u00e4ndning eller f\u00f6r\u00e4ndrade omst\u00e4ndigheter<\/h3>\n<p>Vet du \u00e4nnu inte om du vill forts\u00e4tta anv\u00e4nda elcykeln i fem \u00e5r? Eller r\u00e4knar du med att avst\u00e5ndet mellan bostad och arbetsplats, familjeplaneringen eller jobbet kommer att f\u00f6r\u00e4ndras?<\/p>\n<p>D\u00e5 kan leasing vara ett alternativ, f\u00f6rutsatt att ditt avtal \u00e4r tillr\u00e4ckligt flexibelt och att du inte \u00e4r bunden till en l\u00e5ng l\u00f6ptid.<\/p>\n<h2>Nackdelar med att leasa en elcykel<\/h2>\n<h3>1) Du betalar f\u00f6r anv\u00e4ndningen, inte f\u00f6r \u00e4gandet<\/h3>\n<p>N\u00e4r avtalet l\u00f6per ut har du ofta inte byggt upp n\u00e5gon \u00e4gander\u00e4tt. Ibland finns det en k\u00f6poption, men den kan bli dyrare \u00e4n du r\u00e4knat med.<\/p>\n<p>Den som g\u00e4rna \u201cbetalar av\u201d n\u00e5got och sedan forts\u00e4tter att k\u00f6ra i flera \u00e5r m\u00e4rker skillnaden direkt.<\/p>\n<h3>2) Avtalsvillkoren kan vara betungande<\/h3>\n<p>Ett leasingavtal \u00e4r en \u00f6verenskommelse. Att avsluta avtalet i f\u00f6rtid, flytta, sluta arbeta eller vilja cykla mindre kan f\u00e5 konsekvenser.<\/p>\n<ul>\n<li>Kontrollera upps\u00e4gningsavgifter och \u00e5terk\u00f6psvillkor.<\/li>\n<li>Fr\u00e5ga vad som h\u00e4nder vid en l\u00e5ngvarig reparation eller vid totalf\u00f6rlust.<\/li>\n<li>T\u00e4nk p\u00e5 sj\u00e4lvrisken vid skada\/st\u00f6ld.<\/li>\n<\/ul>\n<h3>3) De totala kostnaderna kan bli h\u00f6gre<\/h3>\n<p>M\u00e5nadsbeloppet verkar ofta \u00f6verkomligt, men summan \u00f6ver 36 eller 48 m\u00e5nader kan \u00f6verstiga ink\u00f6pspriset. Det \u00e4r inte n\u00f6dv\u00e4ndigtvis \u201cd\u00e5ligt\u201d; du k\u00f6per ju ocks\u00e5 bekv\u00e4mlighet och riskskydd.<\/p>\n<p>Det \u00e4r dock viktigt att g\u00f6ra en r\u00e4ttvis j\u00e4mf\u00f6relse: l\u00e4gg ihop alla kostnader, inklusive obligatorisk f\u00f6rs\u00e4kring, servicepaket och eventuella administrationskostnader.<\/p>\n<h3>4) Minskad frihet att uppgradera eller anpassa<\/h3>\n<p>Vill du ha andra d\u00e4ck, ett extra batteri, en s\u00e4rskild barnstol eller en speciell konfiguration? Vid leasing kan det ibland f\u00f6rekomma begr\u00e4nsningar.<\/p>\n<p>N\u00e4r du k\u00f6per produkten har du st\u00f6rre frihet att v\u00e4lja mellan olika tillval och uppgraderingar, till exempel praktiska tillbeh\u00f6r fr\u00e5n <a href=\"https:\/\/stoerbikes.com\/sv\/butik\/\">tillbeh\u00f6r f\u00f6r elcyklar<\/a>.<\/p>\n<h2>F\u00f6rdelar med att k\u00f6pa en elcykel<\/h2>\n<h3>1) \u00c4gander\u00e4tt och restv\u00e4rde<\/h3>\n<p>En e-cykel som du har k\u00f6pt tillh\u00f6r dig. Du kan s\u00e4lja den vidare, byta in den eller anv\u00e4nda den tills du sj\u00e4lv best\u00e4mmer dig f\u00f6r att byta ut den.<\/p>\n<p>F\u00f6r m\u00e5nga \u00e4r restv\u00e4rdet ett viktigt argument: \u00e4ven efter flera \u00e5r har en v\u00e4lsk\u00f6tt elcykel fortfarande ett v\u00e4rde.<\/p>\n<h3>2) P\u00e5 l\u00e5ng sikt ofta billigare vid l\u00e5ngvarig anv\u00e4ndning<\/h3>\n<p>Om du r\u00e4knar med att din elcykel ska h\u00e5lla l\u00e4nge (t\u00e4nk 5\u20137 \u00e5r eller l\u00e4ngre) kan det vara ekonomiskt f\u00f6rdelaktigt att k\u00f6pa den. S\u00e4rskilt om du sj\u00e4lv sk\u00f6ter underh\u00e5ll och f\u00f6rs\u00e4kring p\u00e5 ett klokt s\u00e4tt.<\/p>\n<p>Detta g\u00e4ller framf\u00f6r allt cyklister som orsakar f\u00e5 skador och som st\u00e4ller undan sin cykel p\u00e5 ett ordentligt s\u00e4tt.<\/p>\n<h3>3) Du v\u00e4ljer helt sj\u00e4lv: m\u00e4rke, modell och anv\u00e4ndningsomr\u00e5de<\/h3>\n<p>Inga avtalsbegr\u00e4nsningar, inga obligatoriska paket. Du v\u00e4ljer sj\u00e4lv vad som passar din anv\u00e4ndning: stadscykel, transportcykel, longtail eller en cykel med lastkorg.<\/p>\n<p>Om du vill j\u00e4mf\u00f6ra vilka typer som finns, kan \u00f6versiktssidan vara till hj\u00e4lp med <a href=\"https:\/\/stoerbikes.com\/sv\/cyklar\/\">alla elcyklar och modeller<\/a> f\u00f6r att tydligg\u00f6ra skillnaderna.<\/p>\n<h2>Nackdelar med att k\u00f6pa en elcykel<\/h2>\n<h3>1) H\u00f6ga anskaffningskostnader och omedelbar ekonomisk press<\/h3>\n<p>Det st\u00f6rsta hindret \u00e4r enkelt: man m\u00e5ste betala hela beloppet p\u00e5 en g\u00e5ng. Det kan g\u00e5 ut \u00f6ver ens buffert eller andra planer.<\/p>\n<p>Finansiering \u00e4r m\u00f6jligt, men d\u00e5 handlar det ist\u00e4llet om r\u00e4nta och villkor.<\/p>\n<h3>2) Underh\u00e5ll och of\u00f6rutsedda kostnader \u00e4r din risk<\/h3>\n<p>Batterier \u00e5ldras, bromsar slits och en sk\u00e4rm kan g\u00e5 s\u00f6nder. En del t\u00e4cks av garantin, men inte allt och inte alltid.<\/p>\n<p>Den som k\u00f6per en elcykel g\u00f6r klokt i att avs\u00e4tta en budget f\u00f6r underh\u00e5ll och l\u00e5ta cykeln ses \u00f6ver regelbundet.<\/p>\n<h3>3) Risk f\u00f6r st\u00f6ld och skador: du m\u00e5ste sj\u00e4lv se till att du har ett bra skydd<\/h3>\n<p>En elcykel \u00e4r utsatt f\u00f6r st\u00f6ld. Ett ordentligt l\u00e5s, en fast parkeringsplats och en l\u00e4mplig f\u00f6rs\u00e4kring g\u00f6r verkligen skillnad.<\/p>\n<p>Enligt den nederl\u00e4ndska regeringen \u00e4r det viktigt att spara kvittot och ramnumret vid k\u00f6pet samt att registrera och s\u00e4kra sin cykel ordentligt; se informationen fr\u00e5n den nederl\u00e4ndska regeringen om <a href=\"https:\/\/www.rijksoverheid.nl\/onderwerpen\/veiligheid-en-criminaliteit\/vraag-en-antwoord\/wat-kan-ik-doen-tegen-fietsdiefstal\" rel=\"nofollow\">vad du kan g\u00f6ra mot cykelst\u00f6lder<\/a>.<\/p>\n<h2>Vad du b\u00f6r t\u00e4nka p\u00e5 n\u00e4r du j\u00e4mf\u00f6r kostnader<\/h2>\n<p>F\u00f6r att kunna g\u00f6ra en r\u00e4ttvis j\u00e4mf\u00f6relse mellan att leasa och k\u00f6pa en elcykel m\u00e5ste man j\u00e4mf\u00f6ra liknande saker. H\u00e4r \u00e4r de poster som man ofta gl\u00f6mmer att ta med i ber\u00e4kningen:<\/p>\n<ul>\n<li><strong>Underh\u00e5ll<\/strong>: service, bromsbel\u00e4gg, kedja\/rem, d\u00e4ck.<\/li>\n<li><strong>Secured<\/strong>: st\u00f6ld, helf\u00f6rs\u00e4kring, sj\u00e4lvrisk, nyv\u00e4rdesers\u00e4ttning.<\/li>\n<li><strong>Tillbeh\u00f6r<\/strong>: barnstol, v\u00e4skor, regnskydd, extra l\u00e5s.<\/li>\n<li><strong>Batteri<\/strong>: kapacitet, \u00e5ldrande, eventuell utbyte efter n\u00e5gra \u00e5r.<\/li>\n<li><strong>F\u00f6rdr\u00f6jning<\/strong>: avgiftsbelagd cykelparkering eller s\u00e4ker plats (s\u00e4rskilt vid t\u00e5gstationer).<\/li>\n<\/ul>\n<h3>Tumregler som ofta st\u00e4mmer<\/h3>\n<ul>\n<li><strong>Att k\u00f6pa passar ofta b\u00e4ttre<\/strong> om du vill ha elcykeln l\u00e4nge och har r\u00e5d med ink\u00f6pspriset.<\/li>\n<li><strong>Leasing passar ofta b\u00e4ttre<\/strong> om du vill ha f\u00f6ruts\u00e4gbarhet, tycker att service \u00e4r viktigt eller har skattef\u00f6rdelar genom ditt arbete.<\/li>\n<li><strong>\u00c4r du os\u00e4ker p\u00e5 hur l\u00e4nge den h\u00e5ller?<\/strong>, v\u00e4lj d\u00e5 inte automatiskt leasing: kontrollera hur \u201cfast\u201d l\u00f6ptiden \u00e4r.<\/li>\n<\/ul>\n<h2>Praktiska situationer: vilket val passar vem?<\/h2>\n<h3>Pendlare (4\u20135 dagar i veckan)<\/h3>\n<p>Du cyklar m\u00e5nga kilometer och \u00e4r beroende av din elcykel. Leasing kan vara ett bra alternativ tack vare service och fasta kostnader, s\u00e4rskilt om din arbetsgivare bidrar.<\/p>\n<p>Att k\u00f6pa \u00e4r ett intressant alternativ om du \u00e4r s\u00e4ker p\u00e5 att du vill forts\u00e4tta anv\u00e4nda samma cykel i m\u00e5nga \u00e5r och sk\u00f6ta underh\u00e5llet sj\u00e4lv.<\/p>\n<h3>Familj med barnstolar och m\u00e5nga korta resor<\/h3>\n<p>D\u00e5 handlar det ofta om s\u00e4kerhet, tillbeh\u00f6r och st\u00f6ldrisk. Att k\u00f6pa en cykel ger dig friheten att anpassa den exakt efter just din familj.<\/p>\n<p>Om du funderar p\u00e5 en leasingl\u00f6sning b\u00f6r du noga kontrollera om barnstolar och extra l\u00e5s \u00e4r till\u00e5tna och om de ing\u00e5r i f\u00f6rs\u00e4kringen. F\u00f6r information om barnstolar kan du ocks\u00e5 titta under <a href=\"https:\/\/www.urbaniki.com\/\" rel=\"nofollow\">Urban Iki<\/a>, framf\u00f6r allt f\u00f6r att se vilka f\u00e4sten och typer som finns.<\/p>\n<h3>F\u00f6retagare eller budb\u00e4rare<\/h3>\n<p>Ur aff\u00e4rssynpunkt kan leasing vara ett attraktivt alternativ tack vare kostnadsf\u00f6rdelning och mindre stress i samband med stillest\u00e5nd. Valet beror i h\u00f6g grad p\u00e5 skatteregler, avtalsvillkor och hur mycket du k\u00f6r varje dag.<\/p>\n<p>Om du anv\u00e4nder cykeln i arbetet \u00e4r \u201cdriftstopp\u201d ofta dyrare \u00e4n en n\u00e5got h\u00f6gre m\u00e5nadsavgift.<\/p>\n<h2>Checklista: fr\u00e5gor att st\u00e4lla sig sj\u00e4lv<\/h2>\n<ul>\n<li>Hur l\u00e4nge vill jag realistiskt sett anv\u00e4nda den h\u00e4r elcykeln?<\/li>\n<li>Vill jag ha fasta kostnader, eller tycker jag att r\u00f6rliga kostnader \u00e4r helt okej?<\/li>\n<li>Har jag en s\u00e4ker f\u00f6rvaringsplats, eller \u00e4r st\u00f6ldrisken h\u00f6g?<\/li>\n<li>Kommer jag att k\u00f6ra m\u00e5nga kilometer och d\u00e4rf\u00f6r beh\u00f6va r\u00e4kna med mycket underh\u00e5ll?<\/li>\n<li>Vill jag ha friheten att v\u00e4lja tillbeh\u00f6r och s\u00e4lja dem senare?<\/li>\n<li>Finns det n\u00e5gon cykelplan via min arbetsgivare, och vilka \u00e4r villkoren?<\/li>\n<\/ul>\n<h2>Vad \u00e4r det smartaste att g\u00f6ra om du fortfarande tvekar?<\/h2>\n<p>G\u00f6r en enkel j\u00e4mf\u00f6relse \u00f6ver samma tidsperiod, till exempel 36 m\u00e5nader. J\u00e4mf\u00f6r f\u00f6ljande: ink\u00f6pspris minus f\u00f6rv\u00e4ntat restv\u00e4rde, plus underh\u00e5ll och f\u00f6rs\u00e4kring, mot de totala leasingavgifterna plus sj\u00e4lvriskerna.<\/p>\n<p>Om skillnaden \u00e4r liten \u00e4r det oftast dina preferenser som avg\u00f6r: vill du ha trygghet och f\u00f6ruts\u00e4gbarhet (leasing) eller \u00e4gander\u00e4tt och frihet (k\u00f6p)?<\/p>\n<p>Om du f\u00f6rst vill j\u00e4mf\u00f6ra olika modeller i lugn och ro och se vilken elcykel som passar dina cykelturer och ditt bagage b\u00e4st, ta en titt p\u00e5 \u00f6versikten med <a href=\"https:\/\/stoerbikes.com\/sv\/cyklar\/\">STOER Bikes elcyklar<\/a> och l\u00e4s informationen om <a href=\"https:\/\/stoerbikes.com\/sv\/forsakring\/\">f\u00f6rs\u00e4kring f\u00f6r elcyklar<\/a> f\u00f6r att ge dig en fullst\u00e4ndig bild.<\/p>","protected":false},"excerpt":{"rendered":"<p>Je staat bij de fietsenwinkel, en dan komt de rekensom Je weet dat je een e-bike wilt: voor woon-werk, de schoolrun, of gewoon omdat je vaker de auto wilt laten staan. Dan komt de vraag die vaak pas op het laatste moment opduikt: ga je een e-bike leasen of koop je er \u00e9\u00e9n? Het verschil [&hellip;]<\/p>\n","protected":false},"author":15,"featured_media":0,"comment_status":"closed","ping_status":"closed","sticky":false,"template":"","format":"standard","meta":{"_acf_changed":false,"footnotes":""},"categories":[1],"tags":[],"class_list":["post-10970","post","type-post","status-publish","format-standard","hentry","category-algemeen"],"acf":[],"yoast_head":"<!-- This site is optimized with the Yoast SEO Premium plugin v28.3 (Yoast SEO v28.3) - https:\/\/yoast.com\/product\/yoast-seo-premium-wordpress\/ -->\n<title>E-bike leasen of kopen? Dit zijn de voor- en nadelen<\/title>\n<meta name=\"description\" content=\"E-bike leasen of kopen? Vergelijk kosten, onderhoud, flexibiliteit, eigendom en risico&#039;s en ontdek welke keuze het beste bij jouw situatie past.\" \/>\n<meta name=\"robots\" content=\"index, follow, max-snippet:-1, max-image-preview:large, max-video-preview:-1\" \/>\n<link rel=\"canonical\" href=\"https:\/\/stoerbikes.com\/sv\/att-leasa-en-elcykel-jamfort-med-att-kopa-den-vilka-ar-for-och-nackdelarna\/\" \/>\n<meta property=\"og:locale\" content=\"sv_SE\" \/>\n<meta property=\"og:type\" content=\"article\" \/>\n<meta property=\"og:title\" content=\"E-bike leasen versus kopen: wat zijn de voor- en nadelen?\" \/>\n<meta property=\"og:description\" content=\"E-bike leasen of kopen? Vergelijk kosten, onderhoud, flexibiliteit, eigendom en risico&#039;s en ontdek welke keuze het beste bij jouw situatie past.\" \/>\n<meta property=\"og:url\" content=\"https:\/\/stoerbikes.com\/sv\/att-leasa-en-elcykel-jamfort-med-att-kopa-den-vilka-ar-for-och-nackdelarna\/\" \/>\n<meta property=\"og:site_name\" content=\"STOER Bikes\" \/>\n<meta property=\"article:publisher\" content=\"https:\/\/facebook.com\/stoerbikes\" \/>\n<meta property=\"article:published_time\" content=\"2026-07-26T16:15:00+00:00\" \/>\n<meta property=\"article:modified_time\" content=\"2026-08-17T08:24:09+00:00\" \/>\n<meta property=\"og:image\" content=\"https:\/\/stoerbikes.com\/wp-content\/uploads\/2024\/05\/image00001-9-scaled.jpeg\" \/>\n\t<meta property=\"og:image:width\" content=\"2560\" \/>\n\t<meta property=\"og:image:height\" content=\"1708\" \/>\n\t<meta property=\"og:image:type\" content=\"image\/jpeg\" \/>\n<meta name=\"author\" content=\"Authora\" \/>\n<meta name=\"twitter:card\" content=\"summary_large_image\" \/>\n<meta name=\"twitter:label1\" content=\"Skriven av\" \/>\n\t<meta name=\"twitter:data1\" content=\"Authora\" \/>\n\t<meta name=\"twitter:label2\" content=\"Ber\u00e4knad l\u00e4stid\" \/>\n\t<meta name=\"twitter:data2\" content=\"16 minuter\" \/>\n<script type=\"application\/ld+json\" class=\"yoast-schema-graph\">{\"@context\":\"https:\\\/\\\/schema.org\",\"@graph\":[{\"@type\":[\"Article\",\"BlogPosting\"],\"@id\":\"https:\\\/\\\/stoerbikes.com\\\/e-bike-leasen-versus-kopen-wat-zijn-de-voor-en-nadelen\\\/#article\",\"isPartOf\":{\"@id\":\"https:\\\/\\\/stoerbikes.com\\\/e-bike-leasen-versus-kopen-wat-zijn-de-voor-en-nadelen\\\/\"},\"author\":{\"name\":\"Authora\",\"@id\":\"https:\\\/\\\/stoerbikes.com\\\/#\\\/schema\\\/person\\\/7502f1423bafa2e4416618b40206f8ff\"},\"headline\":\"E-bike leasen versus kopen: wat zijn de voor- en nadelen?\",\"datePublished\":\"2026-07-26T16:15:00+00:00\",\"dateModified\":\"2026-08-17T08:24:09+00:00\",\"mainEntityOfPage\":{\"@id\":\"https:\\\/\\\/stoerbikes.com\\\/e-bike-leasen-versus-kopen-wat-zijn-de-voor-en-nadelen\\\/\"},\"wordCount\":1482,\"publisher\":{\"@id\":\"https:\\\/\\\/stoerbikes.com\\\/#organization\"},\"articleSection\":[\"Algemeen\"],\"inLanguage\":\"sv-SE\"},{\"@type\":\"WebPage\",\"@id\":\"https:\\\/\\\/stoerbikes.com\\\/e-bike-leasen-versus-kopen-wat-zijn-de-voor-en-nadelen\\\/\",\"url\":\"https:\\\/\\\/stoerbikes.com\\\/e-bike-leasen-versus-kopen-wat-zijn-de-voor-en-nadelen\\\/\",\"name\":\"E-bike leasen of kopen? Dit zijn de voor- en nadelen\",\"isPartOf\":{\"@id\":\"https:\\\/\\\/stoerbikes.com\\\/#website\"},\"datePublished\":\"2026-07-26T16:15:00+00:00\",\"dateModified\":\"2026-08-17T08:24:09+00:00\",\"description\":\"E-bike leasen of kopen? Vergelijk kosten, onderhoud, flexibiliteit, eigendom en risico's en ontdek welke keuze het beste bij jouw situatie past.\",\"breadcrumb\":{\"@id\":\"https:\\\/\\\/stoerbikes.com\\\/e-bike-leasen-versus-kopen-wat-zijn-de-voor-en-nadelen\\\/#breadcrumb\"},\"inLanguage\":\"sv-SE\",\"potentialAction\":[{\"@type\":\"ReadAction\",\"target\":[\"https:\\\/\\\/stoerbikes.com\\\/e-bike-leasen-versus-kopen-wat-zijn-de-voor-en-nadelen\\\/\"]}]},{\"@type\":\"BreadcrumbList\",\"@id\":\"https:\\\/\\\/stoerbikes.com\\\/e-bike-leasen-versus-kopen-wat-zijn-de-voor-en-nadelen\\\/#breadcrumb\",\"itemListElement\":[{\"@type\":\"ListItem\",\"position\":1,\"name\":\"Home\",\"item\":\"https:\\\/\\\/stoerbikes.com\\\/\"},{\"@type\":\"ListItem\",\"position\":2,\"name\":\"E-bike leasen versus kopen: wat zijn de voor- en nadelen?\"}]},{\"@type\":\"WebSite\",\"@id\":\"https:\\\/\\\/stoerbikes.com\\\/#website\",\"url\":\"https:\\\/\\\/stoerbikes.com\\\/\",\"name\":\"STOER Bikes\",\"description\":\"\",\"publisher\":{\"@id\":\"https:\\\/\\\/stoerbikes.com\\\/#organization\"},\"potentialAction\":[{\"@type\":\"SearchAction\",\"target\":{\"@type\":\"EntryPoint\",\"urlTemplate\":\"https:\\\/\\\/stoerbikes.com\\\/?s={search_term_string}\"},\"query-input\":{\"@type\":\"PropertyValueSpecification\",\"valueRequired\":true,\"valueName\":\"search_term_string\"}}],\"inLanguage\":\"sv-SE\"},{\"@type\":\"Organization\",\"@id\":\"https:\\\/\\\/stoerbikes.com\\\/#organization\",\"name\":\"STOER Bikes\",\"url\":\"https:\\\/\\\/stoerbikes.com\\\/\",\"logo\":{\"@type\":\"ImageObject\",\"inLanguage\":\"sv-SE\",\"@id\":\"https:\\\/\\\/stoerbikes.com\\\/#\\\/schema\\\/logo\\\/image\\\/\",\"url\":\"https:\\\/\\\/stoerbikes.com\\\/wp-content\\\/uploads\\\/2026\\\/01\\\/Logo-STOER.png\",\"contentUrl\":\"https:\\\/\\\/stoerbikes.com\\\/wp-content\\\/uploads\\\/2026\\\/01\\\/Logo-STOER.png\",\"width\":1580,\"height\":303,\"caption\":\"STOER Bikes\"},\"image\":{\"@id\":\"https:\\\/\\\/stoerbikes.com\\\/#\\\/schema\\\/logo\\\/image\\\/\"},\"sameAs\":[\"https:\\\/\\\/facebook.com\\\/stoerbikes\",\"https:\\\/\\\/www.instagram.com\\\/stoerbikes\",\"https:\\\/\\\/www.linkedin.com\\\/company\\\/stoerbikes\\\/\",\"https:\\\/\\\/www.tiktok.com\\\/@stoerbikes\",\"https:\\\/\\\/www.youtube.com\\\/channel\\\/UCMBW5py6Mfoj1GNaRokv17g\"]},{\"@type\":\"Person\",\"@id\":\"https:\\\/\\\/stoerbikes.com\\\/#\\\/schema\\\/person\\\/7502f1423bafa2e4416618b40206f8ff\",\"name\":\"Authora\",\"image\":{\"@type\":\"ImageObject\",\"inLanguage\":\"sv-SE\",\"@id\":\"https:\\\/\\\/secure.gravatar.com\\\/avatar\\\/d58fc5f5a46da799c1b1d64215cb0da01fa53300a2b1867b577bac857324b89a?s=96&d=mm&r=g\",\"url\":\"https:\\\/\\\/secure.gravatar.com\\\/avatar\\\/d58fc5f5a46da799c1b1d64215cb0da01fa53300a2b1867b577bac857324b89a?s=96&d=mm&r=g\",\"contentUrl\":\"https:\\\/\\\/secure.gravatar.com\\\/avatar\\\/d58fc5f5a46da799c1b1d64215cb0da01fa53300a2b1867b577bac857324b89a?s=96&d=mm&r=g\",\"caption\":\"Authora\"}}]}<\/script>\n<!-- \/ Yoast SEO Premium plugin. -->","yoast_head_json":{"title":"Ska man leasa eller k\u00f6pa en elcykel? H\u00e4r \u00e4r f\u00f6r- och nackdelarna","description":"Ska man leasa eller k\u00f6pa en elcykel? J\u00e4mf\u00f6r kostnader, underh\u00e5ll, flexibilitet, \u00e4gande och risker och ta reda p\u00e5 vilket alternativ som passar b\u00e4st f\u00f6r just din situation.","robots":{"index":"index","follow":"follow","max-snippet":"max-snippet:-1","max-image-preview":"max-image-preview:large","max-video-preview":"max-video-preview:-1"},"canonical":"https:\/\/stoerbikes.com\/sv\/att-leasa-en-elcykel-jamfort-med-att-kopa-den-vilka-ar-for-och-nackdelarna\/","og_locale":"sv_SE","og_type":"article","og_title":"E-bike leasen versus kopen: wat zijn de voor- en nadelen?","og_description":"E-bike leasen of kopen? Vergelijk kosten, onderhoud, flexibiliteit, eigendom en risico's en ontdek welke keuze het beste bij jouw situatie past.","og_url":"https:\/\/stoerbikes.com\/sv\/att-leasa-en-elcykel-jamfort-med-att-kopa-den-vilka-ar-for-och-nackdelarna\/","og_site_name":"STOER Bikes","article_publisher":"https:\/\/facebook.com\/stoerbikes","article_published_time":"2026-07-26T16:15:00+00:00","article_modified_time":"2026-08-17T08:24:09+00:00","og_image":[{"width":2560,"height":1708,"url":"https:\/\/stoerbikes.com\/wp-content\/uploads\/2024\/05\/image00001-9-scaled.jpeg","type":"image\/jpeg"}],"author":"Authora","twitter_card":"summary_large_image","twitter_misc":{"Skriven av":"Authora","Ber\u00e4knad l\u00e4stid":"16 minuter"},"schema":{"@context":"https:\/\/schema.org","@graph":[{"@type":["Article","BlogPosting"],"@id":"https:\/\/stoerbikes.com\/e-bike-leasen-versus-kopen-wat-zijn-de-voor-en-nadelen\/#article","isPartOf":{"@id":"https:\/\/stoerbikes.com\/e-bike-leasen-versus-kopen-wat-zijn-de-voor-en-nadelen\/"},"author":{"name":"Authora","@id":"https:\/\/stoerbikes.com\/#\/schema\/person\/7502f1423bafa2e4416618b40206f8ff"},"headline":"E-bike leasen versus kopen: wat zijn de voor- en nadelen?","datePublished":"2026-07-26T16:15:00+00:00","dateModified":"2026-08-17T08:24:09+00:00","mainEntityOfPage":{"@id":"https:\/\/stoerbikes.com\/e-bike-leasen-versus-kopen-wat-zijn-de-voor-en-nadelen\/"},"wordCount":1482,"publisher":{"@id":"https:\/\/stoerbikes.com\/#organization"},"articleSection":["Algemeen"],"inLanguage":"sv-SE"},{"@type":"WebPage","@id":"https:\/\/stoerbikes.com\/e-bike-leasen-versus-kopen-wat-zijn-de-voor-en-nadelen\/","url":"https:\/\/stoerbikes.com\/e-bike-leasen-versus-kopen-wat-zijn-de-voor-en-nadelen\/","name":"Ska man leasa eller k\u00f6pa en elcykel? H\u00e4r \u00e4r f\u00f6r- och nackdelarna","isPartOf":{"@id":"https:\/\/stoerbikes.com\/#website"},"datePublished":"2026-07-26T16:15:00+00:00","dateModified":"2026-08-17T08:24:09+00:00","description":"Ska man leasa eller k\u00f6pa en elcykel? J\u00e4mf\u00f6r kostnader, underh\u00e5ll, flexibilitet, \u00e4gande och risker och ta reda p\u00e5 vilket alternativ som passar b\u00e4st f\u00f6r just din situation.","breadcrumb":{"@id":"https:\/\/stoerbikes.com\/e-bike-leasen-versus-kopen-wat-zijn-de-voor-en-nadelen\/#breadcrumb"},"inLanguage":"sv-SE","potentialAction":[{"@type":"ReadAction","target":["https:\/\/stoerbikes.com\/e-bike-leasen-versus-kopen-wat-zijn-de-voor-en-nadelen\/"]}]},{"@type":"BreadcrumbList","@id":"https:\/\/stoerbikes.com\/e-bike-leasen-versus-kopen-wat-zijn-de-voor-en-nadelen\/#breadcrumb","itemListElement":[{"@type":"ListItem","position":1,"name":"Home","item":"https:\/\/stoerbikes.com\/"},{"@type":"ListItem","position":2,"name":"E-bike leasen versus kopen: wat zijn de voor- en nadelen?"}]},{"@type":"WebSite","@id":"https:\/\/stoerbikes.com\/#website","url":"https:\/\/stoerbikes.com\/","name":"STOER Cyklar","description":"","publisher":{"@id":"https:\/\/stoerbikes.com\/#organization"},"potentialAction":[{"@type":"SearchAction","target":{"@type":"EntryPoint","urlTemplate":"https:\/\/stoerbikes.com\/?s={search_term_string}"},"query-input":{"@type":"PropertyValueSpecification","valueRequired":true,"valueName":"search_term_string"}}],"inLanguage":"sv-SE"},{"@type":"Organization","@id":"https:\/\/stoerbikes.com\/#organization","name":"STOER Cyklar","url":"https:\/\/stoerbikes.com\/","logo":{"@type":"ImageObject","inLanguage":"sv-SE","@id":"https:\/\/stoerbikes.com\/#\/schema\/logo\/image\/","url":"https:\/\/stoerbikes.com\/wp-content\/uploads\/2026\/01\/Logo-STOER.png","contentUrl":"https:\/\/stoerbikes.com\/wp-content\/uploads\/2026\/01\/Logo-STOER.png","width":1580,"height":303,"caption":"STOER Bikes"},"image":{"@id":"https:\/\/stoerbikes.com\/#\/schema\/logo\/image\/"},"sameAs":["https:\/\/facebook.com\/stoerbikes","https:\/\/www.instagram.com\/stoerbikes","https:\/\/www.linkedin.com\/company\/stoerbikes\/","https:\/\/www.tiktok.com\/@stoerbikes","https:\/\/www.youtube.com\/channel\/UCMBW5py6Mfoj1GNaRokv17g"]},{"@type":"Person","@id":"https:\/\/stoerbikes.com\/#\/schema\/person\/7502f1423bafa2e4416618b40206f8ff","name":"F\u00f6rfattare","image":{"@type":"ImageObject","inLanguage":"sv-SE","@id":"https:\/\/secure.gravatar.com\/avatar\/d58fc5f5a46da799c1b1d64215cb0da01fa53300a2b1867b577bac857324b89a?s=96&d=mm&r=g","url":"https:\/\/secure.gravatar.com\/avatar\/d58fc5f5a46da799c1b1d64215cb0da01fa53300a2b1867b577bac857324b89a?s=96&d=mm&r=g","contentUrl":"https:\/\/secure.gravatar.com\/avatar\/d58fc5f5a46da799c1b1d64215cb0da01fa53300a2b1867b577bac857324b89a?s=96&d=mm&r=g","caption":"Authora"}}]}},"_links":{"self":[{"href":"https:\/\/stoerbikes.com\/sv\/wp-json\/wp\/v2\/posts\/10970","targetHints":{"allow":["GET"]}}],"collection":[{"href":"https:\/\/stoerbikes.com\/sv\/wp-json\/wp\/v2\/posts"}],"about":[{"href":"https:\/\/stoerbikes.com\/sv\/wp-json\/wp\/v2\/types\/post"}],"author":[{"embeddable":true,"href":"https:\/\/stoerbikes.com\/sv\/wp-json\/wp\/v2\/users\/15"}],"replies":[{"embeddable":true,"href":"https:\/\/stoerbikes.com\/sv\/wp-json\/wp\/v2\/comments?post=10970"}],"version-history":[{"count":3,"href":"https:\/\/stoerbikes.com\/sv\/wp-json\/wp\/v2\/posts\/10970\/revisions"}],"predecessor-version":[{"id":11132,"href":"https:\/\/stoerbikes.com\/sv\/wp-json\/wp\/v2\/posts\/10970\/revisions\/11132"}],"wp:attachment":[{"href":"https:\/\/stoerbikes.com\/sv\/wp-json\/wp\/v2\/media?parent=10970"}],"wp:term":[{"taxonomy":"category","embeddable":true,"href":"https:\/\/stoerbikes.com\/sv\/wp-json\/wp\/v2\/categories?post=10970"},{"taxonomy":"post_tag","embeddable":true,"href":"https:\/\/stoerbikes.com\/sv\/wp-json\/wp\/v2\/tags?post=10970"}],"curies":[{"name":"wp","href":"https:\/\/api.w.org\/{rel}","templated":true}]}}