{"id":10956,"date":"2026-07-22T10:45:00","date_gmt":"2026-07-22T08:45:00","guid":{"rendered":"https:\/\/stoerbikes.com\/nl\/?p=10956"},"modified":"2026-08-13T17:24:58","modified_gmt":"2026-08-13T15:24:58","slug":"lastcykelutrustning-for-installatorer-med-cargox","status":"publish","type":"post","link":"https:\/\/stoerbikes.com\/sv\/bakfiets-inrichting-voor-installateurs-met-de-cargox\/","title":{"rendered":"Inredning f\u00f6r lastcyklar f\u00f6r installat\u00f6rer med CargoX"},"content":{"rendered":"<h1>Inredning f\u00f6r lastcyklar f\u00f6r installat\u00f6rer med CargoX<\/h1>\n<p>En installat\u00f6r som arbetar i stan f\u00f6rlorar ofta tid p\u00e5 att parkera, k\u00f6ra omv\u00e4gar och st\u00e4ndigt ordna om verktygen. En eldriven lastcykel kan l\u00f6sa det problemet, men bara om du inreder lastutrymmet p\u00e5 ett smart s\u00e4tt: du vill ha omedelbar tillg\u00e5ng till r\u00e4tt fack, du vill inte att n\u00e5got ska skramla eller glida omkring, och du vill kunna bromsa s\u00e4kert \u00e4ven med full last.<\/p>\n<p>Denna guide handlar om praktisk inredning av lastcyklar f\u00f6r installat\u00f6rer: fackindelning, fasts\u00e4ttning, viktf\u00f6rdelning och lasts\u00e4kerhet. Exemplen \u00e4r utformade med CargoX i \u00e5tanke, eftersom den med sin robusta ram, rymliga lastl\u00e5da och h\u00f6ga lastkapacitet ofta v\u00e4ljs f\u00f6r arbeten i stadsmilj\u00f6.<\/p>\n<h2>B\u00f6rja med din arbetsdag, inte med dina saker<\/h2>\n<p>Den b\u00e4sta inredningen \u00e4r inte en f\u00e4rdig katalogl\u00f6sning, utan en \u00e5terspegling av din arbetsprocess. Fundera f\u00f6rst p\u00e5 ditt arbetsm\u00f6nster: hur m\u00e5nga stopp per dag, vilka typer av uppdrag och hur ofta du tar n\u00e5got ur l\u00e5dan.<\/p>\n<h3>Skapa tre zoner i din odlingsl\u00e5da<\/h3>\n<p>En indelning i zoner f\u00f6rhindrar att allt hamnar i en enda \u201cverktygsh\u00f6g\u201d. Det bidrar ocks\u00e5 till att undvika skador p\u00e5 m\u00e4tutrustning och \u00f6mt\u00e5liga delar.<\/p>\n<ul>\n<li><strong>Zon 1 (direkt tillg\u00e4nglig):<\/strong> saker som du tar fram vid varje jobb, till exempel handskar, m\u00e5ttband, bitsats, grundl\u00e4ggande skruvmejslar, tejp och markeringspenna.<\/li>\n<li><strong>Zon 2 (uppgiftsspecifik):<\/strong> komponenter och verktyg f\u00f6r varje uppdrag (v\u00e4rme, VVS, el, ventilation).<\/li>\n<li><strong>Zon 3 (reserv\/lager):<\/strong> tillbeh\u00f6r och l\u00f6sviktsvaror, s\u00e5som kopplingar, buntband, t\u00e4tningsmassa, pluggar, skruvar och reng\u00f6ringsdukar.<\/li>\n<\/ul>\n<p>Genom att placera zon 1 n\u00e4ra toppen och p\u00e5 den \u201c\u00f6ppna\u201d sidan kan du vid ett kort stopp ta fram n\u00e5got utan att beh\u00f6va \u00f6ppna hela l\u00e5dan eller stapla om inneh\u00e5llet.<\/p>\n<h2>Inredning av arbetsplatsen: s\u00e5 g\u00f6r du l\u00e5dan \u201cverkstadsklar\u201d<\/h2>\n<p>Installat\u00f6rer har en blandning av tunga verktyg (batterier, borrmaskiner), l\u00e5nga material (r\u00f6r, profiler) och sm\u00e5delar (kopplingar, skruvar). En bra f\u00f6rvaringsl\u00f6sning separerar dessa olika typer av material.<\/p>\n<h3>Arbeta med modul\u00e4ra l\u00e5dor och kistor<\/h3>\n<p>L\u00f6sa saker i l\u00e5dan skapar kaos och buller, och det \u00e4r l\u00e4ttare att tappa bort saker. V\u00e4lj stapelbara l\u00e5dor med lock, helst med en tydlig f\u00e4rgkodning f\u00f6r varje gren.<\/p>\n<ul>\n<li><strong>Elektrisk:<\/strong> kabelnippel, svetskl\u00e4mmor, kabelskalare, sp\u00e4nningsm\u00e4tare, krympt\u00e5ng.<\/li>\n<li><strong>Sanitetsutrustning:<\/strong> teflontejp, gummi, sifondelar, fogmassa och fogpistol.<\/li>\n<li><strong>V\u00e4rmesystem:<\/strong> avluftningsnyckel, tryckm\u00e4tare, sm\u00e5 tillbeh\u00f6r.<\/li>\n<\/ul>\n<p>Placera de tyngsta l\u00e5dorna s\u00e5 l\u00e5gt som m\u00f6jligt. L\u00e4gg det du beh\u00f6ver oftast \u00f6verst, men bara om vikten till\u00e5ter det.<\/p>\n<h3>F\u00f6r l\u00e5nga material: en fast \u201cl\u00e4ngdbana\u201d<\/h3>\n<p>R\u00f6r, kabelkanaler och lister \u00e4r besv\u00e4rliga att transportera i en lastbil. Om de ligger snett trycker de mot andra f\u00f6rem\u00e5l och kan skjutas fram\u00e5t vid inbromsning.<\/p>\n<ul>\n<li>Skapa ett l\u00e5ngt fack l\u00e4ngs ena sidan f\u00f6r material upp till den maximala l\u00e4ngden i l\u00e5dan.<\/li>\n<li>Anv\u00e4nd sp\u00e4nnband eller en kl\u00e4mremsa f\u00f6r att f\u00e4sta paketet p\u00e5 tv\u00e5 st\u00e4llen.<\/li>\n<li>L\u00e4gg en halkskyddsmatta under buntarna s\u00e5 att de inte \u201cglider iv\u00e4g\u201d.<\/li>\n<\/ul>\n<p>CargoX har en rymlig lastl\u00e5da (100 cm l\u00e5ng och 70 cm bred) och en halks\u00e4ker botten; det hj\u00e4lper, men bara om man verkligen s\u00e4krar lasten.<\/p>\n<h2>Viktf\u00f6rdelning och k\u00f6regenskaper i stadsmilj\u00f6<\/h2>\n<p>En lastcykel styrs och bromsas p\u00e5 ett annat s\u00e4tt \u00e4n en sk\u00e5pbil. Om lasten ligger f\u00f6r l\u00e5ngt fram blir det tyngre att styra. Om man staplar f\u00f6r mycket vikt i bakdelen kan hjulgreppet och stabiliteten f\u00f6r\u00e4ndras.<\/p>\n<h3>Praktiska tumregler<\/h3>\n<ul>\n<li>L\u00e4gg den tyngsta vikten <strong>l\u00e5g<\/strong> och <strong>centralt<\/strong> i beh\u00e5llaren.<\/li>\n<li>H\u00e5ll v\u00e4nster och h\u00f6ger s\u00e5 h\u00e4r <strong>symmetrisk<\/strong> m\u00f6jligt.<\/li>\n<li>Undvik att stapla l\u00e5dor i \u201ctorn\u201d; det \u00e4r b\u00e4ttre med tv\u00e5 lager i bredd \u00e4n tre lager i h\u00f6jd.<\/li>\n<li>Placera \u00f6mt\u00e5lig m\u00e4tutrustning (t.ex. laser-\/r\u00f6kgasutrustning) i en st\u00f6td\u00e4mpande l\u00e5da, inte l\u00f6st i lastutrymmet.<\/li>\n<\/ul>\n<p>Om du k\u00f6r med 80\u2013100 kg i lastutrymmet m\u00e4rker du snabbt vid v\u00e4gbulor och skarpa kurvor om din viktf\u00f6rdelning \u00e4r r\u00e4tt. Ta dig 10 minuter efter den f\u00f6rsta veckan f\u00f6r att justera viktf\u00f6rdelningen utifr\u00e5n vad du faktiskt anv\u00e4nder.<\/p>\n<h2>Lasts\u00e4kerhet: s\u00e4kra, t\u00e4cka \u00f6ver och synlighet<\/h2>\n<p>Lasts\u00e4kerhet \u00e4r inte bara n\u00e5got som \u00e4r \u201ctrevligt att ha\u201d. Vid en n\u00f6dbromsning kan ett batteri eller en l\u00e5da slungas iv\u00e4g genom lastutrymmet. Det leder till skador p\u00e5 utrustningen och utg\u00f6r en s\u00e4kerhetsrisk f\u00f6r dig och andra.<\/p>\n<h3>F\u00e4stning: mindre glidning, mindre slitage<\/h3>\n<p>Anv\u00e4nd en kombination av halkskydd, sp\u00e4nnband och fasta f\u00f6rankringspunkter. Om du transporterar samma l\u00e5dor varje dag l\u00f6nar det sig att fastst\u00e4lla fasta placeringar.<\/p>\n<ul>\n<li><strong>Halkskyddad matta<\/strong> under baslagret av l\u00e5dor.<\/li>\n<li><strong>Sp\u00e4nnband f\u00f6r surrning<\/strong> \u00f6ver de tyngsta f\u00f6rem\u00e5len, helst korsvis.<\/li>\n<li><strong>Avdelningsavskiljningar<\/strong> att sp\u00e4nna fast l\u00e5dorna s\u00e5 att bandsp\u00e4nningen kan h\u00e5llas s\u00e5 l\u00e5g som m\u00f6jligt.<\/li>\n<\/ul>\n<p>F\u00f6r allm\u00e4nna riktlinjer om s\u00e4ker lastning och lasts\u00e4kring \u00e4r det bra att k\u00e4nna till myndigheternas information, till exempel p\u00e5 <a href=\"https:\/\/www.rijksoverheid.nl\/onderwerpen\/verkeersveiligheid\" rel=\"nofollow\">Centralregeringen (trafiks\u00e4kerhet)<\/a>.<\/p>\n<h3>Skydda mot regn och st\u00f6ld<\/h3>\n<p>Installat\u00f6rer transporterar ofta material som inte f\u00e5r bli bl\u00f6tt: batteriladdare, m\u00e4tutrustning och f\u00f6rpackade reservdelar. En sluten lastflakl\u00f6sning eller ett robust skydd g\u00f6r din arbetsdag mer f\u00f6ruts\u00e4gbar.<\/p>\n<ul>\n<li>Anv\u00e4nd ett vattent\u00e4tt skydd eller en presenning om du forts\u00e4tter att arbeta \u00e4ven i d\u00e5ligt v\u00e4der.<\/li>\n<li>Anv\u00e4nd l\u00e5sbara l\u00e5dor eller ett kabell\u00e5s genom handtagen vid korta stopp.<\/li>\n<li>L\u00e5t inga synliga \u201cv\u00e4rdef\u00f6rem\u00e5l\u201d ligga framme n\u00e4r du g\u00e5r in n\u00e5gonstans.<\/li>\n<\/ul>\n<h2>Praktisk indelning efter typ av uppdrag<\/h2>\n<p>Alla installat\u00f6rer arbetar inte p\u00e5 samma s\u00e4tt. En mont\u00f6r som fr\u00e4mst \u00e5tg\u00e4rdar fel har en annan upps\u00e4ttning verktyg \u00e4n n\u00e5gon som monterar f\u00e4rdiga badrum.<\/p>\n<h3>Fel- och underh\u00e5llssats (snabbstopp)<\/h3>\n<ul>\n<li>Verktygsl\u00e5da med grundl\u00e4ggande handverktyg och bits<\/li>\n<li>Multimeter\/sp\u00e4nningsprovare i skyddsv\u00e4ska<\/li>\n<li>Liten sortimentsl\u00e5da med vanliga kopplingar och f\u00e4stelement<\/li>\n<li>Borstar, handskar, tejp, markeringsmaterial<\/li>\n<\/ul>\n<h3>Projekt- och monteringsarbete (st\u00f6rre volym)<\/h3>\n<ul>\n<li>L\u00e4ngsskena f\u00f6r r\u00f6r\/skenor\/r\u00e4nnor<\/li>\n<li>2\u20133 stora l\u00e5dor f\u00f6r f\u00e4stelement och komponenter<\/li>\n<li>Verktygsl\u00e5da f\u00f6r borr- och s\u00e5garbeten<\/li>\n<li>Skyddslager f\u00f6r kakel\/ytbehandling (f\u00f6r att f\u00f6rhindra skador i karet)<\/li>\n<\/ul>\n<h2>En \u00f6versiktstabell f\u00f6r snabba val<\/h2>\n<p>Den h\u00e4r tabellen hj\u00e4lper dig att koppla de vanligaste inredningsvalen till dina prioriteringar under arbetsdagen.<\/p>\n<table>\n<thead>\n<tr>\n<th>M\u00e5l<\/th>\n<th>Inredningsl\u00f6sning<\/th>\n<th>Varf\u00f6r det fungerar<\/th>\n<\/tr>\n<\/thead>\n<tbody>\n<tr>\n<td>Snabbt till grundverktygen<\/td>\n<td>Zon 1 h\u00f6gst upp med fast toppl\u00e5da<\/td>\n<td>Mindre trassel och mindre tidsf\u00f6rlust vid korta stopp<\/td>\n<\/tr>\n<tr>\n<td>Lugn och mindre skador<\/td>\n<td>L\u00e5dor med lock + halkskydd p\u00e5 undersidan<\/td>\n<td>F\u00f6rhindrar skramlande och glidande \u00f6ver gatstenar\/tr\u00f6sklar<\/td>\n<\/tr>\n<tr>\n<td>Transportera l\u00e5nga f\u00f6rem\u00e5l p\u00e5 ett s\u00e4kert s\u00e4tt<\/td>\n<td>L\u00e4ngdsp\u00e5r med 2 f\u00e4stpunkter<\/td>\n<td>Inget tryck p\u00e5 andra delar, mindre risk f\u00f6r att skjutet g\u00e5r f\u00f6r l\u00e5ngt<\/td>\n<\/tr>\n<tr>\n<td>Stabil k\u00f6rning med tung last<\/td>\n<td>Mycket l\u00e5g och centralt placerad, lika p\u00e5 v\u00e4nster och h\u00f6ger sida<\/td>\n<td>F\u00f6ruts\u00e4gbar styrning och bromsning i t\u00e4t stadstrafik<\/td>\n<\/tr>\n<tr>\n<td>Torr och mindre i\u00f6gonfallande<\/td>\n<td>Skydd\/presenning och l\u00e5dor med l\u00e5s<\/td>\n<td>Mindre v\u00e4derskador och mindre frestelser vid korta pauser<\/td>\n<\/tr>\n<\/tbody>\n<\/table>\n<h2>Underh\u00e5ll och slitage: en l\u00f6sning som f\u00f6rebygger kostnader<\/h2>\n<p>En bra organisering sparar inte bara tid, utan \u00e4ven reservdelar. Batterier som hela tiden studsar omkring, l\u00e5dor som trycker mot bromsarna och verktyg som skrapar mot varandra leder till ov\u00e4ntade utbyten.<\/p>\n<p>V\u00e4lj d\u00e4rf\u00f6r en inredning som \u00e4r \u201cstabil\u201d: lite ledigt utrymme, mjuka kontaktpunkter och fasta positioner. Planera in en kort kontroll en g\u00e5ng i m\u00e5naden: sp\u00e4nnband, l\u00e5s, avskiljningspaneler och l\u00e5dornas skick.<\/p>\n<h2>Varf\u00f6r CargoX ofta \u00e4r ett logiskt val f\u00f6r installat\u00f6rer<\/h2>\n<p>F\u00f6r installat\u00f6rer \u00e4r framf\u00f6r allt stabilitet, lastkapacitet och sikt viktigt. CargoX n\u00e4mns ofta eftersom den \u00e4r konstruerad f\u00f6r intensiv anv\u00e4ndning, med ett kraftfullt drivsystem, ett stabilt dubbelt stativ och en lastl\u00e5da som l\u00e4mpar sig v\u00e4l f\u00f6r en fast inredning.<\/p>\n<p>Mer information om modellen finns p\u00e5 sidan f\u00f6r <a href=\"https:\/\/stoerbikes.com\/sv\/produkt\/cargox\/\">CargoX elektrisk lastcykel<\/a>. Om du fortfarande \u00e4r os\u00e4ker p\u00e5 vilken cykel som passar b\u00e4st f\u00f6r ditt dagliga arbete, kan du ta en titt p\u00e5 \u00f6versiktssidan <a href=\"https:\/\/stoerbikes.com\/sv\/cyklar\/\">alla modeller och varianter<\/a>.<\/p>\n<h2>F\u00f6rs\u00e4kring och risker vid yrkesm\u00e4ssig anv\u00e4ndning<\/h2>\n<p>Den som dagligen \u00e4r ute och k\u00f6r med verktyg t\u00e4nker snabbt p\u00e5 st\u00f6ld, skador och driftstopp. T\u00e4nk inte bara p\u00e5 sj\u00e4lva cykeln, utan \u00e4ven p\u00e5 lastens v\u00e4rde och hur du anv\u00e4nder den (m\u00e5nga korta stopp inneb\u00e4r en annan riskprofil).<\/p>\n<p>L\u00e4s mer om vad STOER Bikes har att erbjuda inom detta omr\u00e5de via <a href=\"https:\/\/stoerbikes.com\/sv\/forsakring\/\">information om f\u00f6rs\u00e4kring f\u00f6r lastcyklar<\/a>. Det \u00e4r bra att i f\u00f6rv\u00e4g ha klart f\u00f6r sig vad som ing\u00e5r i f\u00f6rs\u00e4kringen och vad som inte g\u00f6r det, s\u00e5 att din utrustning (l\u00e5s, skydd, l\u00e5dor) \u00e4r anpassad efter detta.<\/p>\n<h2>Praktiskt n\u00e4sta steg<\/h2>\n<p>N\u00e4r du v\u00e4l har f\u00e5tt ordning p\u00e5 din lastcykelutrustning blir din lastcykel en riktig servicebil p\u00e5 tv\u00e5 hjul: du lastar snabbare, du cyklar lugnare och din last f\u00f6rblir hel. Vill du diskutera en inredning som passar just din typ av installationsarbete och dina rutter, boka d\u00e5 in en tid f\u00f6r att se CargoX i verkligheten hos en av \u00e5terf\u00f6rs\u00e4ljarna och g\u00e5 igenom din konfiguration.<\/p>","protected":false},"excerpt":{"rendered":"<p>Bakfiets inrichting voor installateurs met de CargoX Een installateur die in de stad werkt, verliest vaak tijd aan parkeren, omrijden en het telkens opnieuw ordenen van gereedschap. Een elektrische bakfiets kan dat oplossen, maar alleen als je de bak slim inricht: je wil meteen bij het juiste vak, je wil niets dat rammelt of schuift, [&hellip;]<\/p>\n","protected":false},"author":15,"featured_media":0,"comment_status":"closed","ping_status":"closed","sticky":false,"template":"","format":"standard","meta":{"_acf_changed":false,"footnotes":""},"categories":[1],"tags":[],"class_list":["post-10956","post","type-post","status-publish","format-standard","hentry","category-algemeen"],"acf":[],"yoast_head":"<!-- This site is optimized with the Yoast SEO Premium plugin v28.3 (Yoast SEO v28.3) - https:\/\/yoast.com\/product\/yoast-seo-premium-wordpress\/ -->\n<title>Bakfiets voor installateurs: richt je CargoX slim in<\/title>\n<meta name=\"description\" content=\"Bakfiets voor installateurs slim inrichten? Ontdek tips voor vakindeling, gewichtsverdeling en laadveiligheid met de CargoX.\" \/>\n<meta name=\"robots\" content=\"index, follow, max-snippet:-1, max-image-preview:large, max-video-preview:-1\" \/>\n<link rel=\"canonical\" href=\"https:\/\/stoerbikes.com\/sv\/lastcykelutrustning-for-installatorer-med-cargox\/\" \/>\n<meta property=\"og:locale\" content=\"sv_SE\" \/>\n<meta property=\"og:type\" content=\"article\" \/>\n<meta property=\"og:title\" content=\"Bakfiets inrichting voor installateurs met de CargoX\" \/>\n<meta property=\"og:description\" content=\"Bakfiets voor installateurs slim inrichten? Ontdek tips voor vakindeling, gewichtsverdeling en laadveiligheid met de CargoX.\" \/>\n<meta property=\"og:url\" content=\"https:\/\/stoerbikes.com\/sv\/lastcykelutrustning-for-installatorer-med-cargox\/\" \/>\n<meta property=\"og:site_name\" content=\"STOER Bikes\" \/>\n<meta property=\"article:publisher\" content=\"https:\/\/facebook.com\/stoerbikes\" \/>\n<meta property=\"article:published_time\" content=\"2026-07-22T08:45:00+00:00\" \/>\n<meta property=\"article:modified_time\" content=\"2026-08-13T15:24:58+00:00\" \/>\n<meta property=\"og:image\" content=\"https:\/\/stoerbikes.com\/wp-content\/uploads\/2024\/05\/image00001-9-scaled.jpeg\" \/>\n\t<meta property=\"og:image:width\" content=\"2560\" \/>\n\t<meta property=\"og:image:height\" content=\"1708\" \/>\n\t<meta property=\"og:image:type\" content=\"image\/jpeg\" \/>\n<meta name=\"author\" content=\"Authora\" \/>\n<meta name=\"twitter:card\" content=\"summary_large_image\" \/>\n<meta name=\"twitter:label1\" content=\"Skriven av\" \/>\n\t<meta name=\"twitter:data1\" content=\"Authora\" \/>\n\t<meta name=\"twitter:label2\" content=\"Ber\u00e4knad l\u00e4stid\" \/>\n\t<meta name=\"twitter:data2\" content=\"13 minuter\" \/>\n<script type=\"application\/ld+json\" class=\"yoast-schema-graph\">{\"@context\":\"https:\\\/\\\/schema.org\",\"@graph\":[{\"@type\":[\"Article\",\"BlogPosting\"],\"@id\":\"https:\\\/\\\/stoerbikes.com\\\/bakfiets-inrichting-voor-installateurs-met-de-cargox\\\/#article\",\"isPartOf\":{\"@id\":\"https:\\\/\\\/stoerbikes.com\\\/bakfiets-inrichting-voor-installateurs-met-de-cargox\\\/\"},\"author\":{\"name\":\"Authora\",\"@id\":\"https:\\\/\\\/stoerbikes.com\\\/#\\\/schema\\\/person\\\/7502f1423bafa2e4416618b40206f8ff\"},\"headline\":\"Bakfiets inrichting voor installateurs met de CargoX\",\"datePublished\":\"2026-07-22T08:45:00+00:00\",\"dateModified\":\"2026-08-13T15:24:58+00:00\",\"mainEntityOfPage\":{\"@id\":\"https:\\\/\\\/stoerbikes.com\\\/bakfiets-inrichting-voor-installateurs-met-de-cargox\\\/\"},\"wordCount\":1255,\"publisher\":{\"@id\":\"https:\\\/\\\/stoerbikes.com\\\/#organization\"},\"articleSection\":[\"Algemeen\"],\"inLanguage\":\"sv-SE\"},{\"@type\":\"WebPage\",\"@id\":\"https:\\\/\\\/stoerbikes.com\\\/bakfiets-inrichting-voor-installateurs-met-de-cargox\\\/\",\"url\":\"https:\\\/\\\/stoerbikes.com\\\/bakfiets-inrichting-voor-installateurs-met-de-cargox\\\/\",\"name\":\"Bakfiets voor installateurs: richt je CargoX slim in\",\"isPartOf\":{\"@id\":\"https:\\\/\\\/stoerbikes.com\\\/#website\"},\"datePublished\":\"2026-07-22T08:45:00+00:00\",\"dateModified\":\"2026-08-13T15:24:58+00:00\",\"description\":\"Bakfiets voor installateurs slim inrichten? Ontdek tips voor vakindeling, gewichtsverdeling en laadveiligheid met de CargoX.\",\"breadcrumb\":{\"@id\":\"https:\\\/\\\/stoerbikes.com\\\/bakfiets-inrichting-voor-installateurs-met-de-cargox\\\/#breadcrumb\"},\"inLanguage\":\"sv-SE\",\"potentialAction\":[{\"@type\":\"ReadAction\",\"target\":[\"https:\\\/\\\/stoerbikes.com\\\/bakfiets-inrichting-voor-installateurs-met-de-cargox\\\/\"]}]},{\"@type\":\"BreadcrumbList\",\"@id\":\"https:\\\/\\\/stoerbikes.com\\\/bakfiets-inrichting-voor-installateurs-met-de-cargox\\\/#breadcrumb\",\"itemListElement\":[{\"@type\":\"ListItem\",\"position\":1,\"name\":\"Home\",\"item\":\"https:\\\/\\\/stoerbikes.com\\\/\"},{\"@type\":\"ListItem\",\"position\":2,\"name\":\"Bakfiets inrichting voor installateurs met de CargoX\"}]},{\"@type\":\"WebSite\",\"@id\":\"https:\\\/\\\/stoerbikes.com\\\/#website\",\"url\":\"https:\\\/\\\/stoerbikes.com\\\/\",\"name\":\"STOER Bikes\",\"description\":\"\",\"publisher\":{\"@id\":\"https:\\\/\\\/stoerbikes.com\\\/#organization\"},\"potentialAction\":[{\"@type\":\"SearchAction\",\"target\":{\"@type\":\"EntryPoint\",\"urlTemplate\":\"https:\\\/\\\/stoerbikes.com\\\/?s={search_term_string}\"},\"query-input\":{\"@type\":\"PropertyValueSpecification\",\"valueRequired\":true,\"valueName\":\"search_term_string\"}}],\"inLanguage\":\"sv-SE\"},{\"@type\":\"Organization\",\"@id\":\"https:\\\/\\\/stoerbikes.com\\\/#organization\",\"name\":\"STOER Bikes\",\"url\":\"https:\\\/\\\/stoerbikes.com\\\/\",\"logo\":{\"@type\":\"ImageObject\",\"inLanguage\":\"sv-SE\",\"@id\":\"https:\\\/\\\/stoerbikes.com\\\/#\\\/schema\\\/logo\\\/image\\\/\",\"url\":\"https:\\\/\\\/stoerbikes.com\\\/wp-content\\\/uploads\\\/2026\\\/01\\\/Logo-STOER.png\",\"contentUrl\":\"https:\\\/\\\/stoerbikes.com\\\/wp-content\\\/uploads\\\/2026\\\/01\\\/Logo-STOER.png\",\"width\":1580,\"height\":303,\"caption\":\"STOER Bikes\"},\"image\":{\"@id\":\"https:\\\/\\\/stoerbikes.com\\\/#\\\/schema\\\/logo\\\/image\\\/\"},\"sameAs\":[\"https:\\\/\\\/facebook.com\\\/stoerbikes\",\"https:\\\/\\\/www.instagram.com\\\/stoerbikes\",\"https:\\\/\\\/www.linkedin.com\\\/company\\\/stoerbikes\\\/\",\"https:\\\/\\\/www.tiktok.com\\\/@stoerbikes\",\"https:\\\/\\\/www.youtube.com\\\/channel\\\/UCMBW5py6Mfoj1GNaRokv17g\"]},{\"@type\":\"Person\",\"@id\":\"https:\\\/\\\/stoerbikes.com\\\/#\\\/schema\\\/person\\\/7502f1423bafa2e4416618b40206f8ff\",\"name\":\"Authora\",\"image\":{\"@type\":\"ImageObject\",\"inLanguage\":\"sv-SE\",\"@id\":\"https:\\\/\\\/secure.gravatar.com\\\/avatar\\\/d58fc5f5a46da799c1b1d64215cb0da01fa53300a2b1867b577bac857324b89a?s=96&d=mm&r=g\",\"url\":\"https:\\\/\\\/secure.gravatar.com\\\/avatar\\\/d58fc5f5a46da799c1b1d64215cb0da01fa53300a2b1867b577bac857324b89a?s=96&d=mm&r=g\",\"contentUrl\":\"https:\\\/\\\/secure.gravatar.com\\\/avatar\\\/d58fc5f5a46da799c1b1d64215cb0da01fa53300a2b1867b577bac857324b89a?s=96&d=mm&r=g\",\"caption\":\"Authora\"}}]}<\/script>\n<!-- \/ Yoast SEO Premium plugin. -->","yoast_head_json":{"title":"Lastcykel f\u00f6r installat\u00f6rer: utforma din CargoX p\u00e5 ett smart s\u00e4tt","description":"Vill du inreda din lastcykel p\u00e5 ett smart s\u00e4tt f\u00f6r installat\u00f6rer? Uppt\u00e4ck tips om utrustningsplacering, viktf\u00f6rdelning och lasts\u00e4kerhet med CargoX.","robots":{"index":"index","follow":"follow","max-snippet":"max-snippet:-1","max-image-preview":"max-image-preview:large","max-video-preview":"max-video-preview:-1"},"canonical":"https:\/\/stoerbikes.com\/sv\/lastcykelutrustning-for-installatorer-med-cargox\/","og_locale":"sv_SE","og_type":"article","og_title":"Bakfiets inrichting voor installateurs met de CargoX","og_description":"Bakfiets voor installateurs slim inrichten? Ontdek tips voor vakindeling, gewichtsverdeling en laadveiligheid met de CargoX.","og_url":"https:\/\/stoerbikes.com\/sv\/lastcykelutrustning-for-installatorer-med-cargox\/","og_site_name":"STOER Bikes","article_publisher":"https:\/\/facebook.com\/stoerbikes","article_published_time":"2026-07-22T08:45:00+00:00","article_modified_time":"2026-08-13T15:24:58+00:00","og_image":[{"width":2560,"height":1708,"url":"https:\/\/stoerbikes.com\/wp-content\/uploads\/2024\/05\/image00001-9-scaled.jpeg","type":"image\/jpeg"}],"author":"Authora","twitter_card":"summary_large_image","twitter_misc":{"Skriven av":"Authora","Ber\u00e4knad l\u00e4stid":"13 minuter"},"schema":{"@context":"https:\/\/schema.org","@graph":[{"@type":["Article","BlogPosting"],"@id":"https:\/\/stoerbikes.com\/bakfiets-inrichting-voor-installateurs-met-de-cargox\/#article","isPartOf":{"@id":"https:\/\/stoerbikes.com\/bakfiets-inrichting-voor-installateurs-met-de-cargox\/"},"author":{"name":"Authora","@id":"https:\/\/stoerbikes.com\/#\/schema\/person\/7502f1423bafa2e4416618b40206f8ff"},"headline":"Bakfiets inrichting voor installateurs met de CargoX","datePublished":"2026-07-22T08:45:00+00:00","dateModified":"2026-08-13T15:24:58+00:00","mainEntityOfPage":{"@id":"https:\/\/stoerbikes.com\/bakfiets-inrichting-voor-installateurs-met-de-cargox\/"},"wordCount":1255,"publisher":{"@id":"https:\/\/stoerbikes.com\/#organization"},"articleSection":["Algemeen"],"inLanguage":"sv-SE"},{"@type":"WebPage","@id":"https:\/\/stoerbikes.com\/bakfiets-inrichting-voor-installateurs-met-de-cargox\/","url":"https:\/\/stoerbikes.com\/bakfiets-inrichting-voor-installateurs-met-de-cargox\/","name":"Lastcykel f\u00f6r installat\u00f6rer: utforma din CargoX p\u00e5 ett smart s\u00e4tt","isPartOf":{"@id":"https:\/\/stoerbikes.com\/#website"},"datePublished":"2026-07-22T08:45:00+00:00","dateModified":"2026-08-13T15:24:58+00:00","description":"Vill du inreda din lastcykel p\u00e5 ett smart s\u00e4tt f\u00f6r installat\u00f6rer? Uppt\u00e4ck tips om utrustningsplacering, viktf\u00f6rdelning och lasts\u00e4kerhet med CargoX.","breadcrumb":{"@id":"https:\/\/stoerbikes.com\/bakfiets-inrichting-voor-installateurs-met-de-cargox\/#breadcrumb"},"inLanguage":"sv-SE","potentialAction":[{"@type":"ReadAction","target":["https:\/\/stoerbikes.com\/bakfiets-inrichting-voor-installateurs-met-de-cargox\/"]}]},{"@type":"BreadcrumbList","@id":"https:\/\/stoerbikes.com\/bakfiets-inrichting-voor-installateurs-met-de-cargox\/#breadcrumb","itemListElement":[{"@type":"ListItem","position":1,"name":"Home","item":"https:\/\/stoerbikes.com\/"},{"@type":"ListItem","position":2,"name":"Bakfiets inrichting voor installateurs met de CargoX"}]},{"@type":"WebSite","@id":"https:\/\/stoerbikes.com\/#website","url":"https:\/\/stoerbikes.com\/","name":"STOER Cyklar","description":"","publisher":{"@id":"https:\/\/stoerbikes.com\/#organization"},"potentialAction":[{"@type":"SearchAction","target":{"@type":"EntryPoint","urlTemplate":"https:\/\/stoerbikes.com\/?s={search_term_string}"},"query-input":{"@type":"PropertyValueSpecification","valueRequired":true,"valueName":"search_term_string"}}],"inLanguage":"sv-SE"},{"@type":"Organization","@id":"https:\/\/stoerbikes.com\/#organization","name":"STOER Cyklar","url":"https:\/\/stoerbikes.com\/","logo":{"@type":"ImageObject","inLanguage":"sv-SE","@id":"https:\/\/stoerbikes.com\/#\/schema\/logo\/image\/","url":"https:\/\/stoerbikes.com\/wp-content\/uploads\/2026\/01\/Logo-STOER.png","contentUrl":"https:\/\/stoerbikes.com\/wp-content\/uploads\/2026\/01\/Logo-STOER.png","width":1580,"height":303,"caption":"STOER Bikes"},"image":{"@id":"https:\/\/stoerbikes.com\/#\/schema\/logo\/image\/"},"sameAs":["https:\/\/facebook.com\/stoerbikes","https:\/\/www.instagram.com\/stoerbikes","https:\/\/www.linkedin.com\/company\/stoerbikes\/","https:\/\/www.tiktok.com\/@stoerbikes","https:\/\/www.youtube.com\/channel\/UCMBW5py6Mfoj1GNaRokv17g"]},{"@type":"Person","@id":"https:\/\/stoerbikes.com\/#\/schema\/person\/7502f1423bafa2e4416618b40206f8ff","name":"F\u00f6rfattare","image":{"@type":"ImageObject","inLanguage":"sv-SE","@id":"https:\/\/secure.gravatar.com\/avatar\/d58fc5f5a46da799c1b1d64215cb0da01fa53300a2b1867b577bac857324b89a?s=96&d=mm&r=g","url":"https:\/\/secure.gravatar.com\/avatar\/d58fc5f5a46da799c1b1d64215cb0da01fa53300a2b1867b577bac857324b89a?s=96&d=mm&r=g","contentUrl":"https:\/\/secure.gravatar.com\/avatar\/d58fc5f5a46da799c1b1d64215cb0da01fa53300a2b1867b577bac857324b89a?s=96&d=mm&r=g","caption":"Authora"}}]}},"_links":{"self":[{"href":"https:\/\/stoerbikes.com\/sv\/wp-json\/wp\/v2\/posts\/10956","targetHints":{"allow":["GET"]}}],"collection":[{"href":"https:\/\/stoerbikes.com\/sv\/wp-json\/wp\/v2\/posts"}],"about":[{"href":"https:\/\/stoerbikes.com\/sv\/wp-json\/wp\/v2\/types\/post"}],"author":[{"embeddable":true,"href":"https:\/\/stoerbikes.com\/sv\/wp-json\/wp\/v2\/users\/15"}],"replies":[{"embeddable":true,"href":"https:\/\/stoerbikes.com\/sv\/wp-json\/wp\/v2\/comments?post=10956"}],"version-history":[{"count":3,"href":"https:\/\/stoerbikes.com\/sv\/wp-json\/wp\/v2\/posts\/10956\/revisions"}],"predecessor-version":[{"id":11108,"href":"https:\/\/stoerbikes.com\/sv\/wp-json\/wp\/v2\/posts\/10956\/revisions\/11108"}],"wp:attachment":[{"href":"https:\/\/stoerbikes.com\/sv\/wp-json\/wp\/v2\/media?parent=10956"}],"wp:term":[{"taxonomy":"category","embeddable":true,"href":"https:\/\/stoerbikes.com\/sv\/wp-json\/wp\/v2\/categories?post=10956"},{"taxonomy":"post_tag","embeddable":true,"href":"https:\/\/stoerbikes.com\/sv\/wp-json\/wp\/v2\/tags?post=10956"}],"curies":[{"name":"wp","href":"https:\/\/api.w.org\/{rel}","templated":true}]}}