{"id":10980,"date":"2026-07-28T10:15:00","date_gmt":"2026-07-28T08:15:00","guid":{"rendered":"https:\/\/stoerbikes.com\/nl\/?p=10980"},"modified":"2026-08-17T11:36:09","modified_gmt":"2026-08-17T09:36:09","slug":"quand-faut-il-opter-pour-un-velo-cargo-cargox-plutot-que-pour-un-velo-electrique","status":"publish","type":"post","link":"https:\/\/stoerbikes.com\/fr\/wanneer-kiezen-voor-cargox-bakfiets-in-plaats-van-e-bike\/","title":{"rendered":"Quand faut-il opter pour un v\u00e9lo cargo CargoX plut\u00f4t que pour un v\u00e9lo \u00e9lectrique ?"},"content":{"rendered":"<h2>De keuze die je pas voelt als je week druk wordt<\/h2>\n<p>Pour beaucoup de gens, le v\u00e9lo \u00e9lectrique est le moyen de transport \u201c polyvalent \u201d id\u00e9al : rapide, maniable et facile \u00e0 garer partout. Jusqu\u2019\u00e0 ce que vous vous rendiez compte que vos trajets ne concernent pas seulement vous, mais aussi vos affaires, vos enfants, votre mat\u00e9riel de travail ou vos livraisons. La question passe alors de \u2019 quel v\u00e9lo est agr\u00e9able \u00e0 rouler ? \u201c \u00e0 \u201d quel v\u00e9lo m'accompagne tout au long de la journ\u00e9e ? \u201c<\/p>\n<p>Un v\u00e9lo cargo \u00e9lectrique comme le CargoX n\u2019est pas un v\u00e9lo \u00e9lectrique haut de gamme, mais un outil \u00e0 part enti\u00e8re. On l\u2019 choisit lorsqu\u2019on a besoin en permanence de volume, de stabilit\u00e9 et de s\u00e9curit\u00e9, sans les inconv\u00e9nients d\u2019une voiture en ville.<\/p>\n<p>Cet article vous donnera des rep\u00e8res pour d\u00e9terminer <strong>Quand opter pour un v\u00e9lo cargo CargoX ?<\/strong> c'est logique, et c'est justement l\u00e0 qu'un v\u00e9lo \u00e9lectrique classique reste plus intelligent.<\/p>\n<h2>Quelle est la diff\u00e9rence concr\u00e8te entre un CargoX et un v\u00e9lo \u00e9lectrique ?<\/h2>\n<p>La principale diff\u00e9rence ne r\u00e9side pas dans le fait qu\u2019il soit \u201c \u00e9lectrique ou non \u201d, mais dans la capacit\u00e9 de charge, le centre de gravit\u00e9 et l\u2019utilisation que l\u2019on fait du v\u00e9lo. Un v\u00e9lo \u00e9lectrique est con\u00e7u pour permettre \u00e0 son utilisateur de se d\u00e9placer confortablement avec, le cas \u00e9ch\u00e9ant, des bagages peu volumineux. Un v\u00e9lo cargo est con\u00e7u pour transporter des personnes ou des charges en toute s\u00e9curit\u00e9, m\u00eame si celles-ci sont lourdes ou encombrantes.<\/p>\n<p>Avec le CargoX, tout est question de stabilit\u00e9 et de contr\u00f4le lors du chargement. Il est dot\u00e9 d'une benne spacieuse, d'un double support robuste pour le chargement et le d\u00e9chargement, ainsi que d'un \u00e9clairage de s\u00e9curit\u00e9 comprenant des clignotants et un feu stop.<\/p>\n<h3>Ce qui se remarque au quotidien<\/h3>\n<ul>\n<li><strong>Chargement :<\/strong> Vous pouvez transporter les enfants, les courses ou les outils en une seule fois, au lieu de les r\u00e9partir entre plusieurs sacs et porte-bagages.<\/li>\n<li><strong>Arr\u00eat :<\/strong> Monter et descendre du v\u00e9lo ou le charger est plus serein gr\u00e2ce \u00e0 la stabilit\u00e9 d'un v\u00e9lo cargo.<\/li>\n<li><strong>Planification du voyage :<\/strong> moins de trajets, moins de \u201c d\u00e9tours inutiles \u201d puisque tu emportes tout d'un coup.<\/li>\n<\/ul>\n<h2>Dans quels cas un v\u00e9lo \u00e9lectrique suffit-il g\u00e9n\u00e9ralement ?<\/h2>\n<p>Un v\u00e9lo \u00e9lectrique reste souvent le meilleur choix si vous voyagez principalement seul et que vos bagages sont peu volumineux. Vous gagnez alors en vitesse, en maniabilit\u00e9 et en praticit\u00e9 pour le ranger dans un abri, un ascenseur ou un porte-v\u00e9los.<\/p>\n<p>Un v\u00e9lo \u00e9lectrique est \u00e9galement un bon choix si vos trajets sont peu vari\u00e9s. Par exemple, pour aller au travail avec un ordinateur portable et votre d\u00e9jeuner, ou pour faire du sport et des courses en petites quantit\u00e9s.<\/p>\n<h3>Des signes indiquant que vous n'avez pas (encore) besoin d'un v\u00e9lo cargo<\/h3>\n<ul>\n<li>On transporte rarement plus d'une sacoche de v\u00e9lo pleine.<\/li>\n<li>Tu voyages g\u00e9n\u00e9ralement seul(e), sans enfants ni bagages lourds.<\/li>\n<li>Tu disposes d'un espace de stationnement limit\u00e9 et tu dois souvent passer par des passages \u00e9troits.<\/li>\n<li>Tu trouves important de pouvoir \u201c suivre le flux \u201d rapidement sur les pistes cyclables tr\u00e8s fr\u00e9quent\u00e9es.<\/li>\n<\/ul>\n<h2>Dans quels cas opter pour un v\u00e9lo cargo CargoX ?<\/h2>\n<p>Le CargoX devient int\u00e9ressant d\u00e8s que vous vous rendez compte que le transport devient un probl\u00e8me logistique. Pas juste une fois, mais chaque semaine. Vous recherchez alors une solution fiable m\u00eame \u00e0 pleine charge et qui vous facilite la vie au quotidien.<\/p>\n<h3>1) Vous transportez \u00e0 la fois des enfants et des affaires<\/h3>\n<p>Les parents connaissent bien cette situation : deux sacs, des imperm\u00e9ables, des fournitures scolaires, un sac de sport et, en plus, les courses. Sur un v\u00e9lo \u00e9lectrique, on arrive souvent \u00e0 tout transporter, mais on a vite l'impression que c'est dangereux ou instable, surtout quand il y a du vent ou que la chauss\u00e9e est mouill\u00e9e.<\/p>\n<p>Un v\u00e9lo cargo familial est con\u00e7u pour r\u00e9pondre \u00e0 ces besoins. Le CargoX dispose d'un panier spacieux et d'une conception ax\u00e9e sur la s\u00e9curit\u00e9, avec notamment une bonne visibilit\u00e9 gr\u00e2ce \u00e0 des feux de jour \u00e0 LED, des clignotants et un feu stop.<\/p>\n<h3>2) Tu fais beaucoup de trajets \u2018 courts et intenses \u2019 en ville<\/h3>\n<p>De nombreux trajets urbains se composent de courts trajets : aller \u00e0 l'\u00e9cole, \u00e0 la cr\u00e8che, au supermarch\u00e9, au point de retrait de colis, au club de sport. La difficult\u00e9 ne r\u00e9side pas dans la distance, mais dans le fait de s'arr\u00eater, de se garer, de charger ses courses et de repartir.<\/p>\n<p>Un v\u00e9lo cargo permet de gagner du temps, car on n'a plus \u00e0 se creuser la t\u00eate avec les sacs, les si\u00e8ges enfants et la r\u00e9partition des charges. Il suffit de garer le v\u00e9lo de mani\u00e8re stable, de le charger en un seul geste, et c'est parti.<\/p>\n<h3>3) Vous utilisez le v\u00e9lo pour vous rendre au travail et vous souhaitez un moyen de transport qui vous mette en valeur<\/h3>\n<p>Pour les entrepreneurs, l'image compte. Un v\u00e9lo cargo peut imm\u00e9diatement donner une impression de \u201c professionnalisme \u201d, surtout si vous vous rendez souvent chez des clients ou sur des sites avec du mat\u00e9riel.<\/p>\n<p>Le CargoX a \u00e9t\u00e9 con\u00e7u pour un usage intensif, avec des d\u00e9tails qui font toute la diff\u00e9rence au quotidien. Citons notamment une transmission par courroie n\u00e9cessitant peu d'entretien (Gates CDX), des pneus robustes offrant une adh\u00e9rence accrue et un \u00e9clairage qui vous rend visible dans la circulation dense.<\/p>\n<p>Si vous souhaitez en savoir plus sur les aspects professionnels du CargoX, vous trouverez ses principales caract\u00e9ristiques sur la page du <a href=\"https:\/\/stoerbikes.com\/fr\/produit\/cargox\/\">V\u00e9lo cargo CargoX<\/a>.<\/p>\n<h3>4) Tu as besoin de stabilit\u00e9 lors du chargement<\/h3>\n<p>Un v\u00e9lo \u00e9lectrique surcharg\u00e9 au niveau du porte-bagages arri\u00e8re ou dans les sacoches lat\u00e9rales peut avoir tendance \u00e0 \u201c tanguer \u201d. Surtout dans les virages, sur les rails de tramway ou par vent fort. Non seulement c'est inconfortable, mais cela peut aussi donner une impression d'ins\u00e9curit\u00e9.<\/p>\n<p>Sur un v\u00e9lo cargo, le centre de gravit\u00e9 est diff\u00e9rent. Le CargoX est con\u00e7u pour garantir une conduite stable, m\u00eame lorsque la caisse est pleine.<\/p>\n<h2>Guide d'achat : quand opter pour un v\u00e9lo cargo CargoX ?<\/h2>\n<p>Ce tableau vous aide \u00e0 d\u00e9terminer rapidement quelle option est g\u00e9n\u00e9ralement la plus avantageuse dans votre situation. Consid\u00e9rez-le comme une indication ; ce sont vos trajets quotidiens et ce que vous emportez r\u00e9ellement qui sont d\u00e9terminants.<\/p>\n<table>\n<thead>\n<tr>\n<th>Situation<\/th>\n<th>En g\u00e9n\u00e9ral, c'est mieux : le v\u00e9lo \u00e9lectrique<\/th>\n<th>G\u00e9n\u00e9ralement un meilleur choix : le v\u00e9lo cargo CargoX<\/th>\n<\/tr>\n<\/thead>\n<tbody>\n<tr>\n<td>Aller-retour domicile-travail avec un ordinateur portable et un manteau<\/td>\n<td>Oui<\/td>\n<td>Uniquement si vous transportez \u00e9galement des marchandises ou effectuez des livraisons<\/td>\n<\/tr>\n<tr>\n<td>2 enfants + courses<\/td>\n<td>Uniquement au prix de nombreux compromis<\/td>\n<td>Oui, pr\u00e9vu pour ce m\u00e9lange<\/td>\n<\/tr>\n<tr>\n<td>Chargement et d\u00e9chargement quotidiens aux arr\u00eats<\/td>\n<td>C'est possible, mais c'est souvent compliqu\u00e9<\/td>\n<td>Oui, gr\u00e2ce \u00e0 sa stabilit\u00e9 et \u00e0 son volume de cuisson<\/td>\n<\/tr>\n<tr>\n<td>Travail : outils, caisses, colis<\/td>\n<td>\u00c0 condition qu'il soit l\u00e9ger et compact<\/td>\n<td>Oui, surtout lorsqu'il s'agit de chargements lourds ou volumineux<\/td>\n<\/tr>\n<tr>\n<td>Espace de rangement limit\u00e9 ou couloir \u00e9troit<\/td>\n<td>Oui<\/td>\n<td>\u00c0 condition de bien organiser le stockage<\/td>\n<\/tr>\n<\/tbody>\n<\/table>\n<h2>Famille : v\u00e9lo cargo ou v\u00e9lo \u00e9lectrique avec si\u00e8ges pour enfants ?<\/h2>\n<p>Un v\u00e9lo \u00e9lectrique \u00e9quip\u00e9 d'un ou deux si\u00e8ges enfants peut tr\u00e8s bien convenir si vos trajets sont courts et que vous n'avez pas beaucoup de bagages suppl\u00e9mentaires. D\u00e8s que vous devez \u00e9galement transporter des courses, des cartables ou une poussette, l'espace se fait vite rare. Il ne s'agit alors plus seulement de place, mais aussi de visibilit\u00e9 et de s\u00e9r\u00e9nit\u00e9.<\/p>\n<p>Avec un v\u00e9lo cargo, le v\u00e9lo reste \u201c un tout \u201d. Les enfants sont assis devant vous, vous voyez ce qui se passe, et vous pouvez ranger vos affaires dans le coffre sans que tout soit accroch\u00e9 \u00e0 votre guidon.<\/p>\n<p>Pour les si\u00e8ges enfants et les solutions de s\u00e9curit\u00e9, il peut \u00eatre utile de se tourner vers un sp\u00e9cialiste tel que <a href=\"https:\/\/www.urbaniki.com\/\" rel=\"nofollow\">Urban Iki<\/a>. Cela est particuli\u00e8rement utile si vous vous demandez encore comment optimiser l'utilisation de votre v\u00e9lo \u00e9lectrique avant de passer \u00e0 un v\u00e9lo cargo.<\/p>\n<h3>Questions pratiques que les parents peuvent se poser<\/h3>\n<ul>\n<li>\u00c0 quelle fr\u00e9quence est-ce que je transporte \u00e0 la fois les enfants et les courses en un seul trajet ?<\/li>\n<li>Dois-je r\u00e9guli\u00e8rement transporter des objets volumineux (sac de sport, instrument de musique, colis) ?<\/li>\n<li>Mon v\u00e9lo \u00e9lectrique reste-t-il stable malgr\u00e9 le vent et le poids ?<\/li>\n<li>Est-ce que je souhaite r\u00e9duire mes trajets en voiture sur de courtes distances ?<\/li>\n<\/ul>\n<h2>Entrepreneurs : du \u201c v\u00e9lo \u201d \u00e0 la solution logistique<\/h2>\n<p>Pour les entrepreneurs, le choix est souvent \u00e9tonnamment rationnel. Il s'agit du nombre de trajets par jour, du nombre d'arr\u00eats par trajet et de la fr\u00e9quence \u00e0 laquelle on se retrouve les mains pleines. Si votre travail n\u00e9cessite des d\u00e9placements r\u00e9guliers, un v\u00e9lo cargo n'est pas un choix de mode de vie, mais un outil de travail.<\/p>\n<p>Le CargoX a \u00e9t\u00e9 con\u00e7u pour r\u00e9pondre aux besoins des entrepreneurs, avec une benne dont les dimensions sont adapt\u00e9es \u00e0 divers secteurs d'activit\u00e9. Gr\u00e2ce \u00e0 sa construction robuste, \u00e0 sa bonne visibilit\u00e9 sur la route et \u00e0 son syst\u00e8me de transmission n\u00e9cessitant peu d'entretien, il est parfaitement adapt\u00e9 \u00e0 une utilisation intensive.<\/p>\n<h3>Pourquoi un CargoX est souvent plus adapt\u00e9 qu'un v\u00e9lo \u00e9lectrique dans votre entreprise<\/h3>\n<ul>\n<li>Vous transportez des caisses, des colis ou des outils qui ne rentrent pas en toute s\u00e9curit\u00e9 dans des sacs.<\/li>\n<li>Vous souhaitez \u00eatre moins d\u00e9pendant des places de stationnement et des zones de chargement\/d\u00e9chargement.<\/li>\n<li>Vous effectuez plusieurs trajets par jour et souhaitez que vos temps de trajet en ville soient pr\u00e9visibles.<\/li>\n<li>Votre marque ou votre image n\u00e9cessite une solution soign\u00e9e et coh\u00e9rente.<\/li>\n<\/ul>\n<h2>Frais, assurance et \u201c tracas \u201d : ce qu\u2019il faut emporter<\/h2>\n<p>Le passage \u00e0 un v\u00e9lo cargo implique \u00e9galement d'adopter une vision r\u00e9aliste de son utilisation et des risques associ\u00e9s. Vous souhaitez savoir comment assurer votre v\u00e9lo, ce qu'implique la pr\u00e9vention contre le vol et comment couvrir les dommages li\u00e9s \u00e0 une utilisation quotidienne.<\/p>\n<p>D\u00e9couvrez donc comment STOER Bikes s'y prend en consultant la page consacr\u00e9e \u00e0 <a href=\"https:\/\/stoerbikes.com\/fr\/lassurance\/\">assurance pour votre e-bike ou v\u00e9lo cargo<\/a>. Cela est particuli\u00e8rement important si vous utilisez votre v\u00e9lo de mani\u00e8re intensive ou si vous transportez r\u00e9guli\u00e8rement des objets de valeur.<\/p>\n<h3>Espace de stationnement : un facteur d\u00e9cisif souvent n\u00e9glig\u00e9<\/h3>\n<p>Un v\u00e9lo cargo prend plus de place. Cela semble logique, mais c'est ce qui d\u00e9termine, dans la pratique, si cela vous convient. Si vous devez chaque jour faire passer le v\u00e9lo dans un couloir \u00e9troit, un v\u00e9lo \u00e9lectrique pourrait s'av\u00e9rer plus pratique.<\/p>\n<p>Disposez-vous d'un d\u00e9barras, d'un jardin, d'un large portail ou d'un emplacement pratique pour vous garer pr\u00e8s de chez vous ou au travail ? Dans ce cas, cet inconv\u00e9nient s'estompe rapidement et c'est la commodit\u00e9 d'un moyen de transport \u00ab tout-en-un \u00bb qui l'emporte.<\/p>\n<h2>Le petit test : faut-il opter pour un CargoX maintenant ou plus tard ?<\/h2>\n<p>Vous h\u00e9sitez encore ? Faites ce petit test. Si vous r\u00e9pondez \u201c oui \u201d \u00e0 au moins trois questions, un CargoX n'est g\u00e9n\u00e9ralement pas superflu.<\/p>\n<ul>\n<li>Chaque semaine, je transporte des enfants et des affaires suppl\u00e9mentaires au cours du m\u00eame trajet.<\/li>\n<li>Je fais souvent des courses ou des trajets pour lesquels le volume prime sur la vitesse.<\/li>\n<li>J'utilise mon v\u00e9lo (\u00e9galement) \u00e0 des fins professionnelles ou pour effectuer des livraisons r\u00e9guli\u00e8res.<\/li>\n<li>Je souhaite r\u00e9duire le nombre de trajets en voiture en ville, sans stress logistique.<\/li>\n<li>Je recherche davantage de stabilit\u00e9 et de ma\u00eetrise que ce que m'offre actuellement mon v\u00e9lo \u00e9lectrique.<\/li>\n<\/ul>\n<h2>Une prochaine \u00e9tape tranquille<\/h2>\n<p>Si vous pensez qu'un v\u00e9lo cargo vous conviendrait mieux, il est utile de ne pas vous limiter aux caract\u00e9ristiques techniques, mais de r\u00e9fl\u00e9chir \u00e0 votre quotidien : quels trajets souhaitez-vous regrouper, que comptez-vous transporter et o\u00f9 garerez-vous votre v\u00e9lo ? Sur la page <a href=\"https:\/\/stoerbikes.com\/fr\/velos\/\">tous les mod\u00e8les de STOER Bikes<\/a> vous pouvez comparer tranquillement les offres pour trouver celle qui correspond \u00e0 votre utilisation.<\/p>\n<p>Si vous souhaitez ensuite b\u00e9n\u00e9ficier de conseils personnalis\u00e9s adapt\u00e9s \u00e0 votre situation familiale ou \u00e0 vos trajets professionnels, prenez rendez-vous pour un essai ou posez vos questions aupr\u00e8s d'un concessionnaire. Vous verrez alors en un seul trajet si le CargoX facilite r\u00e9ellement votre logistique quotidienne.<\/p>","protected":false},"excerpt":{"rendered":"<p>De keuze die je pas voelt als je week druk wordt Een e-bike is voor veel mensen het perfecte \u201calleskunner\u201d-vervoer: snel, wendbaar en je parkeert \u2019m overal. Tot je merkt dat je ritten niet alleen om jou draaien, maar om spullen, kinderen, werkmateriaal of leveringen. Dan verandert de vraag van \u201cwelke fiets fietst lekker?\u201d naar [&hellip;]<\/p>\n","protected":false},"author":15,"featured_media":0,"comment_status":"closed","ping_status":"closed","sticky":false,"template":"","format":"standard","meta":{"_acf_changed":false,"footnotes":""},"categories":[1],"tags":[],"class_list":["post-10980","post","type-post","status-publish","format-standard","hentry","category-algemeen"],"acf":[],"yoast_head":"<!-- This site is optimized with the Yoast SEO Premium plugin v28.3 (Yoast SEO v28.3) - https:\/\/yoast.com\/product\/yoast-seo-premium-wordpress\/ -->\n<title>Bakfiets of e-bike? Zo maak je de juiste keuze<\/title>\n<meta name=\"description\" content=\"Bakfiets of e-bike kiezen? Vergelijk ruimte, kinderen, bagage, stabiliteit en dagelijks gebruik en ontdek wanneer een bakfiets slimmer is.\" \/>\n<meta name=\"robots\" content=\"index, follow, max-snippet:-1, max-image-preview:large, max-video-preview:-1\" \/>\n<link rel=\"canonical\" href=\"https:\/\/stoerbikes.com\/fr\/quand-faut-il-opter-pour-un-velo-cargo-cargox-plutot-que-pour-un-velo-electrique\/\" \/>\n<meta property=\"og:locale\" content=\"fr_FR\" \/>\n<meta property=\"og:type\" content=\"article\" \/>\n<meta property=\"og:title\" content=\"Wanneer kiezen voor CargoX bakfiets in plaats van e-bike?\" \/>\n<meta property=\"og:description\" content=\"Bakfiets of e-bike kiezen? Vergelijk ruimte, kinderen, bagage, stabiliteit en dagelijks gebruik en ontdek wanneer een bakfiets slimmer is.\" \/>\n<meta property=\"og:url\" content=\"https:\/\/stoerbikes.com\/fr\/quand-faut-il-opter-pour-un-velo-cargo-cargox-plutot-que-pour-un-velo-electrique\/\" \/>\n<meta property=\"og:site_name\" content=\"STOER Bikes\" \/>\n<meta property=\"article:publisher\" content=\"https:\/\/facebook.com\/stoerbikes\" \/>\n<meta property=\"article:published_time\" content=\"2026-07-28T08:15:00+00:00\" \/>\n<meta property=\"article:modified_time\" content=\"2026-08-17T09:36:09+00:00\" \/>\n<meta property=\"og:image\" content=\"https:\/\/stoerbikes.com\/wp-content\/uploads\/2024\/05\/image00001-9-scaled.jpeg\" \/>\n\t<meta property=\"og:image:width\" content=\"2560\" \/>\n\t<meta property=\"og:image:height\" content=\"1708\" \/>\n\t<meta property=\"og:image:type\" content=\"image\/jpeg\" \/>\n<meta name=\"author\" content=\"Authora\" \/>\n<meta name=\"twitter:card\" content=\"summary_large_image\" \/>\n<meta name=\"twitter:label1\" content=\"\u00c9crit par\" \/>\n\t<meta name=\"twitter:data1\" content=\"Authora\" \/>\n\t<meta name=\"twitter:label2\" content=\"Dur\u00e9e de lecture estim\u00e9e\" \/>\n\t<meta name=\"twitter:data2\" content=\"15 minutes\" \/>\n<script type=\"application\/ld+json\" class=\"yoast-schema-graph\">{\"@context\":\"https:\\\/\\\/schema.org\",\"@graph\":[{\"@type\":[\"Article\",\"BlogPosting\"],\"@id\":\"https:\\\/\\\/stoerbikes.com\\\/wanneer-kiezen-voor-cargox-bakfiets-in-plaats-van-e-bike\\\/#article\",\"isPartOf\":{\"@id\":\"https:\\\/\\\/stoerbikes.com\\\/wanneer-kiezen-voor-cargox-bakfiets-in-plaats-van-e-bike\\\/\"},\"author\":{\"name\":\"Authora\",\"@id\":\"https:\\\/\\\/stoerbikes.com\\\/#\\\/schema\\\/person\\\/7502f1423bafa2e4416618b40206f8ff\"},\"headline\":\"Wanneer kiezen voor CargoX bakfiets in plaats van e-bike?\",\"datePublished\":\"2026-07-28T08:15:00+00:00\",\"dateModified\":\"2026-08-17T09:36:09+00:00\",\"mainEntityOfPage\":{\"@id\":\"https:\\\/\\\/stoerbikes.com\\\/wanneer-kiezen-voor-cargox-bakfiets-in-plaats-van-e-bike\\\/\"},\"wordCount\":1466,\"publisher\":{\"@id\":\"https:\\\/\\\/stoerbikes.com\\\/#organization\"},\"articleSection\":[\"Algemeen\"],\"inLanguage\":\"fr-FR\"},{\"@type\":\"WebPage\",\"@id\":\"https:\\\/\\\/stoerbikes.com\\\/wanneer-kiezen-voor-cargox-bakfiets-in-plaats-van-e-bike\\\/\",\"url\":\"https:\\\/\\\/stoerbikes.com\\\/wanneer-kiezen-voor-cargox-bakfiets-in-plaats-van-e-bike\\\/\",\"name\":\"Bakfiets of e-bike? Zo maak je de juiste keuze\",\"isPartOf\":{\"@id\":\"https:\\\/\\\/stoerbikes.com\\\/#website\"},\"datePublished\":\"2026-07-28T08:15:00+00:00\",\"dateModified\":\"2026-08-17T09:36:09+00:00\",\"description\":\"Bakfiets of e-bike kiezen? Vergelijk ruimte, kinderen, bagage, stabiliteit en dagelijks gebruik en ontdek wanneer een bakfiets slimmer is.\",\"breadcrumb\":{\"@id\":\"https:\\\/\\\/stoerbikes.com\\\/wanneer-kiezen-voor-cargox-bakfiets-in-plaats-van-e-bike\\\/#breadcrumb\"},\"inLanguage\":\"fr-FR\",\"potentialAction\":[{\"@type\":\"ReadAction\",\"target\":[\"https:\\\/\\\/stoerbikes.com\\\/wanneer-kiezen-voor-cargox-bakfiets-in-plaats-van-e-bike\\\/\"]}]},{\"@type\":\"BreadcrumbList\",\"@id\":\"https:\\\/\\\/stoerbikes.com\\\/wanneer-kiezen-voor-cargox-bakfiets-in-plaats-van-e-bike\\\/#breadcrumb\",\"itemListElement\":[{\"@type\":\"ListItem\",\"position\":1,\"name\":\"Home\",\"item\":\"https:\\\/\\\/stoerbikes.com\\\/\"},{\"@type\":\"ListItem\",\"position\":2,\"name\":\"Wanneer kiezen voor CargoX bakfiets in plaats van e-bike?\"}]},{\"@type\":\"WebSite\",\"@id\":\"https:\\\/\\\/stoerbikes.com\\\/#website\",\"url\":\"https:\\\/\\\/stoerbikes.com\\\/\",\"name\":\"STOER Bikes\",\"description\":\"\",\"publisher\":{\"@id\":\"https:\\\/\\\/stoerbikes.com\\\/#organization\"},\"potentialAction\":[{\"@type\":\"SearchAction\",\"target\":{\"@type\":\"EntryPoint\",\"urlTemplate\":\"https:\\\/\\\/stoerbikes.com\\\/?s={search_term_string}\"},\"query-input\":{\"@type\":\"PropertyValueSpecification\",\"valueRequired\":true,\"valueName\":\"search_term_string\"}}],\"inLanguage\":\"fr-FR\"},{\"@type\":\"Organization\",\"@id\":\"https:\\\/\\\/stoerbikes.com\\\/#organization\",\"name\":\"STOER Bikes\",\"url\":\"https:\\\/\\\/stoerbikes.com\\\/\",\"logo\":{\"@type\":\"ImageObject\",\"inLanguage\":\"fr-FR\",\"@id\":\"https:\\\/\\\/stoerbikes.com\\\/#\\\/schema\\\/logo\\\/image\\\/\",\"url\":\"https:\\\/\\\/stoerbikes.com\\\/wp-content\\\/uploads\\\/2026\\\/01\\\/Logo-STOER.png\",\"contentUrl\":\"https:\\\/\\\/stoerbikes.com\\\/wp-content\\\/uploads\\\/2026\\\/01\\\/Logo-STOER.png\",\"width\":1580,\"height\":303,\"caption\":\"STOER Bikes\"},\"image\":{\"@id\":\"https:\\\/\\\/stoerbikes.com\\\/#\\\/schema\\\/logo\\\/image\\\/\"},\"sameAs\":[\"https:\\\/\\\/facebook.com\\\/stoerbikes\",\"https:\\\/\\\/www.instagram.com\\\/stoerbikes\",\"https:\\\/\\\/www.linkedin.com\\\/company\\\/stoerbikes\\\/\",\"https:\\\/\\\/www.tiktok.com\\\/@stoerbikes\",\"https:\\\/\\\/www.youtube.com\\\/channel\\\/UCMBW5py6Mfoj1GNaRokv17g\"]},{\"@type\":\"Person\",\"@id\":\"https:\\\/\\\/stoerbikes.com\\\/#\\\/schema\\\/person\\\/7502f1423bafa2e4416618b40206f8ff\",\"name\":\"Authora\",\"image\":{\"@type\":\"ImageObject\",\"inLanguage\":\"fr-FR\",\"@id\":\"https:\\\/\\\/secure.gravatar.com\\\/avatar\\\/d58fc5f5a46da799c1b1d64215cb0da01fa53300a2b1867b577bac857324b89a?s=96&d=mm&r=g\",\"url\":\"https:\\\/\\\/secure.gravatar.com\\\/avatar\\\/d58fc5f5a46da799c1b1d64215cb0da01fa53300a2b1867b577bac857324b89a?s=96&d=mm&r=g\",\"contentUrl\":\"https:\\\/\\\/secure.gravatar.com\\\/avatar\\\/d58fc5f5a46da799c1b1d64215cb0da01fa53300a2b1867b577bac857324b89a?s=96&d=mm&r=g\",\"caption\":\"Authora\"}}]}<\/script>\n<!-- \/ Yoast SEO Premium plugin. -->","yoast_head_json":{"title":"V\u00e9lo cargo ou v\u00e9lo \u00e9lectrique ? Comment faire le bon choix","description":"Faut-il choisir un v\u00e9lo cargo ou un v\u00e9lo \u00e9lectrique ? Comparez l'espace disponible, les enfants, les bagages, la stabilit\u00e9 et l'utilisation quotidienne, et d\u00e9couvrez dans quels cas un v\u00e9lo cargo est plus judicieux.","robots":{"index":"index","follow":"follow","max-snippet":"max-snippet:-1","max-image-preview":"max-image-preview:large","max-video-preview":"max-video-preview:-1"},"canonical":"https:\/\/stoerbikes.com\/fr\/quand-faut-il-opter-pour-un-velo-cargo-cargox-plutot-que-pour-un-velo-electrique\/","og_locale":"fr_FR","og_type":"article","og_title":"Wanneer kiezen voor CargoX bakfiets in plaats van e-bike?","og_description":"Bakfiets of e-bike kiezen? Vergelijk ruimte, kinderen, bagage, stabiliteit en dagelijks gebruik en ontdek wanneer een bakfiets slimmer is.","og_url":"https:\/\/stoerbikes.com\/fr\/quand-faut-il-opter-pour-un-velo-cargo-cargox-plutot-que-pour-un-velo-electrique\/","og_site_name":"STOER Bikes","article_publisher":"https:\/\/facebook.com\/stoerbikes","article_published_time":"2026-07-28T08:15:00+00:00","article_modified_time":"2026-08-17T09:36:09+00:00","og_image":[{"width":2560,"height":1708,"url":"https:\/\/stoerbikes.com\/wp-content\/uploads\/2024\/05\/image00001-9-scaled.jpeg","type":"image\/jpeg"}],"author":"Authora","twitter_card":"summary_large_image","twitter_misc":{"\u00c9crit par":"Authora","Dur\u00e9e de lecture estim\u00e9e":"15 minutes"},"schema":{"@context":"https:\/\/schema.org","@graph":[{"@type":["Article","BlogPosting"],"@id":"https:\/\/stoerbikes.com\/wanneer-kiezen-voor-cargox-bakfiets-in-plaats-van-e-bike\/#article","isPartOf":{"@id":"https:\/\/stoerbikes.com\/wanneer-kiezen-voor-cargox-bakfiets-in-plaats-van-e-bike\/"},"author":{"name":"Authora","@id":"https:\/\/stoerbikes.com\/#\/schema\/person\/7502f1423bafa2e4416618b40206f8ff"},"headline":"Wanneer kiezen voor CargoX bakfiets in plaats van e-bike?","datePublished":"2026-07-28T08:15:00+00:00","dateModified":"2026-08-17T09:36:09+00:00","mainEntityOfPage":{"@id":"https:\/\/stoerbikes.com\/wanneer-kiezen-voor-cargox-bakfiets-in-plaats-van-e-bike\/"},"wordCount":1466,"publisher":{"@id":"https:\/\/stoerbikes.com\/#organization"},"articleSection":["Algemeen"],"inLanguage":"fr-FR"},{"@type":"WebPage","@id":"https:\/\/stoerbikes.com\/wanneer-kiezen-voor-cargox-bakfiets-in-plaats-van-e-bike\/","url":"https:\/\/stoerbikes.com\/wanneer-kiezen-voor-cargox-bakfiets-in-plaats-van-e-bike\/","name":"V\u00e9lo cargo ou v\u00e9lo \u00e9lectrique ? Comment faire le bon choix","isPartOf":{"@id":"https:\/\/stoerbikes.com\/#website"},"datePublished":"2026-07-28T08:15:00+00:00","dateModified":"2026-08-17T09:36:09+00:00","description":"Faut-il choisir un v\u00e9lo cargo ou un v\u00e9lo \u00e9lectrique ? Comparez l'espace disponible, les enfants, les bagages, la stabilit\u00e9 et l'utilisation quotidienne, et d\u00e9couvrez dans quels cas un v\u00e9lo cargo est plus judicieux.","breadcrumb":{"@id":"https:\/\/stoerbikes.com\/wanneer-kiezen-voor-cargox-bakfiets-in-plaats-van-e-bike\/#breadcrumb"},"inLanguage":"fr-FR","potentialAction":[{"@type":"ReadAction","target":["https:\/\/stoerbikes.com\/wanneer-kiezen-voor-cargox-bakfiets-in-plaats-van-e-bike\/"]}]},{"@type":"BreadcrumbList","@id":"https:\/\/stoerbikes.com\/wanneer-kiezen-voor-cargox-bakfiets-in-plaats-van-e-bike\/#breadcrumb","itemListElement":[{"@type":"ListItem","position":1,"name":"Home","item":"https:\/\/stoerbikes.com\/"},{"@type":"ListItem","position":2,"name":"Wanneer kiezen voor CargoX bakfiets in plaats van e-bike?"}]},{"@type":"WebSite","@id":"https:\/\/stoerbikes.com\/#website","url":"https:\/\/stoerbikes.com\/","name":"STOER Bikes","description":"","publisher":{"@id":"https:\/\/stoerbikes.com\/#organization"},"potentialAction":[{"@type":"SearchAction","target":{"@type":"EntryPoint","urlTemplate":"https:\/\/stoerbikes.com\/?s={search_term_string}"},"query-input":{"@type":"PropertyValueSpecification","valueRequired":true,"valueName":"search_term_string"}}],"inLanguage":"fr-FR"},{"@type":"Organization","@id":"https:\/\/stoerbikes.com\/#organization","name":"STOER Bikes","url":"https:\/\/stoerbikes.com\/","logo":{"@type":"ImageObject","inLanguage":"fr-FR","@id":"https:\/\/stoerbikes.com\/#\/schema\/logo\/image\/","url":"https:\/\/stoerbikes.com\/wp-content\/uploads\/2026\/01\/Logo-STOER.png","contentUrl":"https:\/\/stoerbikes.com\/wp-content\/uploads\/2026\/01\/Logo-STOER.png","width":1580,"height":303,"caption":"STOER Bikes"},"image":{"@id":"https:\/\/stoerbikes.com\/#\/schema\/logo\/image\/"},"sameAs":["https:\/\/facebook.com\/stoerbikes","https:\/\/www.instagram.com\/stoerbikes","https:\/\/www.linkedin.com\/company\/stoerbikes\/","https:\/\/www.tiktok.com\/@stoerbikes","https:\/\/www.youtube.com\/channel\/UCMBW5py6Mfoj1GNaRokv17g"]},{"@type":"Person","@id":"https:\/\/stoerbikes.com\/#\/schema\/person\/7502f1423bafa2e4416618b40206f8ff","name":"Auteura","image":{"@type":"ImageObject","inLanguage":"fr-FR","@id":"https:\/\/secure.gravatar.com\/avatar\/d58fc5f5a46da799c1b1d64215cb0da01fa53300a2b1867b577bac857324b89a?s=96&d=mm&r=g","url":"https:\/\/secure.gravatar.com\/avatar\/d58fc5f5a46da799c1b1d64215cb0da01fa53300a2b1867b577bac857324b89a?s=96&d=mm&r=g","contentUrl":"https:\/\/secure.gravatar.com\/avatar\/d58fc5f5a46da799c1b1d64215cb0da01fa53300a2b1867b577bac857324b89a?s=96&d=mm&r=g","caption":"Authora"}}]}},"_links":{"self":[{"href":"https:\/\/stoerbikes.com\/fr\/wp-json\/wp\/v2\/posts\/10980","targetHints":{"allow":["GET"]}}],"collection":[{"href":"https:\/\/stoerbikes.com\/fr\/wp-json\/wp\/v2\/posts"}],"about":[{"href":"https:\/\/stoerbikes.com\/fr\/wp-json\/wp\/v2\/types\/post"}],"author":[{"embeddable":true,"href":"https:\/\/stoerbikes.com\/fr\/wp-json\/wp\/v2\/users\/15"}],"replies":[{"embeddable":true,"href":"https:\/\/stoerbikes.com\/fr\/wp-json\/wp\/v2\/comments?post=10980"}],"version-history":[{"count":3,"href":"https:\/\/stoerbikes.com\/fr\/wp-json\/wp\/v2\/posts\/10980\/revisions"}],"predecessor-version":[{"id":11138,"href":"https:\/\/stoerbikes.com\/fr\/wp-json\/wp\/v2\/posts\/10980\/revisions\/11138"}],"wp:attachment":[{"href":"https:\/\/stoerbikes.com\/fr\/wp-json\/wp\/v2\/media?parent=10980"}],"wp:term":[{"taxonomy":"category","embeddable":true,"href":"https:\/\/stoerbikes.com\/fr\/wp-json\/wp\/v2\/categories?post=10980"},{"taxonomy":"post_tag","embeddable":true,"href":"https:\/\/stoerbikes.com\/fr\/wp-json\/wp\/v2\/tags?post=10980"}],"curies":[{"name":"wp","href":"https:\/\/api.w.org\/{rel}","templated":true}]}}