{"id":10948,"date":"2026-07-20T11:30:00","date_gmt":"2026-07-20T09:30:00","guid":{"rendered":"https:\/\/stoerbikes.com\/nl\/?p=10948"},"modified":"2026-08-13T15:09:03","modified_gmt":"2026-08-13T13:09:03","slug":"installer-un-siege-enfant-sur-un-velo-electrique-urbanx","status":"publish","type":"post","link":"https:\/\/stoerbikes.com\/fr\/kinderzitje-monteren-op-urbanx-e-bike\/","title":{"rendered":"Installation d'un si\u00e8ge enfant sur un v\u00e9lo \u00e9lectrique UrbanX"},"content":{"rendered":"<h1>Installation d'un si\u00e8ge enfant sur un v\u00e9lo \u00e9lectrique UrbanX<\/h1>\n<p>Vous poss\u00e9dez un STOER UrbanX et souhaitez y installer un si\u00e8ge enfant, mais vous voulez \u00e9galement vous assurer que tout s'adapte parfaitement, que le si\u00e8ge est bien fix\u00e9 et qu'il reste s\u00fbr lors de vos trajets quotidiens en ville. L'UrbanX pr\u00e9sente quelques diff\u00e9rences pratiques par rapport aux autres v\u00e9los \u00e9lectriques : pensez notamment \u00e0 la g\u00e9om\u00e9trie du cadre, au choix entre un porte-bagages ou un montage sur le tube de selle, ainsi qu'\u00e0 l'espace autour de la roue arri\u00e8re.<\/p>\n<p>Ce guide vous aide, \u00e9tape par \u00e9tape, \u00e0 d\u00e9terminer quel type de si\u00e8ge enfant vous pouvez installer et comment le faire correctement et en toute s\u00e9curit\u00e9. Il s'agit ici de l'installation sur l'UrbanX ; nous ne nous attarderons pas sur les classements g\u00e9n\u00e9raux du type \u201c quel est le meilleur si\u00e8ge ? \u201d, mais nous nous concentrerons sur ce dont vous avez r\u00e9ellement besoin lors de l'installation.<\/p>\n<h2>Avant de commencer : v\u00e9rifie ceci sur ton UrbanX<\/h2>\n<p>Un bon montage commence par une br\u00e8ve v\u00e9rification de votre v\u00e9lo. Prenez 5 minutes pour v\u00e9rifier tout cela ; cela vous \u00e9vitera des soucis en cours de route.<\/p>\n<ul>\n<li><strong>Y a-t-il un porte-bagages ?<\/strong> Certains si\u00e8ges pour enfants doivent s'encliqueter sur un support pr\u00e9sentant une largeur et un diam\u00e8tre de tube sp\u00e9cifiques.<\/li>\n<li><strong>Type de cadre et espace au niveau du tube de selle<\/strong> (pour un montage sur le cadre) : il doit y avoir suffisamment d'espace libre pour le support et pour permettre \u00e0 vos jambes de se plier et de se d\u00e9plier pendant que vous p\u00e9dalez.<\/li>\n<li><strong>Type de frein<\/strong>: les freins \u00e0 disque n\u00e9cessitent souvent de pr\u00e9voir un peu plus d'espace au niveau de l'\u00e9trier, notamment en cas de montage sur support.<\/li>\n<li><strong>Dimensions des pneus et garde-boue<\/strong>: v\u00e9rifiez que les repose-pieds ne se trouvent pas \u00e0 proximit\u00e9 du pneu ou du garde-boue.<\/li>\n<li><strong>Poids maximal admissible<\/strong> pour le porte-bagages et le v\u00e9lo : le poids total de l'enfant, du si\u00e8ge et d'un \u00e9ventuel sac doit rester dans les limites autoris\u00e9es.<\/li>\n<\/ul>\n<p>Vous avez des doutes concernant la configuration de votre mod\u00e8le ? Consultez alors la rubrique <a href=\"https:\/\/stoerbikes.com\/fr\/produit\/urbanx-2026\/\">Caract\u00e9ristiques techniques du produit UrbanX<\/a> pour que vous sachiez de quel mod\u00e8le il s'agit.<\/p>\n<h2>Quel montage convient le mieux \u00e0 l'UrbanX ?<\/h2>\n<p>Les si\u00e8ges enfants arri\u00e8re se fixent g\u00e9n\u00e9ralement de deux fa\u00e7ons : sur le porte-bagages ou \u00e0 l'aide d'un support fix\u00e9 au tube de selle. L'UrbanX permet souvent les deux options, mais le meilleur choix d\u00e9pend de l'usage que vous en faites.<\/p>\n<h3>Montage du porte-bagages (changement plus rapide)<\/h3>\n<p>Un si\u00e8ge enfant \u00e0 fixation sur le cadre est pratique si vous souhaitez retirer r\u00e9guli\u00e8rement le si\u00e8ge ou l'utiliser sur un autre v\u00e9lo. Il se fixe g\u00e9n\u00e9ralement \u00e0 l'aide d'un adaptateur, ce qui permet, dans la pratique, de le changer plus rapidement.<\/p>\n<ul>\n<li>Avantage : g\u00e9n\u00e9ralement stable et \u201c plug-and-play \u201d si le support est compatible.<\/li>\n<li>Remarque : le support doit \u00eatre compatible avec le syst\u00e8me de votre si\u00e8ge.<\/li>\n<li>Point \u00e0 noter : v\u00e9rifiez le <em>charge admissible<\/em> du porte-b\u00e9b\u00e9, et pas seulement du si\u00e8ge.<\/li>\n<\/ul>\n<h3>Montage sur le tube de selle (souvent plus ind\u00e9pendant du type de v\u00e9lo)<\/h3>\n<p>Dans le cas d'un montage sur le cadre, un \u00e9trier se fixe autour du tube de selle. Cela peut \u00eatre pratique si votre porte-bagages n'est pas compatible avec un syst\u00e8me de fixation \u00e0 clip sp\u00e9cifique, ou si vous souhaitez laisser le porte-bagages libre pour y accrocher des sacoches.<\/p>\n<ul>\n<li>Avantage : moins d\u00e9pendant de la largeur du support et du diam\u00e8tre du tube.<\/li>\n<li>Point important : vous devez disposer d'un espace suffisant au niveau du tube de selle, sans que des c\u00e2bles ou des \u00e9l\u00e9ments de la batterie ne g\u00eanent le passage.<\/li>\n<li>Point \u00e0 noter : il faut \u00e9viter les points de pression sur les c\u00e2bles ou les dommages \u00e0 la peinture caus\u00e9s par le glissement du support.<\/li>\n<\/ul>\n<h2>Liste de contr\u00f4le : outils et pi\u00e8ces d\u00e9tach\u00e9es<\/h2>\n<p>Avec les bons outils, vous \u00e9viterez que les vis ne se d\u00e9vissent ou que le si\u00e8ge ne se torde.<\/p>\n<ul>\n<li>Cl\u00e9s Allen (g\u00e9n\u00e9ralement de 4 \u00e0 6 mm, selon la marque de la selle)<\/li>\n<li>Cl\u00e9 dynamom\u00e9trique (recommand\u00e9e) pour \u00e9viter un serrage trop fort ou trop l\u00e2che<\/li>\n<li>\u00c9ventuellement une cl\u00e9 Torx (certains adaptateurs utilisent des vis Torx)<\/li>\n<li>M\u00e8tre ruban ou pied \u00e0 coulisse (pour mesurer la largeur du support et le diam\u00e8tre du tube)<\/li>\n<li>Chiffon propre et d\u00e9graissant (pour les surfaces de contact)<\/li>\n<li>\u00c9ventuellement, un frein-filet (doux), uniquement si le fabricant l'autorise<\/li>\n<\/ul>\n<h2>\u00c9tape par \u00e9tape : installer un si\u00e8ge enfant sur le porte-bagages<\/h2>\n<p>Les \u00e9tapes pr\u00e9cises varient selon les marques, mais l'ordre est presque toujours le m\u00eame. Consultez le mode d'emploi de votre si\u00e8ge auto ; c'est lui qui fait autorit\u00e9.<\/p>\n<h3>1) V\u00e9rifiez que votre support est compatible<\/h3>\n<p>Mesurez la largeur du porte-b\u00e9b\u00e9 et v\u00e9rifiez que l'adaptateur ou le rail du si\u00e8ge est compatible. Faites \u00e9galement attention \u00e0 la forme : certains porte-b\u00e9b\u00e9s sont inclin\u00e9s ou pr\u00e9sentent des renflements susceptibles de bloquer le syst\u00e8me d'enclenchement.<\/p>\n<h3>2) Fixez l'adaptateur ou la pince sur le support<\/h3>\n<p>Placez l'adaptateur bien au centre du support. Serrez en croix : serrez l\u00e9g\u00e8rement \u00e0 gauche, puis l\u00e9g\u00e8rement \u00e0 droite, avant de proc\u00e9der au serrage d\u00e9finitif. Vous \u00e9viterez ainsi que l'adaptateur ne se d\u00e9forme.<\/p>\n<h3>3) Installez le si\u00e8ge et verrouillez le syst\u00e8me<\/h3>\n<p>Enclenchez le si\u00e8ge dans l'adaptateur et v\u00e9rifiez que le verrouillage est bien en place. Tirez ensuite fermement sur le si\u00e8ge : vers l'arri\u00e8re, vers l'avant et sur les c\u00f4t\u00e9s. Vous ne devez sentir aucun jeu.<\/p>\n<h3>4) R\u00e9glez les repose-pieds et les ceintures de s\u00e9curit\u00e9<\/h3>\n<p>R\u00e9glez les repose-pieds de mani\u00e8re \u00e0 ce que les genoux ne soient pas trop hauts et que les pieds ne risquent pas d'entrer en contact avec les rayons, le pneu ou le garde-boue. R\u00e9glez les ceintures \u00e0 une hauteur permettant \u00e0 votre enfant de s'asseoir bien droit sans pouvoir glisser hors du harnais.<\/p>\n<h3>5) Petit essai routier sans enfant<\/h3>\n<p>Faites un tour de 2 \u00e0 3 minutes. Freinez plusieurs fois \u00e0 fond, passez sur un ralentisseur et \u00e9coutez si vous entendez des craquements ou des cliquetis. V\u00e9rifiez ensuite une derni\u00e8re fois tous les boulons.<\/p>\n<h2>\u00c9tape par \u00e9tape : installation d'un si\u00e8ge enfant avec arceau de fixation<\/h2>\n<p>Le montage sur cadre n\u00e9cessite un peu plus d'attention en mati\u00e8re d'alignement et d'espace autour du tube de selle, mais le r\u00e9sultat peut \u00eatre tr\u00e8s stable.<\/p>\n<h3>1) D\u00e9terminez l'emplacement sur le tube de selle<\/h3>\n<p>Le support doit se fixer sur une partie droite du tube de selle. Veillez \u00e0 ne pas coincer de c\u00e2bles ou de tuyaux. Si des c\u00e2bles longent le tube de selle, ne les d\u00e9placez pas sans r\u00e9fl\u00e9chir ; v\u00e9rifiez d'abord s'il existe des guides ou des clips de fixation s\u00fbrs.<\/p>\n<h3>2) Prot\u00e9gez le cadre si n\u00e9cessaire<\/h3>\n<p>De nombreux syst\u00e8mes sont fournis avec une bande de protection ou une cale en caoutchouc. Utilisez-la. Elle emp\u00eache tout glissement et prot\u00e8ge la peinture, notamment en cas de pluie et de salissures.<\/p>\n<h3>3) Montez le support et serrez-le au couple prescrit<\/h3>\n<p>Serrez les vis de mani\u00e8re uniforme. Un serrage trop fort peut endommager le cadre ou la pince, tandis qu'un serrage trop faible entra\u00eene un jeu. Respectez les couples de serrage indiqu\u00e9s dans la notice d'utilisation du si\u00e8ge.<\/p>\n<h3>4) Accrochez le si\u00e8ge dans le support et v\u00e9rifiez l'espace libre<\/h3>\n<p>V\u00e9rifiez l'espace entre le v\u00e9lo et la roue arri\u00e8re, le garde-boue et le porte-bagages (le cas \u00e9ch\u00e9ant). Appuyez l\u00e9g\u00e8rement sur le v\u00e9lo (s'il est \u00e9quip\u00e9 d'une suspension) ou simulez une charge en vous asseyant bri\u00e8vement sur la selle. La selle ne doit heurter aucun \u00e9l\u00e9ment.<\/p>\n<h3>5) R\u00e9glage et essai routier<\/h3>\n<p>R\u00e9p\u00e9tez le m\u00eame essai qu\u2019avec le montage sur porte-b\u00e9b\u00e9. Faites particuli\u00e8rement attention aux \u201c oscillations \u201d du si\u00e8ge. Si vous sentez un mouvement, cela signifie souvent que la pince n\u2019est pas bien serr\u00e9e ou que le si\u00e8ge n\u2019est pas compl\u00e8tement verrouill\u00e9.<\/p>\n<h2>Erreurs courantes lors du montage d'UrbanX<\/h2>\n<p>La plupart des probl\u00e8mes ne sont pas dus au si\u00e8ge lui-m\u00eame, mais \u00e0 de petits choix de montage.<\/p>\n<ul>\n<li><strong>Serrer trop fort<\/strong>: commencez par aligner, puis serrez d\u00e9finitivement.<\/li>\n<li><strong>Accepter le jeu<\/strong>: \u201c un tout petit peu \u201d se transforme rapidement en un mouvement important sur les voyelles.<\/li>\n<li><strong>Repose-pieds trop bas<\/strong>: augmente le risque de heurter le garde-boue ou les prot\u00e8ge-rayons.<\/li>\n<li><strong>Ne pas v\u00e9rifier apr\u00e8s le premier trajet<\/strong>: un montage r\u00e9cent peut se tasser ; v\u00e9rifiez-le syst\u00e9matiquement apr\u00e8s 10 \u00e0 20 km.<\/li>\n<li><strong>Mauvaise combinaison entre le support et l'adaptateur<\/strong>: on entend bien le clic, mais il ne se verrouille pas compl\u00e8tement.<\/li>\n<\/ul>\n<h2>Guide de choix rapide : support ou fixation sur cadre ?<\/h2>\n<p>Ce tableau vous aide \u00e0 faire votre choix en fonction de votre utilisation quotidienne. Il ne s'agit pas d'une recommandation de marque, mais d'une aide pratique \u00e0 la d\u00e9cision.<\/p>\n<table>\n<thead>\n<tr>\n<th>Situation<\/th>\n<th>G\u00e9n\u00e9ralement pratique<\/th>\n<th>Pourquoi<\/th>\n<\/tr>\n<\/thead>\n<tbody>\n<tr>\n<td>Nettoyer ou changer souvent le si\u00e8ge<\/td>\n<td>Montage du porte-bagages<\/td>\n<td>Cliquer et changer plus rapidement<\/td>\n<\/tr>\n<tr>\n<td>Je ne sais pas si le support est compatible<\/td>\n<td>Montage du cadre<\/td>\n<td>Moins d\u00e9pendant de la taille du support<\/td>\n<\/tr>\n<tr>\n<td>Beaucoup de bagages \u00e0 l'arri\u00e8re<\/td>\n<td>Montage du cadre<\/td>\n<td>Le support reste libre pour les sacs\/caisses<\/td>\n<\/tr>\n<tr>\n<td>L'accent est mis sur le \u2018 minimalisme \u2019 et la compacit\u00e9<\/td>\n<td>Montage du porte-bagages<\/td>\n<td>Souvent un profil plus bas et des lignes plus \u00e9pur\u00e9es<\/td>\n<\/tr>\n<\/tbody>\n<\/table>\n<h2>Les contr\u00f4les de s\u00e9curit\u00e9 \u00e0 ne pas n\u00e9gliger<\/h2>\n<p>Un si\u00e8ge enfant est un dispositif de s\u00e9curit\u00e9. Faites de ces v\u00e9rifications une habitude, surtout si vous circulez quotidiennement dans un trafic dense.<\/p>\n<ul>\n<li><strong>Hebdomadaire<\/strong>: v\u00e9rifier le serrage des boulons, tester le syst\u00e8me de verrouillage, contr\u00f4ler l'\u00e9tat d'usure des ceintures de s\u00e9curit\u00e9.<\/li>\n<li><strong>Apr\u00e8s la pluie ou l'\u00e9pandage de sel de d\u00e9neigement<\/strong>: nettoyer les pinces et v\u00e9rifier \u00e0 nouveau qu'elles ne pr\u00e9sentent pas de rouille ou de sable incrust\u00e9.<\/li>\n<li><strong>Apr\u00e8s une chute ou un choc<\/strong>: inspecter imm\u00e9diatement le si\u00e8ge et les fixations ; le plastique peut pr\u00e9senter des microfissures.<\/li>\n<li><strong>Pour chaque trajet<\/strong>: attachez votre ceinture, maintenez vos pieds bien en place, et veillez \u00e0 ce qu'aucune veste ni aucun cordon ne se trouve pr\u00e8s de la roue arri\u00e8re.<\/li>\n<\/ul>\n<p>Pour obtenir des conseils g\u00e9n\u00e9raux sur la s\u00e9curit\u00e9 des enfants \u00e0 v\u00e9lo, vous pouvez \u00e9galement consulter les informations fournies par les pouvoirs publics, notamment la rubrique consacr\u00e9e \u00e0 la s\u00e9curit\u00e9 \u00e0 v\u00e9lo sur <a href=\"https:\/\/www.rijksoverheid.nl\/onderwerpen\/verkeersveiligheid\" rel=\"nofollow\">Gouvernement central<\/a>.<\/p>\n<h2>Conseils pratiques pour un confort optimal sur l'UrbanX<\/h2>\n<p>Une fois le si\u00e8ge bien fix\u00e9, vous pouvez encore am\u00e9liorer votre confort et celui de votre enfant gr\u00e2ce \u00e0 quelques petits r\u00e9glages.<\/p>\n<ul>\n<li><strong>Direction<\/strong>: avec un poids suppl\u00e9mentaire \u00e0 l'arri\u00e8re, le v\u00e9lo se comporte diff\u00e9remment. Prenez les virages plus larges et freinez plus t\u00f4t.<\/li>\n<li><strong>Pression des pneus<\/strong>: respectez la pression recommand\u00e9e ; si la pression est trop faible, le v\u00e9lo peut sembler instable avec un enfant \u00e0 l'arri\u00e8re.<\/li>\n<li><strong>Entr\u00e9e<\/strong>: entra\u00eenez-vous plusieurs fois \u00e0 monter et descendre en gardant un pied au sol, sans enfant.<\/li>\n<li><strong>Protection contre les intemp\u00e9ries<\/strong>: v\u00e9rifiez qu'une housse de pluie adapt\u00e9e \u00e0 votre si\u00e8ge ne bloque pas le feu arri\u00e8re.<\/li>\n<\/ul>\n<h2>Quand il vaut mieux me laisser jeter un \u0153il<\/h2>\n<p>Si vous avez des doutes concernant la compatibilit\u00e9 ou les limites de charge, ou si vous constatez un jeu ou des grincements que vous ne parvenez pas \u00e0 \u00e9liminer, faites v\u00e9rifier le montage. Cela vaut \u00e9galement si vous passez d'une fixation sur porte-bagages \u00e0 une fixation sur cadre, ou si vous disposez d'accessoires qui affectent l'espace autour du montage.<\/p>\n<p>Vous voulez vous assurer que votre configuration est adapt\u00e9e \u00e0 une utilisation quotidienne en famille sur l'UrbanX ? Consultez le <a href=\"https:\/\/stoerbikes.com\/fr\/boutique\/\">accessoires pour les v\u00e9los STOER<\/a> et v\u00e9rifiez \u00e9galement le <a href=\"https:\/\/stoerbikes.com\/fr\/#faq\">questions fr\u00e9quemment pos\u00e9es<\/a> pour obtenir des informations pratiques sur l'utilisation et l'entretien. Si vous pr\u00e9f\u00e9rez confier le montage ou le contr\u00f4le \u00e0 un sp\u00e9cialiste, vous pouvez via <a href=\"https:\/\/stoerbikes.com\/fr\/#dealers\">un revendeur STOER pr\u00e8s de chez vous<\/a> organiser facilement de l'aide.<\/p>","protected":false},"excerpt":{"rendered":"<p>Kinderzitje monteren op UrbanX e-bike Je hebt een STOER UrbanX en wilt er een kinderzitje op zetten, maar je wilt ook zeker weten dat alles past, stevig zit en veilig blijft in dagelijks stadsgebruik. Op de UrbanX zitten er een paar praktische verschillen ten opzichte van andere e-bikes: denk aan de geometrie van het frame, [&hellip;]<\/p>\n","protected":false},"author":15,"featured_media":0,"comment_status":"closed","ping_status":"closed","sticky":false,"template":"","format":"standard","meta":{"_acf_changed":false,"footnotes":""},"categories":[1],"tags":[],"class_list":["post-10948","post","type-post","status-publish","format-standard","hentry","category-algemeen"],"acf":[],"yoast_head":"<!-- This site is optimized with the Yoast SEO Premium plugin v28.3 (Yoast SEO v28.3) - https:\/\/yoast.com\/product\/yoast-seo-premium-wordpress\/ -->\n<title>Kinderzitje monteren op je e-bike UrbanX: stap voor stap<\/title>\n<meta name=\"description\" content=\"Benieuwd hoe je een kinderzitje op je UrbanX monteert? Lees stap voor stap hoe je kiest tussen drager en framebeugel, en het zitje veilig afstelt.\" \/>\n<meta name=\"robots\" content=\"index, follow, max-snippet:-1, max-image-preview:large, max-video-preview:-1\" \/>\n<link rel=\"canonical\" href=\"https:\/\/stoerbikes.com\/fr\/installer-un-siege-enfant-sur-un-velo-electrique-urbanx\/\" \/>\n<meta property=\"og:locale\" content=\"fr_FR\" \/>\n<meta property=\"og:type\" content=\"article\" \/>\n<meta property=\"og:title\" content=\"Kinderzitje monteren op UrbanX e-bike\" \/>\n<meta property=\"og:description\" content=\"Benieuwd hoe je een kinderzitje op je UrbanX monteert? Lees stap voor stap hoe je kiest tussen drager en framebeugel, en het zitje veilig afstelt.\" \/>\n<meta property=\"og:url\" content=\"https:\/\/stoerbikes.com\/fr\/installer-un-siege-enfant-sur-un-velo-electrique-urbanx\/\" \/>\n<meta property=\"og:site_name\" content=\"STOER Bikes\" \/>\n<meta property=\"article:publisher\" content=\"https:\/\/facebook.com\/stoerbikes\" \/>\n<meta property=\"article:published_time\" content=\"2026-07-20T09:30:00+00:00\" \/>\n<meta property=\"article:modified_time\" content=\"2026-08-13T13:09:03+00:00\" \/>\n<meta property=\"og:image\" content=\"https:\/\/stoerbikes.com\/wp-content\/uploads\/2024\/05\/image00001-9-scaled.jpeg\" \/>\n\t<meta property=\"og:image:width\" content=\"2560\" \/>\n\t<meta property=\"og:image:height\" content=\"1708\" \/>\n\t<meta property=\"og:image:type\" content=\"image\/jpeg\" \/>\n<meta name=\"author\" content=\"Authora\" \/>\n<meta name=\"twitter:card\" content=\"summary_large_image\" \/>\n<meta name=\"twitter:label1\" content=\"\u00c9crit par\" \/>\n\t<meta name=\"twitter:data1\" content=\"Authora\" \/>\n\t<meta name=\"twitter:label2\" content=\"Dur\u00e9e de lecture estim\u00e9e\" \/>\n\t<meta name=\"twitter:data2\" content=\"15 minutes\" \/>\n<script type=\"application\/ld+json\" class=\"yoast-schema-graph\">{\"@context\":\"https:\\\/\\\/schema.org\",\"@graph\":[{\"@type\":[\"Article\",\"BlogPosting\"],\"@id\":\"https:\\\/\\\/stoerbikes.com\\\/kinderzitje-monteren-op-urbanx-e-bike\\\/#article\",\"isPartOf\":{\"@id\":\"https:\\\/\\\/stoerbikes.com\\\/kinderzitje-monteren-op-urbanx-e-bike\\\/\"},\"author\":{\"name\":\"Authora\",\"@id\":\"https:\\\/\\\/stoerbikes.com\\\/#\\\/schema\\\/person\\\/7502f1423bafa2e4416618b40206f8ff\"},\"headline\":\"Kinderzitje monteren op UrbanX e-bike\",\"datePublished\":\"2026-07-20T09:30:00+00:00\",\"dateModified\":\"2026-08-13T13:09:03+00:00\",\"mainEntityOfPage\":{\"@id\":\"https:\\\/\\\/stoerbikes.com\\\/kinderzitje-monteren-op-urbanx-e-bike\\\/\"},\"wordCount\":1403,\"publisher\":{\"@id\":\"https:\\\/\\\/stoerbikes.com\\\/#organization\"},\"articleSection\":[\"Algemeen\"],\"inLanguage\":\"fr-FR\"},{\"@type\":\"WebPage\",\"@id\":\"https:\\\/\\\/stoerbikes.com\\\/kinderzitje-monteren-op-urbanx-e-bike\\\/\",\"url\":\"https:\\\/\\\/stoerbikes.com\\\/kinderzitje-monteren-op-urbanx-e-bike\\\/\",\"name\":\"Kinderzitje monteren op je e-bike UrbanX: stap voor stap\",\"isPartOf\":{\"@id\":\"https:\\\/\\\/stoerbikes.com\\\/#website\"},\"datePublished\":\"2026-07-20T09:30:00+00:00\",\"dateModified\":\"2026-08-13T13:09:03+00:00\",\"description\":\"Benieuwd hoe je een kinderzitje op je UrbanX monteert? Lees stap voor stap hoe je kiest tussen drager en framebeugel, en het zitje veilig afstelt.\",\"breadcrumb\":{\"@id\":\"https:\\\/\\\/stoerbikes.com\\\/kinderzitje-monteren-op-urbanx-e-bike\\\/#breadcrumb\"},\"inLanguage\":\"fr-FR\",\"potentialAction\":[{\"@type\":\"ReadAction\",\"target\":[\"https:\\\/\\\/stoerbikes.com\\\/kinderzitje-monteren-op-urbanx-e-bike\\\/\"]}]},{\"@type\":\"BreadcrumbList\",\"@id\":\"https:\\\/\\\/stoerbikes.com\\\/kinderzitje-monteren-op-urbanx-e-bike\\\/#breadcrumb\",\"itemListElement\":[{\"@type\":\"ListItem\",\"position\":1,\"name\":\"Home\",\"item\":\"https:\\\/\\\/stoerbikes.com\\\/\"},{\"@type\":\"ListItem\",\"position\":2,\"name\":\"Kinderzitje monteren op UrbanX e-bike\"}]},{\"@type\":\"WebSite\",\"@id\":\"https:\\\/\\\/stoerbikes.com\\\/#website\",\"url\":\"https:\\\/\\\/stoerbikes.com\\\/\",\"name\":\"STOER Bikes\",\"description\":\"\",\"publisher\":{\"@id\":\"https:\\\/\\\/stoerbikes.com\\\/#organization\"},\"potentialAction\":[{\"@type\":\"SearchAction\",\"target\":{\"@type\":\"EntryPoint\",\"urlTemplate\":\"https:\\\/\\\/stoerbikes.com\\\/?s={search_term_string}\"},\"query-input\":{\"@type\":\"PropertyValueSpecification\",\"valueRequired\":true,\"valueName\":\"search_term_string\"}}],\"inLanguage\":\"fr-FR\"},{\"@type\":\"Organization\",\"@id\":\"https:\\\/\\\/stoerbikes.com\\\/#organization\",\"name\":\"STOER Bikes\",\"url\":\"https:\\\/\\\/stoerbikes.com\\\/\",\"logo\":{\"@type\":\"ImageObject\",\"inLanguage\":\"fr-FR\",\"@id\":\"https:\\\/\\\/stoerbikes.com\\\/#\\\/schema\\\/logo\\\/image\\\/\",\"url\":\"https:\\\/\\\/stoerbikes.com\\\/wp-content\\\/uploads\\\/2026\\\/01\\\/Logo-STOER.png\",\"contentUrl\":\"https:\\\/\\\/stoerbikes.com\\\/wp-content\\\/uploads\\\/2026\\\/01\\\/Logo-STOER.png\",\"width\":1580,\"height\":303,\"caption\":\"STOER Bikes\"},\"image\":{\"@id\":\"https:\\\/\\\/stoerbikes.com\\\/#\\\/schema\\\/logo\\\/image\\\/\"},\"sameAs\":[\"https:\\\/\\\/facebook.com\\\/stoerbikes\",\"https:\\\/\\\/www.instagram.com\\\/stoerbikes\",\"https:\\\/\\\/www.linkedin.com\\\/company\\\/stoerbikes\\\/\",\"https:\\\/\\\/www.tiktok.com\\\/@stoerbikes\",\"https:\\\/\\\/www.youtube.com\\\/channel\\\/UCMBW5py6Mfoj1GNaRokv17g\"]},{\"@type\":\"Person\",\"@id\":\"https:\\\/\\\/stoerbikes.com\\\/#\\\/schema\\\/person\\\/7502f1423bafa2e4416618b40206f8ff\",\"name\":\"Authora\",\"image\":{\"@type\":\"ImageObject\",\"inLanguage\":\"fr-FR\",\"@id\":\"https:\\\/\\\/secure.gravatar.com\\\/avatar\\\/d58fc5f5a46da799c1b1d64215cb0da01fa53300a2b1867b577bac857324b89a?s=96&d=mm&r=g\",\"url\":\"https:\\\/\\\/secure.gravatar.com\\\/avatar\\\/d58fc5f5a46da799c1b1d64215cb0da01fa53300a2b1867b577bac857324b89a?s=96&d=mm&r=g\",\"contentUrl\":\"https:\\\/\\\/secure.gravatar.com\\\/avatar\\\/d58fc5f5a46da799c1b1d64215cb0da01fa53300a2b1867b577bac857324b89a?s=96&d=mm&r=g\",\"caption\":\"Authora\"}}]}<\/script>\n<!-- \/ Yoast SEO Premium plugin. -->","yoast_head_json":{"title":"Installer un si\u00e8ge enfant sur votre v\u00e9lo \u00e9lectrique UrbanX : \u00e9tape par \u00e9tape","description":"Vous vous demandez comment installer un si\u00e8ge enfant sur votre UrbanX ? D\u00e9couvrez, \u00e9tape par \u00e9tape, comment choisir entre un support et un arceau de fixation, et comment r\u00e9gler le si\u00e8ge en toute s\u00e9curit\u00e9.","robots":{"index":"index","follow":"follow","max-snippet":"max-snippet:-1","max-image-preview":"max-image-preview:large","max-video-preview":"max-video-preview:-1"},"canonical":"https:\/\/stoerbikes.com\/fr\/installer-un-siege-enfant-sur-un-velo-electrique-urbanx\/","og_locale":"fr_FR","og_type":"article","og_title":"Kinderzitje monteren op UrbanX e-bike","og_description":"Benieuwd hoe je een kinderzitje op je UrbanX monteert? Lees stap voor stap hoe je kiest tussen drager en framebeugel, en het zitje veilig afstelt.","og_url":"https:\/\/stoerbikes.com\/fr\/installer-un-siege-enfant-sur-un-velo-electrique-urbanx\/","og_site_name":"STOER Bikes","article_publisher":"https:\/\/facebook.com\/stoerbikes","article_published_time":"2026-07-20T09:30:00+00:00","article_modified_time":"2026-08-13T13:09:03+00:00","og_image":[{"width":2560,"height":1708,"url":"https:\/\/stoerbikes.com\/wp-content\/uploads\/2024\/05\/image00001-9-scaled.jpeg","type":"image\/jpeg"}],"author":"Authora","twitter_card":"summary_large_image","twitter_misc":{"\u00c9crit par":"Authora","Dur\u00e9e de lecture estim\u00e9e":"15 minutes"},"schema":{"@context":"https:\/\/schema.org","@graph":[{"@type":["Article","BlogPosting"],"@id":"https:\/\/stoerbikes.com\/kinderzitje-monteren-op-urbanx-e-bike\/#article","isPartOf":{"@id":"https:\/\/stoerbikes.com\/kinderzitje-monteren-op-urbanx-e-bike\/"},"author":{"name":"Authora","@id":"https:\/\/stoerbikes.com\/#\/schema\/person\/7502f1423bafa2e4416618b40206f8ff"},"headline":"Kinderzitje monteren op UrbanX e-bike","datePublished":"2026-07-20T09:30:00+00:00","dateModified":"2026-08-13T13:09:03+00:00","mainEntityOfPage":{"@id":"https:\/\/stoerbikes.com\/kinderzitje-monteren-op-urbanx-e-bike\/"},"wordCount":1403,"publisher":{"@id":"https:\/\/stoerbikes.com\/#organization"},"articleSection":["Algemeen"],"inLanguage":"fr-FR"},{"@type":"WebPage","@id":"https:\/\/stoerbikes.com\/kinderzitje-monteren-op-urbanx-e-bike\/","url":"https:\/\/stoerbikes.com\/kinderzitje-monteren-op-urbanx-e-bike\/","name":"Installer un si\u00e8ge enfant sur votre v\u00e9lo \u00e9lectrique UrbanX : \u00e9tape par \u00e9tape","isPartOf":{"@id":"https:\/\/stoerbikes.com\/#website"},"datePublished":"2026-07-20T09:30:00+00:00","dateModified":"2026-08-13T13:09:03+00:00","description":"Vous vous demandez comment installer un si\u00e8ge enfant sur votre UrbanX ? D\u00e9couvrez, \u00e9tape par \u00e9tape, comment choisir entre un support et un arceau de fixation, et comment r\u00e9gler le si\u00e8ge en toute s\u00e9curit\u00e9.","breadcrumb":{"@id":"https:\/\/stoerbikes.com\/kinderzitje-monteren-op-urbanx-e-bike\/#breadcrumb"},"inLanguage":"fr-FR","potentialAction":[{"@type":"ReadAction","target":["https:\/\/stoerbikes.com\/kinderzitje-monteren-op-urbanx-e-bike\/"]}]},{"@type":"BreadcrumbList","@id":"https:\/\/stoerbikes.com\/kinderzitje-monteren-op-urbanx-e-bike\/#breadcrumb","itemListElement":[{"@type":"ListItem","position":1,"name":"Home","item":"https:\/\/stoerbikes.com\/"},{"@type":"ListItem","position":2,"name":"Kinderzitje monteren op UrbanX e-bike"}]},{"@type":"WebSite","@id":"https:\/\/stoerbikes.com\/#website","url":"https:\/\/stoerbikes.com\/","name":"STOER Bikes","description":"","publisher":{"@id":"https:\/\/stoerbikes.com\/#organization"},"potentialAction":[{"@type":"SearchAction","target":{"@type":"EntryPoint","urlTemplate":"https:\/\/stoerbikes.com\/?s={search_term_string}"},"query-input":{"@type":"PropertyValueSpecification","valueRequired":true,"valueName":"search_term_string"}}],"inLanguage":"fr-FR"},{"@type":"Organization","@id":"https:\/\/stoerbikes.com\/#organization","name":"STOER Bikes","url":"https:\/\/stoerbikes.com\/","logo":{"@type":"ImageObject","inLanguage":"fr-FR","@id":"https:\/\/stoerbikes.com\/#\/schema\/logo\/image\/","url":"https:\/\/stoerbikes.com\/wp-content\/uploads\/2026\/01\/Logo-STOER.png","contentUrl":"https:\/\/stoerbikes.com\/wp-content\/uploads\/2026\/01\/Logo-STOER.png","width":1580,"height":303,"caption":"STOER Bikes"},"image":{"@id":"https:\/\/stoerbikes.com\/#\/schema\/logo\/image\/"},"sameAs":["https:\/\/facebook.com\/stoerbikes","https:\/\/www.instagram.com\/stoerbikes","https:\/\/www.linkedin.com\/company\/stoerbikes\/","https:\/\/www.tiktok.com\/@stoerbikes","https:\/\/www.youtube.com\/channel\/UCMBW5py6Mfoj1GNaRokv17g"]},{"@type":"Person","@id":"https:\/\/stoerbikes.com\/#\/schema\/person\/7502f1423bafa2e4416618b40206f8ff","name":"Auteura","image":{"@type":"ImageObject","inLanguage":"fr-FR","@id":"https:\/\/secure.gravatar.com\/avatar\/d58fc5f5a46da799c1b1d64215cb0da01fa53300a2b1867b577bac857324b89a?s=96&d=mm&r=g","url":"https:\/\/secure.gravatar.com\/avatar\/d58fc5f5a46da799c1b1d64215cb0da01fa53300a2b1867b577bac857324b89a?s=96&d=mm&r=g","contentUrl":"https:\/\/secure.gravatar.com\/avatar\/d58fc5f5a46da799c1b1d64215cb0da01fa53300a2b1867b577bac857324b89a?s=96&d=mm&r=g","caption":"Authora"}}]}},"_links":{"self":[{"href":"https:\/\/stoerbikes.com\/fr\/wp-json\/wp\/v2\/posts\/10948","targetHints":{"allow":["GET"]}}],"collection":[{"href":"https:\/\/stoerbikes.com\/fr\/wp-json\/wp\/v2\/posts"}],"about":[{"href":"https:\/\/stoerbikes.com\/fr\/wp-json\/wp\/v2\/types\/post"}],"author":[{"embeddable":true,"href":"https:\/\/stoerbikes.com\/fr\/wp-json\/wp\/v2\/users\/15"}],"replies":[{"embeddable":true,"href":"https:\/\/stoerbikes.com\/fr\/wp-json\/wp\/v2\/comments?post=10948"}],"version-history":[{"count":4,"href":"https:\/\/stoerbikes.com\/fr\/wp-json\/wp\/v2\/posts\/10948\/revisions"}],"predecessor-version":[{"id":11098,"href":"https:\/\/stoerbikes.com\/fr\/wp-json\/wp\/v2\/posts\/10948\/revisions\/11098"}],"wp:attachment":[{"href":"https:\/\/stoerbikes.com\/fr\/wp-json\/wp\/v2\/media?parent=10948"}],"wp:term":[{"taxonomy":"category","embeddable":true,"href":"https:\/\/stoerbikes.com\/fr\/wp-json\/wp\/v2\/categories?post=10948"},{"taxonomy":"post_tag","embeddable":true,"href":"https:\/\/stoerbikes.com\/fr\/wp-json\/wp\/v2\/tags?post=10948"}],"curies":[{"name":"wp","href":"https:\/\/api.w.org\/{rel}","templated":true}]}}