{"id":10940,"date":"2026-07-18T14:45:00","date_gmt":"2026-07-18T12:45:00","guid":{"rendered":"https:\/\/stoerbikes.com\/nl\/?p=10940"},"modified":"2026-08-12T11:18:58","modified_gmt":"2026-08-12T09:18:58","slug":"regles-relatives-au-transport-dun-velo-cargo-dans-le-train-explications","status":"publish","type":"post","link":"https:\/\/stoerbikes.com\/fr\/bakfiets-meenemen-in-de-trein-regels-uitgelegd\/","title":{"rendered":"Explication des r\u00e8gles relatives au transport d'un v\u00e9lo cargo dans le train"},"content":{"rendered":"<h1>Explication des r\u00e8gles relatives au transport d'un v\u00e9lo cargo dans le train<\/h1>\n<p>Vous avez parfaitement planifi\u00e9 votre itin\u00e9raire en ville, mais une question se pose alors : est-il possible de monter dans le train avec un v\u00e9lo cargo ? Pour les parents accompagn\u00e9s d\u2019enfants, les navetteurs avec un panier rempli d\u2019affaires ou les entrepreneurs qui doivent effectuer une livraison, c\u2019est un dilemme bien connu. En bref, c\u2019est souvent plus compliqu\u00e9 qu\u2019avec un v\u00e9lo classique, et \u201c est-ce autoris\u00e9 ? \u201d ne revient pas toujours \u00e0 \u201c est-ce judicieux ? \u201d.<\/p>\n<p>Dans cet article, vous d\u00e9couvrirez les r\u00e8gles pratiques relatives \u00e0 ce sujet <strong>R\u00e8gles relatives au transport d'un v\u00e9lo cargo dans le train<\/strong>, o\u00f9 les choses tournent mal dans la pratique (affluence, ascenseurs, quais) et quelles alternatives fonctionnent g\u00e9n\u00e9ralement mieux.<\/p>\n<h2>Pourquoi un v\u00e9lo cargo dans le train est un cas si particulier<\/h2>\n<p>Un v\u00e9lo cargo n'est pas un v\u00e9lo ordinaire. En raison de sa longueur, de sa largeur et de son rayon de braquage, il occupe rapidement plus d'espace que ce pour quoi le mat\u00e9riel ferroviaire, les couloirs et les portes ont \u00e9t\u00e9 con\u00e7us.<\/p>\n<p>C'est pourquoi les transporteurs ne se contentent pas de consid\u00e9rer qu'un \u201c v\u00e9lo = un v\u00e9lo \u201d, mais tiennent compte des dimensions, de la s\u00e9curit\u00e9 et de la fluidit\u00e9 du trafic. En particulier dans le cas d'un v\u00e9lo cargo long ou d'un v\u00e9lo cargo \u00e9lectrique transportant une charge lourde, la situation peut rapidement devenir peu pratique, voire dangereuse.<\/p>\n<h2>Les r\u00e8gles de base : dans quels cas peut-on emporter un v\u00e9lo dans le train ?<\/h2>\n<p>Aux Pays-Bas, la r\u00e8gle g\u00e9n\u00e9rale est la suivante : on peut g\u00e9n\u00e9ralement emporter un v\u00e9lo ordinaire <em>en dehors des heures de pointe<\/em>, avec un titre de transport valable pour v\u00e9lo, et uniquement si celui-ci peut \u00eatre embarqu\u00e9 dans le train sans g\u00eaner les autres voyageurs. Les v\u00e9los cargo sont souvent soumis \u00e0 des restrictions suppl\u00e9mentaires ou leur transport est refus\u00e9 dans la pratique.<\/p>\n<p>Vous trouverez les r\u00e8gles officielles les plus r\u00e9centes (y compris les exceptions par trajet et par type de train) aupr\u00e8s du transporteur lui-m\u00eame. Pour la NS, vous pouvez consulter les directives sur la page officielle consacr\u00e9e au transport des v\u00e9los dans le train : <a href=\"https:\/\/www.ns.nl\/reisinformatie\/fiets-in-de-trein.html\" rel=\"nofollow\">NS \u2013 V\u00e9lo dans le train<\/a>.<\/p>\n<h3>Les heures de pointe : le premier obstacle<\/h3>\n<p>Aux heures de pointe, il n'est pas autoris\u00e9 de transporter des v\u00e9los dans la plupart des trains. Les horaires exacts peuvent varier selon les op\u00e9rateurs, mais il faut s'attendre \u00e0 des restrictions aux heures de pointe du matin et du soir les jours ouvrables.<\/p>\n<p>Pour un v\u00e9lo-cargo, les heures de pointe sont encore plus compliqu\u00e9es dans la pratique : m\u00eame si vous voyagez en dehors des heures de pointe, un contr\u00f4leur peut estimer que le v\u00e9lo ne rentre pas dans le v\u00e9hicule ou que la s\u00e9curit\u00e9 est compromise.<\/p>\n<h3>Billet de v\u00e9lo et suppl\u00e9ments<\/h3>\n<p>Pour un v\u00e9lo classique, il faut g\u00e9n\u00e9ralement un billet sp\u00e9cial. Un v\u00e9lo cargo n'entre pas toujours dans cette cat\u00e9gorie, surtout s'il n'est pas consid\u00e9r\u00e9 comme un \u201c v\u00e9lo normal \u201d en raison de sa taille.<\/p>\n<p>Ne partez donc pas automatiquement du principe qu\u2019un simple ticket de v\u00e9lo standard suffit pour pouvoir monter \u00e0 bord avec un v\u00e9lo cargo.<\/p>\n<h2>R\u00e8gles relatives au transport d'un v\u00e9lo cargo dans le train : la pratique<\/h2>\n<p>M\u00eame si vous lisez quelque part que c'est \u201c autoris\u00e9 \u201d, c'est la r\u00e9alit\u00e9 sur le terrain qui d\u00e9terminera si vous y arriverez vraiment. Pensez aux quais sans ascenseur, aux portes \u00e9troites et \u00e0 un train d\u00e9j\u00e0 \u00e0 moiti\u00e9 plein.<\/p>\n<p>Ce sont surtout ces facteurs qui rendent la t\u00e2che difficile :<\/p>\n<ul>\n<li><strong>Largeur des portes<\/strong> (mouvement d'entr\u00e9e et de rotation).<\/li>\n<li><strong>D\u00e9nivel\u00e9<\/strong> entre le quai et le train, surtout avec des v\u00e9los cargo \u00e9lectriques lourds.<\/li>\n<li><strong>Espace dans les all\u00e9es<\/strong> et des emplacements destin\u00e9s \u00e0 accueillir 1 \u00e0 2 v\u00e9los standard.<\/li>\n<li><strong>Il y a du monde sur le quai<\/strong> ce qui rend les man\u0153uvres difficiles sans prendre de risques.<\/li>\n<\/ul>\n<h3>Dans quels cas un v\u00e9lo cargo est-il g\u00e9n\u00e9ralement refus\u00e9 ?<\/h3>\n<p>Voici les situations dans lesquelles il y a plus de chances que tu ne puisses pas y participer :<\/p>\n<ul>\n<li>Si le v\u00e9lo cargo ne passe pas par la porte sans se renverser ou se coincer.<\/li>\n<li>Si la place pour v\u00e9lo est d\u00e9j\u00e0 prise et que vous vous retrouvez dans le passage.<\/li>\n<li>Si vous souhaitez monter dans la benne avec des enfants (risque pour la s\u00e9curit\u00e9).<\/li>\n<li>Si vous prenez un train dont les temps d'arr\u00eat sont courts, ce qui rend l'embarquement trop long.<\/li>\n<\/ul>\n<p>Une r\u00e9alit\u00e9 importante : le conducteur \u00e9value la situation sur place. Cela peut donner lieu \u00e0 des r\u00e9sultats diff\u00e9rents \u00e0 chaque trajet.<\/p>\n<h2>S\u00e9curit\u00e9 et responsabilit\u00e9 : que faire en cas de probl\u00e8me ?<\/h2>\n<p>Un v\u00e9lo cargo est plus lourd et comporte souvent des \u00e9l\u00e9ments saillants (bord de la caisse, supports de b\u00e2che, guidon). En cas de freinage d'urgence ou de collision dans la zone d'acc\u00e8s, cela peut causer des dommages \u00e0 des tiers ou au mat\u00e9riel.<\/p>\n<p>V\u00e9rifiez donc au pr\u00e9alable quelle est votre couverture en cas de dommages et de vol, surtout si vous vous d\u00e9placez souvent en v\u00e9lo \u00e9lectrique ou en triporteur. Le site de STOER Bikes comporte une page consacr\u00e9e \u00e0 <a href=\"https:\/\/stoerbikes.com\/fr\/lassurance\/\">assurance v\u00e9lo pour votre e-bike ou v\u00e9lo cargo<\/a> qui t'aide \u00e0 mettre de l'ordre dans les bases.<\/p>\n<h2>Une liste de contr\u00f4le pratique avant votre d\u00e9part<\/h2>\n<p>Gr\u00e2ce \u00e0 cette liste de contr\u00f4le, vous \u00e9viterez le stress classique sur le quai. Consid\u00e9rez-la comme un petit test de r\u00e9alit\u00e9 pour v\u00e9rifier si c'est vraiment une bonne id\u00e9e aujourd'hui.<\/p>\n<ul>\n<li>Tu voyages <strong>en dehors des heures de pointe<\/strong> conform\u00e9ment aux r\u00e8gles de votre transporteur ?<\/li>\n<li>Est-ce que ton v\u00e9lo cargo <strong>vide<\/strong> ou l\u00e9g\u00e8rement charg\u00e9, pour pouvoir le soulever et le man\u0153uvrer ?<\/li>\n<li>Sais-tu s'il y a, dans ta gare, <strong>un ascenseur<\/strong> Y en a-t-il un qui soit assez grand ?<\/li>\n<li>As-tu un <strong>plan alternatif<\/strong> Si vous ne parvenez pas \u00e0 monter \u00e0 bord (v\u00e9lo des transports en commun, taxi, correspondance avec le m\u00e9tro\/tram) ?<\/li>\n<li>Quand il y a du monde, est-ce que tu peux\u2026 <strong>un train plus tard<\/strong> prendre sans se retrouver dans une situation d\u00e9licate ?<\/li>\n<\/ul>\n<h2>Des alternatives qui s'av\u00e8rent souvent plus pratiques qu'un v\u00e9lo cargo dans le train<\/h2>\n<p>Pour les familles urbaines et les navetteurs, le train n\u2019est souvent qu\u2019un maillon de la cha\u00eene. Lorsqu\u2019il n\u2019est pas certain de pouvoir emporter son v\u00e9lo cargo, ces solutions s\u2019av\u00e8rent g\u00e9n\u00e9ralement plus pratiques.<\/p>\n<h3>1) Garez votre v\u00e9lo cargo \u00e0 la gare et poursuivez votre trajet<\/h3>\n<p>Si votre trajet domicile-travail ou domicile-\u00e9cole passe par une seule gare, un parking \u00e0 v\u00e9los fixe ou surveill\u00e9 peut vous \u00e9viter bien des tracas. Il vous suffit alors de vous rendre \u00e0 la gare \u00e0 v\u00e9lo, de le garer, puis de poursuivre votre trajet en transports en commun.<\/p>\n<p>Pour ceux qui transportent quotidiennement des enfants et des affaires, il vaut la peine de s'int\u00e9resser \u00e0 un v\u00e9lo cargo stable et agr\u00e9able \u00e0 conduire en ville. Le <a href=\"https:\/\/stoerbikes.com\/fr\/produit\/cargox\/\">V\u00e9lo cargo STOER CargoX<\/a> Il a par exemple \u00e9t\u00e9 con\u00e7u pour une utilisation urbaine intensive et des charges importantes, ce qui est pratique si vous effectuez le \u201c trajet vers la gare \u201d tous les jours.<\/p>\n<h3>2) Ne prenez pas de v\u00e9lo cargo, mais optez plut\u00f4t pour un v\u00e9lo de ville \u00e0 l'autre bout<\/h3>\n<p>Un v\u00e9lo de ville classique est plus facile \u00e0 transporter (et est plus souvent accept\u00e9). Si votre destination exige avant tout de la maniabilit\u00e9, un v\u00e9lo \u00e9lectrique compact ou un v\u00e9lo de ville peut s'av\u00e9rer plus pratique que le v\u00e9lo cargo lui-m\u00eame.<\/p>\n<p>Si vous cherchez une solution pour faire la navette entre votre domicile et votre lieu de travail en ville sans voiture, jetez un \u0153il aux mod\u00e8les pr\u00e9sent\u00e9s sur cette page <a href=\"https:\/\/stoerbikes.com\/fr\/velos\/\">tous les v\u00e9los \u00e9lectriques de STOER Bikes<\/a> et comparez les diff\u00e9rentes g\u00e9om\u00e9tries et positions d'assise pour trouver celle qui convient le mieux \u00e0 vos sorties.<\/p>\n<h3>3) Planifiez votre trajet en \u00e9vitant les heures de pointe<\/h3>\n<p>C'est souvent la foule qui pose vraiment probl\u00e8me, et pas seulement les r\u00e8gles. Il est rarement facile de se frayer un chemin avec un v\u00e9lo cargo dans un train bond\u00e9, m\u00eame en dehors des heures de pointe.<\/p>\n<p>Conseils pratiques :<\/p>\n<ul>\n<li>Choisissez des trains avec <strong>acc\u00e8s plus spacieux<\/strong> et davantage de places pour les v\u00e9los (selon le type de mat\u00e9riel).<\/li>\n<li>\u00c9vitez <strong>vendredi apr\u00e8s-midi<\/strong> et les jours o\u00f9 des \u00e9v\u00e9nements sont organis\u00e9s.<\/li>\n<li>Rejoignez une <strong>une gare plus calme<\/strong> un arr\u00eat plus t\u00f4t, si possible.<\/li>\n<\/ul>\n<h2>Erreurs courantes concernant les v\u00e9los cargo et le train<\/h2>\n<p>Ce sont des erreurs qui entra\u00eenent presque toujours des d\u00e9sagr\u00e9ments sur le quai ou des discussions dans le train.<\/p>\n<ul>\n<li><strong>Monter dans la voiture avec les enfants.<\/strong> C'est dangereux et cela est souvent imm\u00e9diatement refus\u00e9.<\/li>\n<li><strong>Ne pas d\u00e9charger.<\/strong> Un v\u00e9lo cargo lourd est difficile \u00e0 man\u0153uvrer au niveau des seuils d'acc\u00e8s.<\/li>\n<li><strong>Arriver trop tard sur le quai.<\/strong> Il te faut un peu plus de temps pour te placer devant la bonne porte.<\/li>\n<li><strong>Pas de plan B.<\/strong> Parfois, la seule d\u00e9cision judicieuse est de ne pas se lancer et d'opter pour une autre solution.<\/li>\n<\/ul>\n<h2>Et si vous deviez vraiment combiner un v\u00e9lo cargo et les transports en commun ?<\/h2>\n<p>S'il ne s'agit pas simplement d\u201c\u201d essayer une fois \u00bb, mais bien d'une routine r\u00e9guli\u00e8re, il vaut mieux changer de perspective : le v\u00e9lo cargo est votre moyen de transport en ville, le train votre moyen de liaison entre les villes. Cela signifie g\u00e9n\u00e9ralement que vous utilisez le v\u00e9lo cargo <em>pas<\/em> l'emporte avec lui, mais le gare intelligemment ou utilise un deuxi\u00e8me v\u00e9lo.<\/p>\n<p>Pour les familles, il peut \u00eatre utile d'adapter la configuration de votre v\u00e9lo cargo avec des accessoires qui facilitent son utilisation quotidienne en ville (pluie, s\u00e9curit\u00e9, bagages). Jetez un \u0153il \u00e0 <a href=\"https:\/\/stoerbikes.com\/fr\/boutique\/\">accessoires pour v\u00e9los cargo et v\u00e9los \u00e9lectriques<\/a> si vous souhaitez rendre vos trajets vers l'\u00e9cole, la cr\u00e8che et la gare plus confortables.<\/p>\n<h2>Derni\u00e8re r\u00e9flexion avant de monter \u00e0 bord<\/h2>\n<p>Le c\u0153ur de la <strong>R\u00e8gles relatives au transport d'un v\u00e9lo cargo dans le train<\/strong> C'est simple : ce sont l'espace disponible et la s\u00e9curit\u00e9 \u00e0 bord du train qui d\u00e9terminent ce qui est possible. Les r\u00e8gles officielles fixent le cadre, mais ce sont souvent les conditions du moment (affluence, mat\u00e9riel roulant, quai) qui sont d\u00e9terminantes.<\/p>\n<p>Si vous souhaitez organiser vos trajets quotidiens de mani\u00e8re \u00e0 \u00eatre moins d\u00e9pendant de la question \u201c est-ce que \u00e7a va marcher aujourd\u2019hui ? \u201d, optez pour une configuration qui fonctionne bien en ville, aux alentours de la gare. Sur <a href=\"https:\/\/stoerbikes.com\/fr\/#dealers\">STOER Concessionnaires de v\u00e9los<\/a> Vous pouvez planifier un essai et d\u00e9terminer quelle solution correspond le mieux \u00e0 votre itin\u00e9raire, \u00e0 votre chargement et \u00e0 votre place de stationnement, sans pour autant devoir tout faire par le train d\u00e8s le d\u00e9part.<\/p>","protected":false},"excerpt":{"rendered":"<p>Bakfiets meenemen in de trein regels uitgelegd Je hebt je route door de stad perfect uitgedokterd, maar dan komt de vraag: kan je met een bakfiets \u00f3\u00f3k nog even de trein in? Voor ouders met kinderen, forenzen met een bak vol spullen of ondernemers die iets moeten afleveren, is het een herkenbaar dilemma. Het korte [&hellip;]<\/p>\n","protected":false},"author":15,"featured_media":0,"comment_status":"closed","ping_status":"closed","sticky":false,"template":"","format":"standard","meta":{"_acf_changed":false,"footnotes":""},"categories":[1],"tags":[],"class_list":["post-10940","post","type-post","status-publish","format-standard","hentry","category-algemeen"],"acf":[],"yoast_head":"<!-- This site is optimized with the Yoast SEO Premium plugin v28.3 (Yoast SEO v28.3) - https:\/\/yoast.com\/product\/yoast-seo-premium-wordpress\/ -->\n<title>Bakfiets in de trein: mag het en wanneer lukt het?<\/title>\n<meta name=\"description\" content=\"Bakfiets in de trein meenemen: dit zijn de regels, waar het in de praktijk misgaat bij spits, perron en instap, en welke alternatieven beter werken.\" \/>\n<meta name=\"robots\" content=\"index, follow, max-snippet:-1, max-image-preview:large, max-video-preview:-1\" \/>\n<link rel=\"canonical\" href=\"https:\/\/stoerbikes.com\/fr\/regles-relatives-au-transport-dun-velo-cargo-dans-le-train-explications\/\" \/>\n<meta property=\"og:locale\" content=\"fr_FR\" \/>\n<meta property=\"og:type\" content=\"article\" \/>\n<meta property=\"og:title\" content=\"Bakfiets meenemen in de trein regels uitgelegd\" \/>\n<meta property=\"og:description\" content=\"Bakfiets in de trein meenemen: dit zijn de regels, waar het in de praktijk misgaat bij spits, perron en instap, en welke alternatieven beter werken.\" \/>\n<meta property=\"og:url\" content=\"https:\/\/stoerbikes.com\/fr\/regles-relatives-au-transport-dun-velo-cargo-dans-le-train-explications\/\" \/>\n<meta property=\"og:site_name\" content=\"STOER Bikes\" \/>\n<meta property=\"article:publisher\" content=\"https:\/\/facebook.com\/stoerbikes\" \/>\n<meta property=\"article:published_time\" content=\"2026-07-18T12:45:00+00:00\" \/>\n<meta property=\"article:modified_time\" content=\"2026-08-12T09:18:58+00:00\" \/>\n<meta property=\"og:image\" content=\"https:\/\/stoerbikes.com\/wp-content\/uploads\/2024\/05\/image00001-9-scaled.jpeg\" \/>\n\t<meta property=\"og:image:width\" content=\"2560\" \/>\n\t<meta property=\"og:image:height\" content=\"1708\" \/>\n\t<meta property=\"og:image:type\" content=\"image\/jpeg\" \/>\n<meta name=\"author\" content=\"Authora\" \/>\n<meta name=\"twitter:card\" content=\"summary_large_image\" \/>\n<meta name=\"twitter:label1\" content=\"\u00c9crit par\" \/>\n\t<meta name=\"twitter:data1\" content=\"Authora\" \/>\n\t<meta name=\"twitter:label2\" content=\"Dur\u00e9e de lecture estim\u00e9e\" \/>\n\t<meta name=\"twitter:data2\" content=\"14 minutes\" \/>\n<script type=\"application\/ld+json\" class=\"yoast-schema-graph\">{\"@context\":\"https:\\\/\\\/schema.org\",\"@graph\":[{\"@type\":[\"Article\",\"BlogPosting\"],\"@id\":\"https:\\\/\\\/stoerbikes.com\\\/bakfiets-meenemen-in-de-trein-regels-uitgelegd\\\/#article\",\"isPartOf\":{\"@id\":\"https:\\\/\\\/stoerbikes.com\\\/bakfiets-meenemen-in-de-trein-regels-uitgelegd\\\/\"},\"author\":{\"name\":\"Authora\",\"@id\":\"https:\\\/\\\/stoerbikes.com\\\/#\\\/schema\\\/person\\\/7502f1423bafa2e4416618b40206f8ff\"},\"headline\":\"Bakfiets meenemen in de trein regels uitgelegd\",\"datePublished\":\"2026-07-18T12:45:00+00:00\",\"dateModified\":\"2026-08-12T09:18:58+00:00\",\"mainEntityOfPage\":{\"@id\":\"https:\\\/\\\/stoerbikes.com\\\/bakfiets-meenemen-in-de-trein-regels-uitgelegd\\\/\"},\"wordCount\":1313,\"publisher\":{\"@id\":\"https:\\\/\\\/stoerbikes.com\\\/#organization\"},\"articleSection\":[\"Algemeen\"],\"inLanguage\":\"fr-FR\"},{\"@type\":\"WebPage\",\"@id\":\"https:\\\/\\\/stoerbikes.com\\\/bakfiets-meenemen-in-de-trein-regels-uitgelegd\\\/\",\"url\":\"https:\\\/\\\/stoerbikes.com\\\/bakfiets-meenemen-in-de-trein-regels-uitgelegd\\\/\",\"name\":\"Bakfiets in de trein: mag het en wanneer lukt het?\",\"isPartOf\":{\"@id\":\"https:\\\/\\\/stoerbikes.com\\\/#website\"},\"datePublished\":\"2026-07-18T12:45:00+00:00\",\"dateModified\":\"2026-08-12T09:18:58+00:00\",\"description\":\"Bakfiets in de trein meenemen: dit zijn de regels, waar het in de praktijk misgaat bij spits, perron en instap, en welke alternatieven beter werken.\",\"breadcrumb\":{\"@id\":\"https:\\\/\\\/stoerbikes.com\\\/bakfiets-meenemen-in-de-trein-regels-uitgelegd\\\/#breadcrumb\"},\"inLanguage\":\"fr-FR\",\"potentialAction\":[{\"@type\":\"ReadAction\",\"target\":[\"https:\\\/\\\/stoerbikes.com\\\/bakfiets-meenemen-in-de-trein-regels-uitgelegd\\\/\"]}]},{\"@type\":\"BreadcrumbList\",\"@id\":\"https:\\\/\\\/stoerbikes.com\\\/bakfiets-meenemen-in-de-trein-regels-uitgelegd\\\/#breadcrumb\",\"itemListElement\":[{\"@type\":\"ListItem\",\"position\":1,\"name\":\"Home\",\"item\":\"https:\\\/\\\/stoerbikes.com\\\/\"},{\"@type\":\"ListItem\",\"position\":2,\"name\":\"Bakfiets meenemen in de trein regels uitgelegd\"}]},{\"@type\":\"WebSite\",\"@id\":\"https:\\\/\\\/stoerbikes.com\\\/#website\",\"url\":\"https:\\\/\\\/stoerbikes.com\\\/\",\"name\":\"STOER Bikes\",\"description\":\"\",\"publisher\":{\"@id\":\"https:\\\/\\\/stoerbikes.com\\\/#organization\"},\"potentialAction\":[{\"@type\":\"SearchAction\",\"target\":{\"@type\":\"EntryPoint\",\"urlTemplate\":\"https:\\\/\\\/stoerbikes.com\\\/?s={search_term_string}\"},\"query-input\":{\"@type\":\"PropertyValueSpecification\",\"valueRequired\":true,\"valueName\":\"search_term_string\"}}],\"inLanguage\":\"fr-FR\"},{\"@type\":\"Organization\",\"@id\":\"https:\\\/\\\/stoerbikes.com\\\/#organization\",\"name\":\"STOER Bikes\",\"url\":\"https:\\\/\\\/stoerbikes.com\\\/\",\"logo\":{\"@type\":\"ImageObject\",\"inLanguage\":\"fr-FR\",\"@id\":\"https:\\\/\\\/stoerbikes.com\\\/#\\\/schema\\\/logo\\\/image\\\/\",\"url\":\"https:\\\/\\\/stoerbikes.com\\\/wp-content\\\/uploads\\\/2026\\\/01\\\/Logo-STOER.png\",\"contentUrl\":\"https:\\\/\\\/stoerbikes.com\\\/wp-content\\\/uploads\\\/2026\\\/01\\\/Logo-STOER.png\",\"width\":1580,\"height\":303,\"caption\":\"STOER Bikes\"},\"image\":{\"@id\":\"https:\\\/\\\/stoerbikes.com\\\/#\\\/schema\\\/logo\\\/image\\\/\"},\"sameAs\":[\"https:\\\/\\\/facebook.com\\\/stoerbikes\",\"https:\\\/\\\/www.instagram.com\\\/stoerbikes\",\"https:\\\/\\\/www.linkedin.com\\\/company\\\/stoerbikes\\\/\",\"https:\\\/\\\/www.tiktok.com\\\/@stoerbikes\",\"https:\\\/\\\/www.youtube.com\\\/channel\\\/UCMBW5py6Mfoj1GNaRokv17g\"]},{\"@type\":\"Person\",\"@id\":\"https:\\\/\\\/stoerbikes.com\\\/#\\\/schema\\\/person\\\/7502f1423bafa2e4416618b40206f8ff\",\"name\":\"Authora\",\"image\":{\"@type\":\"ImageObject\",\"inLanguage\":\"fr-FR\",\"@id\":\"https:\\\/\\\/secure.gravatar.com\\\/avatar\\\/d58fc5f5a46da799c1b1d64215cb0da01fa53300a2b1867b577bac857324b89a?s=96&d=mm&r=g\",\"url\":\"https:\\\/\\\/secure.gravatar.com\\\/avatar\\\/d58fc5f5a46da799c1b1d64215cb0da01fa53300a2b1867b577bac857324b89a?s=96&d=mm&r=g\",\"contentUrl\":\"https:\\\/\\\/secure.gravatar.com\\\/avatar\\\/d58fc5f5a46da799c1b1d64215cb0da01fa53300a2b1867b577bac857324b89a?s=96&d=mm&r=g\",\"caption\":\"Authora\"}}]}<\/script>\n<!-- \/ Yoast SEO Premium plugin. -->","yoast_head_json":{"title":"Transporter un v\u00e9lo cargo en train : est-ce autoris\u00e9 et quand est-ce possible ?","description":"Transporter un v\u00e9lo cargo dans le train : voici les r\u00e8gles \u00e0 respecter, les probl\u00e8mes rencontr\u00e9s dans la pratique aux heures de pointe, sur les quais et lors de l'embarquement, ainsi que les alternatives qui fonctionnent mieux.","robots":{"index":"index","follow":"follow","max-snippet":"max-snippet:-1","max-image-preview":"max-image-preview:large","max-video-preview":"max-video-preview:-1"},"canonical":"https:\/\/stoerbikes.com\/fr\/regles-relatives-au-transport-dun-velo-cargo-dans-le-train-explications\/","og_locale":"fr_FR","og_type":"article","og_title":"Bakfiets meenemen in de trein regels uitgelegd","og_description":"Bakfiets in de trein meenemen: dit zijn de regels, waar het in de praktijk misgaat bij spits, perron en instap, en welke alternatieven beter werken.","og_url":"https:\/\/stoerbikes.com\/fr\/regles-relatives-au-transport-dun-velo-cargo-dans-le-train-explications\/","og_site_name":"STOER Bikes","article_publisher":"https:\/\/facebook.com\/stoerbikes","article_published_time":"2026-07-18T12:45:00+00:00","article_modified_time":"2026-08-12T09:18:58+00:00","og_image":[{"width":2560,"height":1708,"url":"https:\/\/stoerbikes.com\/wp-content\/uploads\/2024\/05\/image00001-9-scaled.jpeg","type":"image\/jpeg"}],"author":"Authora","twitter_card":"summary_large_image","twitter_misc":{"\u00c9crit par":"Authora","Dur\u00e9e de lecture estim\u00e9e":"14 minutes"},"schema":{"@context":"https:\/\/schema.org","@graph":[{"@type":["Article","BlogPosting"],"@id":"https:\/\/stoerbikes.com\/bakfiets-meenemen-in-de-trein-regels-uitgelegd\/#article","isPartOf":{"@id":"https:\/\/stoerbikes.com\/bakfiets-meenemen-in-de-trein-regels-uitgelegd\/"},"author":{"name":"Authora","@id":"https:\/\/stoerbikes.com\/#\/schema\/person\/7502f1423bafa2e4416618b40206f8ff"},"headline":"Bakfiets meenemen in de trein regels uitgelegd","datePublished":"2026-07-18T12:45:00+00:00","dateModified":"2026-08-12T09:18:58+00:00","mainEntityOfPage":{"@id":"https:\/\/stoerbikes.com\/bakfiets-meenemen-in-de-trein-regels-uitgelegd\/"},"wordCount":1313,"publisher":{"@id":"https:\/\/stoerbikes.com\/#organization"},"articleSection":["Algemeen"],"inLanguage":"fr-FR"},{"@type":"WebPage","@id":"https:\/\/stoerbikes.com\/bakfiets-meenemen-in-de-trein-regels-uitgelegd\/","url":"https:\/\/stoerbikes.com\/bakfiets-meenemen-in-de-trein-regels-uitgelegd\/","name":"Transporter un v\u00e9lo cargo en train : est-ce autoris\u00e9 et quand est-ce possible ?","isPartOf":{"@id":"https:\/\/stoerbikes.com\/#website"},"datePublished":"2026-07-18T12:45:00+00:00","dateModified":"2026-08-12T09:18:58+00:00","description":"Transporter un v\u00e9lo cargo dans le train : voici les r\u00e8gles \u00e0 respecter, les probl\u00e8mes rencontr\u00e9s dans la pratique aux heures de pointe, sur les quais et lors de l'embarquement, ainsi que les alternatives qui fonctionnent mieux.","breadcrumb":{"@id":"https:\/\/stoerbikes.com\/bakfiets-meenemen-in-de-trein-regels-uitgelegd\/#breadcrumb"},"inLanguage":"fr-FR","potentialAction":[{"@type":"ReadAction","target":["https:\/\/stoerbikes.com\/bakfiets-meenemen-in-de-trein-regels-uitgelegd\/"]}]},{"@type":"BreadcrumbList","@id":"https:\/\/stoerbikes.com\/bakfiets-meenemen-in-de-trein-regels-uitgelegd\/#breadcrumb","itemListElement":[{"@type":"ListItem","position":1,"name":"Home","item":"https:\/\/stoerbikes.com\/"},{"@type":"ListItem","position":2,"name":"Bakfiets meenemen in de trein regels uitgelegd"}]},{"@type":"WebSite","@id":"https:\/\/stoerbikes.com\/#website","url":"https:\/\/stoerbikes.com\/","name":"STOER Bikes","description":"","publisher":{"@id":"https:\/\/stoerbikes.com\/#organization"},"potentialAction":[{"@type":"SearchAction","target":{"@type":"EntryPoint","urlTemplate":"https:\/\/stoerbikes.com\/?s={search_term_string}"},"query-input":{"@type":"PropertyValueSpecification","valueRequired":true,"valueName":"search_term_string"}}],"inLanguage":"fr-FR"},{"@type":"Organization","@id":"https:\/\/stoerbikes.com\/#organization","name":"STOER Bikes","url":"https:\/\/stoerbikes.com\/","logo":{"@type":"ImageObject","inLanguage":"fr-FR","@id":"https:\/\/stoerbikes.com\/#\/schema\/logo\/image\/","url":"https:\/\/stoerbikes.com\/wp-content\/uploads\/2026\/01\/Logo-STOER.png","contentUrl":"https:\/\/stoerbikes.com\/wp-content\/uploads\/2026\/01\/Logo-STOER.png","width":1580,"height":303,"caption":"STOER Bikes"},"image":{"@id":"https:\/\/stoerbikes.com\/#\/schema\/logo\/image\/"},"sameAs":["https:\/\/facebook.com\/stoerbikes","https:\/\/www.instagram.com\/stoerbikes","https:\/\/www.linkedin.com\/company\/stoerbikes\/","https:\/\/www.tiktok.com\/@stoerbikes","https:\/\/www.youtube.com\/channel\/UCMBW5py6Mfoj1GNaRokv17g"]},{"@type":"Person","@id":"https:\/\/stoerbikes.com\/#\/schema\/person\/7502f1423bafa2e4416618b40206f8ff","name":"Auteura","image":{"@type":"ImageObject","inLanguage":"fr-FR","@id":"https:\/\/secure.gravatar.com\/avatar\/d58fc5f5a46da799c1b1d64215cb0da01fa53300a2b1867b577bac857324b89a?s=96&d=mm&r=g","url":"https:\/\/secure.gravatar.com\/avatar\/d58fc5f5a46da799c1b1d64215cb0da01fa53300a2b1867b577bac857324b89a?s=96&d=mm&r=g","contentUrl":"https:\/\/secure.gravatar.com\/avatar\/d58fc5f5a46da799c1b1d64215cb0da01fa53300a2b1867b577bac857324b89a?s=96&d=mm&r=g","caption":"Authora"}}]}},"_links":{"self":[{"href":"https:\/\/stoerbikes.com\/fr\/wp-json\/wp\/v2\/posts\/10940","targetHints":{"allow":["GET"]}}],"collection":[{"href":"https:\/\/stoerbikes.com\/fr\/wp-json\/wp\/v2\/posts"}],"about":[{"href":"https:\/\/stoerbikes.com\/fr\/wp-json\/wp\/v2\/types\/post"}],"author":[{"embeddable":true,"href":"https:\/\/stoerbikes.com\/fr\/wp-json\/wp\/v2\/users\/15"}],"replies":[{"embeddable":true,"href":"https:\/\/stoerbikes.com\/fr\/wp-json\/wp\/v2\/comments?post=10940"}],"version-history":[{"count":2,"href":"https:\/\/stoerbikes.com\/fr\/wp-json\/wp\/v2\/posts\/10940\/revisions"}],"predecessor-version":[{"id":11088,"href":"https:\/\/stoerbikes.com\/fr\/wp-json\/wp\/v2\/posts\/10940\/revisions\/11088"}],"wp:attachment":[{"href":"https:\/\/stoerbikes.com\/fr\/wp-json\/wp\/v2\/media?parent=10940"}],"wp:term":[{"taxonomy":"category","embeddable":true,"href":"https:\/\/stoerbikes.com\/fr\/wp-json\/wp\/v2\/categories?post=10940"},{"taxonomy":"post_tag","embeddable":true,"href":"https:\/\/stoerbikes.com\/fr\/wp-json\/wp\/v2\/tags?post=10940"}],"curies":[{"name":"wp","href":"https:\/\/api.w.org\/{rel}","templated":true}]}}