{"id":10938,"date":"2026-07-18T14:00:00","date_gmt":"2026-07-18T12:00:00","guid":{"rendered":"https:\/\/stoerbikes.com\/nl\/?p=10938"},"modified":"2026-08-12T11:16:11","modified_gmt":"2026-08-12T09:16:11","slug":"recharger-la-batterie-dun-velo-electrique-par-temps-de-gel-voici-comment-proceder-en-toute-securite","status":"publish","type":"post","link":"https:\/\/stoerbikes.com\/fr\/e-bike-accu-opladen-bij-vorst-zo-doe-je-dat-veilig\/","title":{"rendered":"Recharger la batterie d'un v\u00e9lo \u00e9lectrique par temps de gel : voici comment proc\u00e9der en toute s\u00e9curit\u00e9"},"content":{"rendered":"<h1>Recharger la batterie d'un v\u00e9lo \u00e9lectrique par temps de gel : voici comment proc\u00e9der en toute s\u00e9curit\u00e9<\/h1>\n<p>Vous rentrez chez vous apr\u00e8s un trajet par temps froid, la batterie est \u00e0 moiti\u00e9 vide et vous souhaitez repartir d\u00e8s demain matin. La tentation est alors grande : brancher le chargeur et le tour est jou\u00e9. En cas de gel, ce n'est pas toujours une bonne id\u00e9e. Les batteries froides se chargent diff\u00e9remment, et dans le pire des cas, cela peut r\u00e9duire leur dur\u00e9e de vie.<\/p>\n<p>Ce guide ne traite pas du \u201c stockage hivernal \u201d en g\u00e9n\u00e9ral, mais du moment o\u00f9 vous devez r\u00e9ellement recharger votre batterie par temps froid : apr\u00e8s un trajet par des temp\u00e9ratures n\u00e9gatives, dans un hangar non chauff\u00e9 ou sur la route. En adoptant quelques habitudes simples, vous pr\u00e9serverez mieux votre batterie, \u00e9viterez les pannes et conserverez une plus grande autonomie.<\/p>\n<h2>Pourquoi la recharge n\u00e9cessite une attention particuli\u00e8re en cas de gel<\/h2>\n<p>La batterie d'un v\u00e9lo \u00e9lectrique est compos\u00e9e de cellules lithium-ion. \u00c0 basse temp\u00e9rature, la r\u00e9action chimique au sein de la cellule ralentit, ce qui rend \u00e0 la fois la d\u00e9charge et la recharge moins fluides. Cela se traduit par une autonomie r\u00e9duite et, parfois, par une baisse soudaine du pourcentage de charge.<\/p>\n<p>La charge est l'\u00e9tape la plus d\u00e9licate. Si vous essayez de charger une batterie lithium-ion froide avec un courant \u00e9lev\u00e9, des d\u00e9p\u00f4ts de lithium (souvent appel\u00e9s \u201c lithium plating \u201d) peuvent se former dans des conditions d\u00e9favorables. Cela r\u00e9duit la capacit\u00e9 et peut augmenter la r\u00e9sistance interne.<\/p>\n<p>Les constructeurs int\u00e8grent des dispositifs de s\u00e9curit\u00e9, mais ceux-ci ne sont pas toujours con\u00e7us pour faire face \u00e0 toutes les situations hivernales imaginables. Il reste donc judicieux de recharger son v\u00e9hicule avec prudence par temps froid.<\/p>\n<h2>\u00c0 partir de quelle temp\u00e9rature la recharge devient-elle risqu\u00e9e ?<\/h2>\n<p>Il n'existe pas de seuil magique valable pour toutes les batteries, mais en r\u00e8gle g\u00e9n\u00e9rale, on peut dire que la recharge \u00e0 une temp\u00e9rature inf\u00e9rieure \u00e0 0 \u00b0C est d\u00e9conseill\u00e9e. De nombreuses batteries et chargeurs sont con\u00e7us pour fonctionner \u201c de mani\u00e8re optimale \u201d \u00e0 des temp\u00e9ratures comprises, en gros, entre 10 \u00b0C et 25 \u00b0C.<\/p>\n<p>Important : il s'agit de la <strong>temp\u00e9rature de la batterie<\/strong>, et non la temp\u00e9rature ext\u00e9rieure. Une batterie install\u00e9e \u00e0 l'ext\u00e9rieur du v\u00e9lo peut, apr\u00e8s une sortie, \u00eatre encore plus chaude que l'air ambiant, ou au contraire se refroidir rapidement s'il y a du vent.<\/p>\n<h3>V\u00e9rification rapide sans appareil de mesure<\/h3>\n<ul>\n<li>La batterie est-elle \u201c glac\u00e9e \u201d au toucher ? Attendez avant de la recharger.<\/li>\n<li>La batterie vient-elle directement de l'ext\u00e9rieur et la temp\u00e9rature est-elle (presque) glaciale ? Partez du principe qu'il fait trop froid.<\/li>\n<li>Le v\u00e9lo est-il rest\u00e9 toute la nuit dans une remise non chauff\u00e9e ? Il y a de fortes chances que la batterie soit en dessous de 0 \u00b0C.<\/li>\n<\/ul>\n<h2>Guide \u00e9tape par \u00e9tape : recharger la batterie d'un v\u00e9lo \u00e9lectrique par temps de gel<\/h2>\n<p>La m\u00e9thode d\u00e9crite ci-dessous ne prend que peu de temps, mais fait toute la diff\u00e9rence en mati\u00e8re de s\u00e9curit\u00e9 et de dur\u00e9e de vie. Consid\u00e9rez-la comme votre routine hivernale habituelle.<\/p>\n<h3>1) Retirez la batterie<\/h3>\n<p>Rechargez de pr\u00e9f\u00e9rence \u00e0 l'int\u00e9rieur, \u00e0 temp\u00e9rature ambiante. Un garage ou une remise peut sembler \u201c juste au-dessus de z\u00e9ro \u201d pendant la journ\u00e9e, mais la temp\u00e9rature peut tout de m\u00eame descendre en dessous de z\u00e9ro la nuit.<\/p>\n<p>Vous avez un v\u00e9lo cargo que vous garez \u00e0 l'ext\u00e9rieur ? Dans ce cas, il est particuli\u00e8rement recommand\u00e9 de rentrer la batterie apr\u00e8s chaque trajet, surtout si vous souhaitez la recharger ou repartir le lendemain.<\/p>\n<h3>2) Laissez d'abord la batterie atteindre sa temp\u00e9rature de fonctionnement<\/h3>\n<p>C'est en branchant une batterie froide directement sur le chargeur que l'on cause souvent des dommages. Laissez \u00e0 la batterie le temps de se r\u00e9chauffer progressivement.<\/p>\n<ul>\n<li>Rangez la batterie dans un endroit sec \u00e0 l'int\u00e9rieur, loin des radiateurs et des po\u00eales.<\/li>\n<li>Il faut g\u00e9n\u00e9ralement attendre entre 1 et 3 heures, selon la temp\u00e9rature \u00e0 laquelle il se trouvait.<\/li>\n<li>Laissez la batterie dans son bo\u00eetier ; ne l'ouvrez pas et ne la \u201c r\u00e9chauffez \u201d pas \u00e0 l'aide d'un s\u00e8che-cheveux.<\/li>\n<\/ul>\n<p>La condensation est un point \u00e0 surveiller. Si la batterie est amen\u00e9e de l'ext\u00e9rieur \u00e0 l'int\u00e9rieur, de l'humidit\u00e9 peut se former. Laissez-la donc s'acclimater avant de la brancher.<\/p>\n<h3>3) Rechargez tranquillement et dans un endroit s\u00fbr<\/h3>\n<p>Veillez \u00e0 disposer d'une surface stable, d'une ventilation suffisante et d'un endroit o\u00f9 vous pouvez surveiller le processus de recharge. Il n'est pas recommand\u00e9 de recharger l'appareil sur un canap\u00e9 moelleux ou dans un placard ferm\u00e9.<\/p>\n<ul>\n<li>Rechargez de pr\u00e9f\u00e9rence lorsque vous \u00eates chez vous.<\/li>\n<li>Ne posez pas de v\u00eatements ni de sacs sur la batterie ou le chargeur.<\/li>\n<li>Utilisez uniquement le chargeur d'origine ou un chargeur alternatif homologu\u00e9 par le fabricant.<\/li>\n<\/ul>\n<h3>4) Arr\u00eate-toi \u00e0 80\u201390% si tu ne reprends la route que demain<\/h3>\n<p>Il est parfois n\u00e9cessaire de charger compl\u00e8tement la batterie jusqu'\u00e0 100% pour un long trajet, mais pour un usage quotidien, un niveau de charge l\u00e9g\u00e8rement inf\u00e9rieur peut \u00eatre plus respectueux des cellules lithium-ion. Surtout en hiver, lorsque votre batterie \u201c travaille d\u00e9j\u00e0 plus dur \u201d.<\/p>\n<p>Vous devez partir t\u00f4t demain matin pour un long trajet ? Dans ce cas, rechargez votre batterie plus tard dans la soir\u00e9e jusqu'\u00e0 100% afin qu'elle ne reste pas pendant des heures compl\u00e8tement charg\u00e9e et chaude sur le chargeur.<\/p>\n<h3>5) Ne remettez la batterie sur le v\u00e9lo que lorsque tout est sec<\/h3>\n<p>L'humidit\u00e9 et le froid sont n\u00e9fastes pour les connexions. V\u00e9rifiez que les points de connexion sont secs. Un chiffon sec suffit ; n'utilisez pas de sprays ni de produits nettoyants agressifs.<\/p>\n<h2>Erreurs courantes lors du chargement en hiver<\/h2>\n<p>La plupart des probl\u00e8mes de batterie pendant les p\u00e9riodes de froid ne sont pas dus \u00e0 \u201c un seul \u00e9pisode de gel \u201d, mais \u00e0 de petites erreurs r\u00e9p\u00e9t\u00e9es. Voici les plus courantes.<\/p>\n<ul>\n<li><strong>Chargement imm\u00e9diat apr\u00e8s un trajet par temps de gel :<\/strong> Les cellules sont encore froides ; il faut d'abord les laisser se r\u00e9chauffer \u00e0 l'int\u00e9rieur.<\/li>\n<li><strong>Batterie en charge dans la remise :<\/strong> La temp\u00e9rature peut descendre en dessous de z\u00e9ro pendant la recharge.<\/li>\n<li><strong>R\u00e9chauffement rapide pr\u00e8s du po\u00eale :<\/strong> Une temp\u00e9rature trop \u00e9lev\u00e9e et une augmentation trop rapide augmentent le risque de condensation et la contrainte exerc\u00e9e sur les mat\u00e9riaux.<\/li>\n<li><strong>Toujours charger jusqu'\u00e0 100% :<\/strong> pratique, mais pas toujours indispensable pour les trajets courts.<\/li>\n<li><strong>Continuer jusqu'\u00e0 0% :<\/strong> Une d\u00e9charge profonde par temps froid augmente le risque de chute de tension et de coupure d'alimentation.<\/li>\n<\/ul>\n<h2>Perte d'autonomie due au froid : ce que vous pouvez et ne pouvez pas r\u00e9soudre<\/h2>\n<p>M\u00eame avec un comportement de charge optimal, vous parcourrez moins de kilom\u00e8tres en hiver. C'est tout \u00e0 fait normal. L'air froid n\u00e9cessite plus d'\u00e9nergie, les pneus pr\u00e9sentent une r\u00e9sistance au roulement plus \u00e9lev\u00e9e et la batterie fournit de l'\u00e9nergie de mani\u00e8re moins efficace.<\/p>\n<p>Ce sur quoi vous pouvez toutefois agir, c'est la part de cette perte qui est \u201c inutile \u201d. Une batterie chaude et correctement charg\u00e9e conserve mieux sa tension et se d\u00e9charge moins rapidement lors de l'acc\u00e9l\u00e9ration.<\/p>\n<h3>Conseils pratiques pour \u00e9largir votre gamme d'hiver<\/h3>\n<ul>\n<li>Commencez avec une batterie qui a atteint sa temp\u00e9rature de fonctionnement \u00e0 l'int\u00e9rieur.<\/li>\n<li>Utilisez un support l\u00e9g\u00e8rement plus bas et p\u00e9dalez davantage lors de l'acc\u00e9l\u00e9ration.<\/li>\n<li>V\u00e9rifiez la pression des pneus (le froid fait baisser la pression).<\/li>\n<li>\u00c9vitez de laisser votre v\u00e9hicule \u00e0 l'arr\u00eat pendant longtemps \u00e0 l'ext\u00e9rieur avec une batterie \u00e0 moiti\u00e9 d\u00e9charg\u00e9e.<\/li>\n<\/ul>\n<h2>Recharger son v\u00e9hicule en cours de route par temps de gel : est-ce possible ?<\/h2>\n<p>Il est possible de recharger en cours de route, mais il est plus difficile de contr\u00f4ler la temp\u00e9rature de la batterie. Si vous pouvez recharger dans un \u00e9tablissement de restauration ou sur votre lieu de travail, essayez de placer la batterie \u00e0 l'int\u00e9rieur avant de brancher le chargeur.<\/p>\n<p>Si vous devez recharger la batterie alors qu'elle reste froide, par exemple parce qu'elle n'est pas amovible, il est d'autant plus important de suivre le mode d'emploi de votre syst\u00e8me. Certains syst\u00e8mes limitent le courant de charge par temps froid, d'autres affichent un message d'erreur et refusent de recharger.<\/p>\n<h3>Que faire en cas de probl\u00e8me de recharge par temps froid ?<\/h3>\n<ul>\n<li>D\u00e9branchez le chargeur.<\/li>\n<li>Amenez la batterie (ou le v\u00e9lo) dans une pi\u00e8ce plus chaude et attendez un moment.<\/li>\n<li>R\u00e9essayez avec des fiches s\u00e8ches et une prise qui fonctionne \u00e0 coup s\u00fbr.<\/li>\n<li>L'erreur persiste ? Faites v\u00e9rifier le syst\u00e8me.<\/li>\n<\/ul>\n<h2>S\u00e9curit\u00e9 : qu'est-ce qui est normal et quand faut-il intervenir ?<\/h2>\n<p>Une batterie peut devenir l\u00e9g\u00e8rement chaude pendant la charge. C'est normal. Ce qui n'est pas normal : une forte chaleur, une odeur chimique, une d\u00e9formation ou des cr\u00e9pitements. Dans ce cas, arr\u00eatez imm\u00e9diatement la charge et rangez la batterie (en toute s\u00e9curit\u00e9).<\/p>\n<p>Les autorit\u00e9s \u00e9mettent des recommandations g\u00e9n\u00e9rales pour une utilisation en toute s\u00e9curit\u00e9 des batteries lithium-ion. Consultez \u00e9galement les consignes des pompiers et des autorit\u00e9s concernant l'utilisation et la recharge \u00e0 domicile, notamment sur <a href=\"https:\/\/www.rijksoverheid.nl\/onderwerpen\/brandveiligheid\" rel=\"nofollow\">Gouvernement n\u00e9erlandais \u2013 s\u00e9curit\u00e9 incendie<\/a>.<\/p>\n<h2>Comment les cyclistes de STOER Bikes s'y prennent concr\u00e8tement<\/h2>\n<p>Si vous vous d\u00e9placez quotidiennement en ville en v\u00e9lo \u00e9lectrique, qui est votre principal moyen de transport, vous recherchez avant tout une routine que vous pouvez maintenir. Beaucoup de cyclistes proc\u00e8dent ainsi : une fois rentr\u00e9s chez eux, ils apportent la batterie \u00e0 l'int\u00e9rieur, prennent d'abord un caf\u00e9, puis branchent le chargeur. En hiver, cette petite heure fait souvent toute la diff\u00e9rence.<\/p>\n<p>Si vous utilisez votre v\u00e9lo cargo de mani\u00e8re intensive, par exemple pour transporter vos enfants ou faire vos courses, il est conseill\u00e9 de planifier la recharge aux moments o\u00f9 le v\u00e9lo se trouve d\u00e9j\u00e0 \u00e0 l'int\u00e9rieur. Par exemple, apr\u00e8s l'\u00e9cole, apr\u00e8s le travail ou apr\u00e8s avoir fait vos courses.<\/p>\n<h3>Pages pertinentes sur STOER Bikes<\/h3>\n<ul>\n<li>Pour en savoir plus sur les mod\u00e8les, rendez-vous sur la page <a href=\"https:\/\/stoerbikes.com\/fr\/velos\/\">tous les v\u00e9los de STOER Bikes<\/a>.<\/li>\n<li>Vous roulez en v\u00e9lo cargo ? D\u00e9couvrez le <a href=\"https:\/\/stoerbikes.com\/fr\/produit\/cargox\/\">V\u00e9lo cargo CargoX<\/a> et planifiez vos temps de recharge en fonction de vos trajets quotidiens.<\/li>\n<li>Pour plus de tranquillit\u00e9 d'esprit en hiver, vous pouvez \u00e9galement d\u00e9couvrir comment <a href=\"https:\/\/stoerbikes.com\/fr\/lassurance\/\">une assurance pour v\u00e9lo \u00e9lectrique<\/a> est valable en cas de dommage ou de vol.<\/li>\n<\/ul>\n<h2>Liste de contr\u00f4le pratique pour le chargement par temps de gel<\/h2>\n<p>Tu peux garder cette petite liste de contr\u00f4le \u00e0 l'esprit, litt\u00e9ralement juste \u00e0 c\u00f4t\u00e9 de ta borne de recharge.<\/p>\n<ul>\n<li>La batterie a \u00e9t\u00e9 retir\u00e9e<\/li>\n<li>Laisser s'acclimater pendant 1 \u00e0 3 heures<\/li>\n<li>Fiches et prises s\u00e8ches<\/li>\n<li>Lieu de chargement d\u00e9gag\u00e9, stable et bien visible<\/li>\n<li>Ne pas charger inutilement jusqu'\u00e0 100%<\/li>\n<li>Une fois recharg\u00e9e, la batterie doit \u00eatre rang\u00e9e dans un endroit frais et sec<\/li>\n<\/ul>\n<p>Vous vous demandez si votre batterie fonctionne encore correctement apr\u00e8s une p\u00e9riode de gel intense, ou vous souhaitez obtenir des conseils sur la recharge et l'utilisation quotidienne de votre v\u00e9lo ? Jetez un \u0153il \u00e0 la rubrique <a href=\"https:\/\/stoerbikes.com\/fr\/#faq\">questions fr\u00e9quemment pos\u00e9es<\/a> ou passez dans l'un des <a href=\"https:\/\/stoerbikes.com\/fr\/#dealers\">STOER Concessionnaires de v\u00e9los<\/a> pour un petit bilan et des conseils pratiques adapt\u00e9s \u00e0 vos trajets.<\/p>","protected":false},"excerpt":{"rendered":"<p>E-bike accu opladen bij vorst: zo doe je dat veilig Je komt thuis na een koude rit, de accu is halfleeg en morgenochtend wil je weer op pad. Dan ligt de verleiding op tafel: oplader erin en klaar. Bij vorst is dat niet altijd verstandig. Koude cellen laden anders, en in het slechtste geval kan [&hellip;]<\/p>\n","protected":false},"author":15,"featured_media":0,"comment_status":"closed","ping_status":"closed","sticky":false,"template":"","format":"standard","meta":{"_acf_changed":false,"footnotes":""},"categories":[1],"tags":[],"class_list":["post-10938","post","type-post","status-publish","format-standard","hentry","category-algemeen"],"acf":[],"yoast_head":"<!-- This site is optimized with the Yoast SEO Premium plugin v28.3 (Yoast SEO v28.3) - https:\/\/yoast.com\/product\/yoast-seo-premium-wordpress\/ -->\n<title>E-bike accu opladen bij vorst: veilig in 5 stappen<\/title>\n<meta name=\"description\" content=\"Accu opladen bij vorst vraagt een andere routine. Laat je e-bike accu eerst acclimatiseren, laad veilig en houd meer bereik over in de winter.\" \/>\n<meta name=\"robots\" content=\"index, follow, max-snippet:-1, max-image-preview:large, max-video-preview:-1\" \/>\n<link rel=\"canonical\" href=\"https:\/\/stoerbikes.com\/fr\/recharger-la-batterie-dun-velo-electrique-par-temps-de-gel-voici-comment-proceder-en-toute-securite\/\" \/>\n<meta property=\"og:locale\" content=\"fr_FR\" \/>\n<meta property=\"og:type\" content=\"article\" \/>\n<meta property=\"og:title\" content=\"E-bike accu opladen bij vorst: zo doe je dat veilig\" \/>\n<meta property=\"og:description\" content=\"Accu opladen bij vorst vraagt een andere routine. Laat je e-bike accu eerst acclimatiseren, laad veilig en houd meer bereik over in de winter.\" \/>\n<meta property=\"og:url\" content=\"https:\/\/stoerbikes.com\/fr\/recharger-la-batterie-dun-velo-electrique-par-temps-de-gel-voici-comment-proceder-en-toute-securite\/\" \/>\n<meta property=\"og:site_name\" content=\"STOER Bikes\" \/>\n<meta property=\"article:publisher\" content=\"https:\/\/facebook.com\/stoerbikes\" \/>\n<meta property=\"article:published_time\" content=\"2026-07-18T12:00:00+00:00\" \/>\n<meta property=\"article:modified_time\" content=\"2026-08-12T09:16:11+00:00\" \/>\n<meta property=\"og:image\" content=\"https:\/\/stoerbikes.com\/wp-content\/uploads\/2024\/05\/image00001-9-scaled.jpeg\" \/>\n\t<meta property=\"og:image:width\" content=\"2560\" \/>\n\t<meta property=\"og:image:height\" content=\"1708\" \/>\n\t<meta property=\"og:image:type\" content=\"image\/jpeg\" \/>\n<meta name=\"author\" content=\"Authora\" \/>\n<meta name=\"twitter:card\" content=\"summary_large_image\" \/>\n<meta name=\"twitter:label1\" content=\"\u00c9crit par\" \/>\n\t<meta name=\"twitter:data1\" content=\"Authora\" \/>\n\t<meta name=\"twitter:label2\" content=\"Dur\u00e9e de lecture estim\u00e9e\" \/>\n\t<meta name=\"twitter:data2\" content=\"15 minutes\" \/>\n<script type=\"application\/ld+json\" class=\"yoast-schema-graph\">{\"@context\":\"https:\\\/\\\/schema.org\",\"@graph\":[{\"@type\":[\"Article\",\"BlogPosting\"],\"@id\":\"https:\\\/\\\/stoerbikes.com\\\/e-bike-accu-opladen-bij-vorst-zo-doe-je-dat-veilig\\\/#article\",\"isPartOf\":{\"@id\":\"https:\\\/\\\/stoerbikes.com\\\/e-bike-accu-opladen-bij-vorst-zo-doe-je-dat-veilig\\\/\"},\"author\":{\"name\":\"Authora\",\"@id\":\"https:\\\/\\\/stoerbikes.com\\\/#\\\/schema\\\/person\\\/7502f1423bafa2e4416618b40206f8ff\"},\"headline\":\"E-bike accu opladen bij vorst: zo doe je dat veilig\",\"datePublished\":\"2026-07-18T12:00:00+00:00\",\"dateModified\":\"2026-08-12T09:16:11+00:00\",\"mainEntityOfPage\":{\"@id\":\"https:\\\/\\\/stoerbikes.com\\\/e-bike-accu-opladen-bij-vorst-zo-doe-je-dat-veilig\\\/\"},\"wordCount\":1373,\"publisher\":{\"@id\":\"https:\\\/\\\/stoerbikes.com\\\/#organization\"},\"articleSection\":[\"Algemeen\"],\"inLanguage\":\"fr-FR\"},{\"@type\":\"WebPage\",\"@id\":\"https:\\\/\\\/stoerbikes.com\\\/e-bike-accu-opladen-bij-vorst-zo-doe-je-dat-veilig\\\/\",\"url\":\"https:\\\/\\\/stoerbikes.com\\\/e-bike-accu-opladen-bij-vorst-zo-doe-je-dat-veilig\\\/\",\"name\":\"E-bike accu opladen bij vorst: veilig in 5 stappen\",\"isPartOf\":{\"@id\":\"https:\\\/\\\/stoerbikes.com\\\/#website\"},\"datePublished\":\"2026-07-18T12:00:00+00:00\",\"dateModified\":\"2026-08-12T09:16:11+00:00\",\"description\":\"Accu opladen bij vorst vraagt een andere routine. Laat je e-bike accu eerst acclimatiseren, laad veilig en houd meer bereik over in de winter.\",\"breadcrumb\":{\"@id\":\"https:\\\/\\\/stoerbikes.com\\\/e-bike-accu-opladen-bij-vorst-zo-doe-je-dat-veilig\\\/#breadcrumb\"},\"inLanguage\":\"fr-FR\",\"potentialAction\":[{\"@type\":\"ReadAction\",\"target\":[\"https:\\\/\\\/stoerbikes.com\\\/e-bike-accu-opladen-bij-vorst-zo-doe-je-dat-veilig\\\/\"]}]},{\"@type\":\"BreadcrumbList\",\"@id\":\"https:\\\/\\\/stoerbikes.com\\\/e-bike-accu-opladen-bij-vorst-zo-doe-je-dat-veilig\\\/#breadcrumb\",\"itemListElement\":[{\"@type\":\"ListItem\",\"position\":1,\"name\":\"Home\",\"item\":\"https:\\\/\\\/stoerbikes.com\\\/\"},{\"@type\":\"ListItem\",\"position\":2,\"name\":\"E-bike accu opladen bij vorst: zo doe je dat veilig\"}]},{\"@type\":\"WebSite\",\"@id\":\"https:\\\/\\\/stoerbikes.com\\\/#website\",\"url\":\"https:\\\/\\\/stoerbikes.com\\\/\",\"name\":\"STOER Bikes\",\"description\":\"\",\"publisher\":{\"@id\":\"https:\\\/\\\/stoerbikes.com\\\/#organization\"},\"potentialAction\":[{\"@type\":\"SearchAction\",\"target\":{\"@type\":\"EntryPoint\",\"urlTemplate\":\"https:\\\/\\\/stoerbikes.com\\\/?s={search_term_string}\"},\"query-input\":{\"@type\":\"PropertyValueSpecification\",\"valueRequired\":true,\"valueName\":\"search_term_string\"}}],\"inLanguage\":\"fr-FR\"},{\"@type\":\"Organization\",\"@id\":\"https:\\\/\\\/stoerbikes.com\\\/#organization\",\"name\":\"STOER Bikes\",\"url\":\"https:\\\/\\\/stoerbikes.com\\\/\",\"logo\":{\"@type\":\"ImageObject\",\"inLanguage\":\"fr-FR\",\"@id\":\"https:\\\/\\\/stoerbikes.com\\\/#\\\/schema\\\/logo\\\/image\\\/\",\"url\":\"https:\\\/\\\/stoerbikes.com\\\/wp-content\\\/uploads\\\/2026\\\/01\\\/Logo-STOER.png\",\"contentUrl\":\"https:\\\/\\\/stoerbikes.com\\\/wp-content\\\/uploads\\\/2026\\\/01\\\/Logo-STOER.png\",\"width\":1580,\"height\":303,\"caption\":\"STOER Bikes\"},\"image\":{\"@id\":\"https:\\\/\\\/stoerbikes.com\\\/#\\\/schema\\\/logo\\\/image\\\/\"},\"sameAs\":[\"https:\\\/\\\/facebook.com\\\/stoerbikes\",\"https:\\\/\\\/www.instagram.com\\\/stoerbikes\",\"https:\\\/\\\/www.linkedin.com\\\/company\\\/stoerbikes\\\/\",\"https:\\\/\\\/www.tiktok.com\\\/@stoerbikes\",\"https:\\\/\\\/www.youtube.com\\\/channel\\\/UCMBW5py6Mfoj1GNaRokv17g\"]},{\"@type\":\"Person\",\"@id\":\"https:\\\/\\\/stoerbikes.com\\\/#\\\/schema\\\/person\\\/7502f1423bafa2e4416618b40206f8ff\",\"name\":\"Authora\",\"image\":{\"@type\":\"ImageObject\",\"inLanguage\":\"fr-FR\",\"@id\":\"https:\\\/\\\/secure.gravatar.com\\\/avatar\\\/d58fc5f5a46da799c1b1d64215cb0da01fa53300a2b1867b577bac857324b89a?s=96&d=mm&r=g\",\"url\":\"https:\\\/\\\/secure.gravatar.com\\\/avatar\\\/d58fc5f5a46da799c1b1d64215cb0da01fa53300a2b1867b577bac857324b89a?s=96&d=mm&r=g\",\"contentUrl\":\"https:\\\/\\\/secure.gravatar.com\\\/avatar\\\/d58fc5f5a46da799c1b1d64215cb0da01fa53300a2b1867b577bac857324b89a?s=96&d=mm&r=g\",\"caption\":\"Authora\"}}]}<\/script>\n<!-- \/ Yoast SEO Premium plugin. -->","yoast_head_json":{"title":"Recharger la batterie d'un v\u00e9lo \u00e9lectrique par temps de gel : 5 \u00e9tapes pour le faire en toute s\u00e9curit\u00e9","description":"La recharge de la batterie par temps de gel n\u00e9cessite une autre proc\u00e9dure. Laissez d'abord la batterie de votre v\u00e9lo \u00e9lectrique s'acclimater, rechargez-la en toute s\u00e9curit\u00e9 et profitez d'une plus grande autonomie en hiver.","robots":{"index":"index","follow":"follow","max-snippet":"max-snippet:-1","max-image-preview":"max-image-preview:large","max-video-preview":"max-video-preview:-1"},"canonical":"https:\/\/stoerbikes.com\/fr\/recharger-la-batterie-dun-velo-electrique-par-temps-de-gel-voici-comment-proceder-en-toute-securite\/","og_locale":"fr_FR","og_type":"article","og_title":"E-bike accu opladen bij vorst: zo doe je dat veilig","og_description":"Accu opladen bij vorst vraagt een andere routine. Laat je e-bike accu eerst acclimatiseren, laad veilig en houd meer bereik over in de winter.","og_url":"https:\/\/stoerbikes.com\/fr\/recharger-la-batterie-dun-velo-electrique-par-temps-de-gel-voici-comment-proceder-en-toute-securite\/","og_site_name":"STOER Bikes","article_publisher":"https:\/\/facebook.com\/stoerbikes","article_published_time":"2026-07-18T12:00:00+00:00","article_modified_time":"2026-08-12T09:16:11+00:00","og_image":[{"width":2560,"height":1708,"url":"https:\/\/stoerbikes.com\/wp-content\/uploads\/2024\/05\/image00001-9-scaled.jpeg","type":"image\/jpeg"}],"author":"Authora","twitter_card":"summary_large_image","twitter_misc":{"\u00c9crit par":"Authora","Dur\u00e9e de lecture estim\u00e9e":"15 minutes"},"schema":{"@context":"https:\/\/schema.org","@graph":[{"@type":["Article","BlogPosting"],"@id":"https:\/\/stoerbikes.com\/e-bike-accu-opladen-bij-vorst-zo-doe-je-dat-veilig\/#article","isPartOf":{"@id":"https:\/\/stoerbikes.com\/e-bike-accu-opladen-bij-vorst-zo-doe-je-dat-veilig\/"},"author":{"name":"Authora","@id":"https:\/\/stoerbikes.com\/#\/schema\/person\/7502f1423bafa2e4416618b40206f8ff"},"headline":"E-bike accu opladen bij vorst: zo doe je dat veilig","datePublished":"2026-07-18T12:00:00+00:00","dateModified":"2026-08-12T09:16:11+00:00","mainEntityOfPage":{"@id":"https:\/\/stoerbikes.com\/e-bike-accu-opladen-bij-vorst-zo-doe-je-dat-veilig\/"},"wordCount":1373,"publisher":{"@id":"https:\/\/stoerbikes.com\/#organization"},"articleSection":["Algemeen"],"inLanguage":"fr-FR"},{"@type":"WebPage","@id":"https:\/\/stoerbikes.com\/e-bike-accu-opladen-bij-vorst-zo-doe-je-dat-veilig\/","url":"https:\/\/stoerbikes.com\/e-bike-accu-opladen-bij-vorst-zo-doe-je-dat-veilig\/","name":"Recharger la batterie d'un v\u00e9lo \u00e9lectrique par temps de gel : 5 \u00e9tapes pour le faire en toute s\u00e9curit\u00e9","isPartOf":{"@id":"https:\/\/stoerbikes.com\/#website"},"datePublished":"2026-07-18T12:00:00+00:00","dateModified":"2026-08-12T09:16:11+00:00","description":"La recharge de la batterie par temps de gel n\u00e9cessite une autre proc\u00e9dure. Laissez d'abord la batterie de votre v\u00e9lo \u00e9lectrique s'acclimater, rechargez-la en toute s\u00e9curit\u00e9 et profitez d'une plus grande autonomie en hiver.","breadcrumb":{"@id":"https:\/\/stoerbikes.com\/e-bike-accu-opladen-bij-vorst-zo-doe-je-dat-veilig\/#breadcrumb"},"inLanguage":"fr-FR","potentialAction":[{"@type":"ReadAction","target":["https:\/\/stoerbikes.com\/e-bike-accu-opladen-bij-vorst-zo-doe-je-dat-veilig\/"]}]},{"@type":"BreadcrumbList","@id":"https:\/\/stoerbikes.com\/e-bike-accu-opladen-bij-vorst-zo-doe-je-dat-veilig\/#breadcrumb","itemListElement":[{"@type":"ListItem","position":1,"name":"Home","item":"https:\/\/stoerbikes.com\/"},{"@type":"ListItem","position":2,"name":"E-bike accu opladen bij vorst: zo doe je dat veilig"}]},{"@type":"WebSite","@id":"https:\/\/stoerbikes.com\/#website","url":"https:\/\/stoerbikes.com\/","name":"STOER Bikes","description":"","publisher":{"@id":"https:\/\/stoerbikes.com\/#organization"},"potentialAction":[{"@type":"SearchAction","target":{"@type":"EntryPoint","urlTemplate":"https:\/\/stoerbikes.com\/?s={search_term_string}"},"query-input":{"@type":"PropertyValueSpecification","valueRequired":true,"valueName":"search_term_string"}}],"inLanguage":"fr-FR"},{"@type":"Organization","@id":"https:\/\/stoerbikes.com\/#organization","name":"STOER Bikes","url":"https:\/\/stoerbikes.com\/","logo":{"@type":"ImageObject","inLanguage":"fr-FR","@id":"https:\/\/stoerbikes.com\/#\/schema\/logo\/image\/","url":"https:\/\/stoerbikes.com\/wp-content\/uploads\/2026\/01\/Logo-STOER.png","contentUrl":"https:\/\/stoerbikes.com\/wp-content\/uploads\/2026\/01\/Logo-STOER.png","width":1580,"height":303,"caption":"STOER Bikes"},"image":{"@id":"https:\/\/stoerbikes.com\/#\/schema\/logo\/image\/"},"sameAs":["https:\/\/facebook.com\/stoerbikes","https:\/\/www.instagram.com\/stoerbikes","https:\/\/www.linkedin.com\/company\/stoerbikes\/","https:\/\/www.tiktok.com\/@stoerbikes","https:\/\/www.youtube.com\/channel\/UCMBW5py6Mfoj1GNaRokv17g"]},{"@type":"Person","@id":"https:\/\/stoerbikes.com\/#\/schema\/person\/7502f1423bafa2e4416618b40206f8ff","name":"Auteura","image":{"@type":"ImageObject","inLanguage":"fr-FR","@id":"https:\/\/secure.gravatar.com\/avatar\/d58fc5f5a46da799c1b1d64215cb0da01fa53300a2b1867b577bac857324b89a?s=96&d=mm&r=g","url":"https:\/\/secure.gravatar.com\/avatar\/d58fc5f5a46da799c1b1d64215cb0da01fa53300a2b1867b577bac857324b89a?s=96&d=mm&r=g","contentUrl":"https:\/\/secure.gravatar.com\/avatar\/d58fc5f5a46da799c1b1d64215cb0da01fa53300a2b1867b577bac857324b89a?s=96&d=mm&r=g","caption":"Authora"}}]}},"_links":{"self":[{"href":"https:\/\/stoerbikes.com\/fr\/wp-json\/wp\/v2\/posts\/10938","targetHints":{"allow":["GET"]}}],"collection":[{"href":"https:\/\/stoerbikes.com\/fr\/wp-json\/wp\/v2\/posts"}],"about":[{"href":"https:\/\/stoerbikes.com\/fr\/wp-json\/wp\/v2\/types\/post"}],"author":[{"embeddable":true,"href":"https:\/\/stoerbikes.com\/fr\/wp-json\/wp\/v2\/users\/15"}],"replies":[{"embeddable":true,"href":"https:\/\/stoerbikes.com\/fr\/wp-json\/wp\/v2\/comments?post=10938"}],"version-history":[{"count":2,"href":"https:\/\/stoerbikes.com\/fr\/wp-json\/wp\/v2\/posts\/10938\/revisions"}],"predecessor-version":[{"id":11087,"href":"https:\/\/stoerbikes.com\/fr\/wp-json\/wp\/v2\/posts\/10938\/revisions\/11087"}],"wp:attachment":[{"href":"https:\/\/stoerbikes.com\/fr\/wp-json\/wp\/v2\/media?parent=10938"}],"wp:term":[{"taxonomy":"category","embeddable":true,"href":"https:\/\/stoerbikes.com\/fr\/wp-json\/wp\/v2\/categories?post=10938"},{"taxonomy":"post_tag","embeddable":true,"href":"https:\/\/stoerbikes.com\/fr\/wp-json\/wp\/v2\/tags?post=10938"}],"curies":[{"name":"wp","href":"https:\/\/api.w.org\/{rel}","templated":true}]}}