{"id":10934,"date":"2026-07-17T16:00:00","date_gmt":"2026-07-17T14:00:00","guid":{"rendered":"https:\/\/stoerbikes.com\/nl\/?p=10934"},"modified":"2026-07-22T12:03:50","modified_gmt":"2026-07-22T10:03:50","slug":"emporter-son-velo-cargo-dans-lascenseur-sans-probleme","status":"publish","type":"post","link":"https:\/\/stoerbikes.com\/fr\/bakfiets-in-de-lift-meenemen-zonder-gedoe\/","title":{"rendered":"Emporter son v\u00e9lo cargo dans l'ascenseur sans probl\u00e8me"},"content":{"rendered":"<p>Vous habitez dans un appartement, vous n'avez pas de remise au rez-de-chauss\u00e9e et l'entr\u00e9e est juste un peu trop \u00e9troite pour y garer \u201c rapidement \u201d un v\u00e9lo cargo. La question se pose alors tout naturellement : est-il possible de <strong>emporter son v\u00e9lo cargo dans l'ascenseur<\/strong> Et comment faire cela en toute s\u00e9curit\u00e9, sans endommager l'ascenseur, le v\u00e9lo ou chez les voisins ?<\/p>\n<p>C'est souvent possible, mais cela n\u00e9cessite des mesures, une bonne organisation et une routine bien \u00e9tablie. Vous trouverez ci-dessous des conseils pratiques concernant les dimensions, le poids, les man\u0153uvres et la gestion des ascenseurs exigus dans les immeubles urbains.<\/p>\n<h2>Dans quelles circonstances est-il r\u00e9aliste d'utiliser un v\u00e9lo cargo dans l'ascenseur ?<\/h2>\n<p>Prendre l'ascenseur avec un v\u00e9lo cargo est surtout possible dans les immeubles dot\u00e9s d'un ascenseur pour personnes spacieux ou d'un (petit) monte-charge. Dans les anciens immeubles \u00e0 porche dot\u00e9s d'une cabine d'ascenseur \u00e9troite, c'est plus difficile, surtout avec une caisse longue ou un guidon large.<\/p>\n<p>Pensez aussi \u00e0 l'usage quotidien : vous ne le faites pas une seule fois, mais peut-\u00eatre deux fois par jour. Dans ce cas, il ne s'agit pas seulement de savoir si \u201c \u00e7a va \u201d, mais aussi si \u201c c'est agr\u00e9able et facile \u00e0 g\u00e9rer \u201d.<\/p>\n<ul>\n<li><strong>Tout \u00e0 fait r\u00e9alisable<\/strong>: ascenseur avec une porte large, une profondeur de cabine suffisante et des seuils plats.<\/li>\n<li><strong>Cas douteux<\/strong>: l'ascenseur passe tout juste, mais seulement en le faisant pivoter et en le positionnant avec pr\u00e9cision.<\/li>\n<li><strong>Inutile<\/strong>: porte \u00e9troite, seuil haut, virage serr\u00e9 juste avant l'ascenseur.<\/li>\n<\/ul>\n<h2>Plan de mesure : voici ce que vous devez mesurer au pr\u00e9alable<\/h2>\n<p>Prendre les mesures permet d'\u00e9viter les d\u00e9sagr\u00e9ments dans le couloir. Prenez un m\u00e8tre ruban et notez toutes les dimensions. Mieux vaut mesurer deux fois que de se montrer trop optimiste la premi\u00e8re fois.<\/p>\n<h3>1) Porte d'ascenseur et passages<\/h3>\n<p>La porte de l'ascenseur constitue souvent un goulot d'\u00e9tranglement. Ce n'est pas seulement sa largeur qui compte, mais aussi l'espace libre qui l'entoure.<\/p>\n<ul>\n<li><strong>Largeur de la porte<\/strong> (ouverture libre, et non les dimensions du ch\u00e2ssis).<\/li>\n<li><strong>Hauteur du seuil<\/strong> et s'il y a une rampe d'acc\u00e8s en pente.<\/li>\n<li><strong>Espace devant la porte<\/strong>: peut-on continuer tout droit ou faut-il tourner imm\u00e9diatement ?<\/li>\n<li><strong>Largeur du couloir<\/strong> en direction de l'ascenseur et des \u00e9ventuels virages.<\/li>\n<\/ul>\n<h3>2) Cabine d'ascenseur : largeur, profondeur et espace en angle<\/h3>\n<p>De nombreux ascenseurs sont rectangulaires. Il ne suffit pas que votre v\u00e9lo-cargo \u201c rentre \u201d dedans, il faut aussi que vous puissiez fermer la porte.<\/p>\n<ul>\n<li><strong>Profondeur de la cage<\/strong>: de la porte \u00e0 la paroi arri\u00e8re.<\/li>\n<li><strong>Largeur de la cage<\/strong>: d'une paroi lat\u00e9rale \u00e0 l'autre.<\/li>\n<li><strong>Pi\u00e8ce d'angle<\/strong>: est-il possible d'incliner la face avant si elle ne passe pas en allant tout droit ?<\/li>\n<\/ul>\n<h3>3) Les dimensions du v\u00e9lo qui font la diff\u00e9rence<\/h3>\n<p>Toutes les dimensions n'ont pas la m\u00eame importance. Pour les ascenseurs, ce sont surtout la longueur (de la cabine), la largeur du guidon et le rayon de braquage qui comptent.<\/p>\n<ul>\n<li><strong>Longueur totale<\/strong> du v\u00e9lo cargo.<\/li>\n<li><strong>Largeur du guidon<\/strong> (et le r\u00e9troviseur\/les poign\u00e9es si elles d\u00e9passent).<\/li>\n<li><strong>Largeur du bac<\/strong> bordure ou accessoires compris.<\/li>\n<li><strong>Cercle de rotation<\/strong> Dans le couloir : de combien d'espace disposez-vous pour \u201c vous installer \u201d ?<\/li>\n<\/ul>\n<p>Astuce : tracez au ruban adh\u00e9sif un rectangle au sol de votre entr\u00e9e ou de votre d\u00e9barras, aux dimensions de la cabine d'ascenseur. Vous pourrez ainsi vous entra\u00eener chez vous \u00e0 effectuer les man\u0153uvres n\u00e9cessaires.<\/p>\n<h2>Poids et capacit\u00e9 de charge : quels sont les \u00e9l\u00e9ments \u00e0 prendre en compte ?<\/h2>\n<p>Un v\u00e9lo cargo \u00e9lectrique est plus lourd qu'un v\u00e9lo de ville. Dans un ascenseur, ce n'est pas seulement votre force qui compte, mais aussi la charge maximale autoris\u00e9e. Celle-ci est g\u00e9n\u00e9ralement indiqu\u00e9e sur un panneau \u00e0 l'int\u00e9rieur de l'ascenseur (par exemple 400 kg ou 630 kg).<\/p>\n<p>Tenez compte de la charge totale : le v\u00e9lo + vous + les bagages \u00e9ventuels. Ne transportez pas d'enfants ni de courses lourdes dans le panier dans l'ascenseur ; cela rend les man\u0153uvres impr\u00e9visibles et rend la situation plus dangereuse.<\/p>\n<h3>R\u00e8gles pratiques<\/h3>\n<ul>\n<li>Aller <strong>seulement<\/strong> Prends le v\u00e9lo cargo dans l'ascenseur si tu dois faire des man\u0153uvres serr\u00e9es.<\/li>\n<li>Aller chercher <strong>sacs \u00e0 l'unit\u00e9<\/strong> sortir du bac avant de man\u0153uvrer.<\/li>\n<li>Utilisation <strong>faible vitesse<\/strong> et \u00e9viter que le v\u00e9lo ne \u201c roule \u201d sur un sol en pente.<\/li>\n<\/ul>\n<p>Vous souhaitez savoir comment les ascenseurs des immeubles d'habitation sont con\u00e7us en termes de s\u00e9curit\u00e9 et d'utilisation ? Vous trouverez les r\u00e8gles de base relatives aux ascenseurs et \u00e0 la s\u00e9curit\u00e9 sur le site du gouvernement n\u00e9erlandais (Inspection SZW) : <a href=\"https:\/\/www.nlarbeidsinspectie.nl\/onderwerpen\/liften\" rel=\"nofollow\">https:\/\/www.nlarbeidsinspectie.nl\/onderwerpen\/liften<\/a>.<\/p>\n<h2>\u00c9tape par \u00e9tape : comment faire entrer et sortir un v\u00e9lo-cargo de l'ascenseur en toute s\u00e9curit\u00e9<\/h2>\n<p>C'est g\u00e9n\u00e9ralement au cours des 30 premi\u00e8res secondes que les d\u00e9g\u00e2ts les plus importants se produisent : entr\u00e9e, point de virage et seuil. En suivant un ordre bien d\u00e9fini, vous gardez le contr\u00f4le.<\/p>\n<h3>Avant de monter \u00e0 bord<\/h3>\n<ul>\n<li>Placez le <strong>soutien<\/strong> (par d\u00e9faut) : repliez compl\u00e8tement tout ce qui peut s'accrocher.<\/li>\n<li>V\u00e9rifie si tu <strong>guidon droit<\/strong> est en place et que les p\u00e9dales ne d\u00e9passent pas.<\/li>\n<li>D\u00e9marrez le moteur <strong>de<\/strong> si vous n'avez pas besoin d'une aide \u00e0 la marche.<\/li>\n<li>Utiliser le <strong>frein avant<\/strong> comme \u2018 point d'ancrage \u2019 lorsque tu t'arr\u00eates devant un seuil.<\/li>\n<\/ul>\n<h3>Insertion : la m\u00e9thode la plus stable<\/h3>\n<p>Dans la plupart des ascenseurs, il vaut mieux entrer \u201c en marche arri\u00e8re \u201d, car cela permet de sortir en roulant vers l'avant et d'avoir une meilleure visibilit\u00e9. Cela permet d'\u00e9viter le stress aux heures de pointe.<\/p>\n<ul>\n<li>Roulez jusqu\u2019\u00e0 ce que vous soyez juste devant la porte et <strong>immobilise le v\u00e9lo<\/strong> avec le frein avant.<\/li>\n<li>Poussez le v\u00e9lo cargo <strong>en arri\u00e8re<\/strong> dans l'ascenseur, en pla\u00e7ant ta hanche \u00e0 c\u00f4t\u00e9 de la selle pour garder le contr\u00f4le.<\/li>\n<li>Inclinez l\u00e9g\u00e8rement le guidon pour que le <strong>largeur du guidon<\/strong> se positionner intelligemment.<\/li>\n<li>Garez-vous en diagonale si n\u00e9cessaire, mais veillez \u00e0 ce que le <strong>porte libre<\/strong> peut fermer.<\/li>\n<\/ul>\n<h3>Descendre<\/h3>\n<ul>\n<li>Attendez que la porte soit compl\u00e8tement ouverte.<\/li>\n<li>Ligne <strong>en avant<\/strong> En sortant de l'ascenseur, calmement et en franchissant le seuil sans h\u00e9siter.<\/li>\n<li>Ne t'arr\u00eate qu'apr\u00e8s le seuil ; tu \u00e9viteras ainsi qu'une roue ne reste coinc\u00e9e.<\/li>\n<\/ul>\n<h2>Probl\u00e8mes courants et solutions rapides<\/h2>\n<h3>La porte de l'ascenseur se ferme trop vite<\/h3>\n<p>Si vous manquez souvent de temps, demandez \u00e0 l'association des copropri\u00e9taires ou au gestionnaire si le d\u00e9lai d'ouverture de la porte est r\u00e9glable. Parfois, il suffit d'un petit ajustement.<\/p>\n<h3>On reste accroch\u00e9 au guidon ou au rebord du bac<\/h3>\n<p>Retirez ou d\u00e9placez les accessoires qui augmentent la largeur, comme les r\u00e9troviseurs saillants ou les extensions de poign\u00e9es larges. V\u00e9rifiez \u00e9galement qu'un si\u00e8ge enfant \u00e0 l'arri\u00e8re ne g\u00eane pas le rayon de braquage.<\/p>\n<h3>Le sol est lisse ou pr\u00e9sente une l\u00e9g\u00e8re pente<\/h3>\n<p>Utilisez les freins comme \u2018 aide au stationnement \u2019 et ne laissez jamais le v\u00e9lo-cargo sans surveillance dans un ascenseur ouvert. Un l\u00e9ger mouvement de roulement peut suffire \u00e0 le faire heurter la paroi.<\/p>\n<h2>Prot\u00e9gez votre ascenseur et votre v\u00e9lo cargo<\/h2>\n<p>Dans un immeuble d'appartements, mieux vaut \u00e9viter les disputes au sujet des rayures et des chocs. Une simple protection permet de limiter les risques.<\/p>\n<ul>\n<li><strong>Protections de cadre<\/strong> ou une bande de protection souple aux points de contact.<\/li>\n<li><strong>Protection des bords de cuve<\/strong> si vous frottez souvent contre les murs dans les virages serr\u00e9s.<\/li>\n<li><strong>Tapis en caoutchouc<\/strong> dans l'ascenseur (uniquement si cela est autoris\u00e9) pour l'adh\u00e9rence et l'amortissement.<\/li>\n<\/ul>\n<p>\u00c0 consulter : vous trouverez les accessoires pratiques pour un usage quotidien en ville sur la page consacr\u00e9e \u00e0 <a href=\"https:\/\/stoerbikes.com\/fr\/boutique\/\">accessoires pour votre v\u00e9lo cargo<\/a>.<\/p>\n<h2>Et si \u00e7a passe tout juste : facilitez-vous la vie<\/h2>\n<p>Si la pente est juste assez raide, tout est une question de routine et de petites am\u00e9liorations. Pensez \u00e0 l'endroit o\u00f9 vous placez vos mains, \u00e0 la fa\u00e7on dont vous inclinez le guidon et \u00e0 la mani\u00e8re dont vous \u201c bloquez \u201d le v\u00e9lo avec le frein.<\/p>\n<h3>Liste de contr\u00f4le pour votre trajet quotidien<\/h3>\n<ul>\n<li>Le bac est vide ou les objets sont empil\u00e9s en faible hauteur<\/li>\n<li>R\u00e9glez le meilleur angle d'insertion<\/li>\n<li>Utiliser le frein avant aux ralentisseurs<\/li>\n<li>Pas de passagers dans la cabine d'ascenseur<\/li>\n<li>Allure tranquille, ne pas utiliser la puissance du moteur dans les espaces restreints<\/li>\n<\/ul>\n<h2>Quel v\u00e9lo cargo choisir si l'on prend souvent le train ?<\/h2>\n<p>Tous les v\u00e9los cargo ne sont pas adapt\u00e9s \u00e0 l'utilisation d'un ascenseur. Si vous devez le faire tous les jours, veillez particuli\u00e8rement, lors de votre choix, \u00e0 la maniabilit\u00e9, \u00e0 l'\u00e9clairage (pour les entr\u00e9es sombres) et \u00e0 la \u201c douceur \u201d de la conduite \u00e0 faible vitesse.<\/p>\n<p>Pour les familles et une utilisation en milieu urbain, il est judicieux d'opter pour un mod\u00e8le qui privil\u00e9gie la stabilit\u00e9 et le contr\u00f4le, comme le <a href=\"https:\/\/stoerbikes.com\/fr\/produit\/cargox\/\">V\u00e9lo cargo STOER CargoX<\/a>. Non pas parce qu\u2019un ascenseur devient soudain plus grand, mais parce qu\u2019une conduite pr\u00e9visible et un freinage ferme facilitent les man\u0153uvres dans les espaces restreints.<\/p>\n<p>Vous n'utilisez pas de panier, mais vous souhaitez tout de m\u00eame un v\u00e9lo \u00e9lectrique compact pour faciliter vos d\u00e9placements en ascenseur en ville ? Alors jetez un \u0153il \u00e0 la <a href=\"https:\/\/stoerbikes.com\/fr\/produit\/cityx\/\">V\u00e9lo \u00e9lectrique CityX<\/a> comme alternative aux trajets domicile-travail et aux courses.<\/p>\n<h2>Assurance et sinistres : prenez les dispositions n\u00e9cessaires avant qu'un incident ne survienne<\/h2>\n<p>Un petit coup contre la paroi de l'ascenseur n'est souvent qu'un dommage esth\u00e9tique. Une chute dans le hall d'entr\u00e9e peut s'av\u00e9rer plus co\u00fbteuse. Pensez aux d\u00e9g\u00e2ts caus\u00e9s \u00e0 votre v\u00e9lo, mais aussi \u00e0 l'environnement ou \u00e0 des tiers.<\/p>\n<p>V\u00e9rifiez donc ce qui est couvert et ce qui ne l'est pas. Sur le site, vous trouverez des explications sur <a href=\"https:\/\/stoerbikes.com\/fr\/lassurance\/\">Assurance et couverture pour les v\u00e9los cargo<\/a>, pour \u00e9viter de devoir chercher \u00e0 comprendre comment \u00e7a fonctionne seulement apr\u00e8s un incident.<\/p>\n<h2>Si ce n'est vraiment pas possible : trois alternatives pratiques<\/h2>\n<p>Parfois, l'ascenseur est tout simplement trop petit ou l'acc\u00e8s trop peu pratique. Dans ce cas, vous pouvez tout de m\u00eame vous organiser pour b\u00e9n\u00e9ficier d'un confort similaire \u00e0 celui d'un v\u00e9lo cargo.<\/p>\n<ul>\n<li><strong>Parking au rez-de-chauss\u00e9e<\/strong>: convenez avec l'association des copropri\u00e9taires d'un emplacement fixe \u00e9quip\u00e9 d'un cadenas \u00e0 anse.<\/li>\n<li><strong>Passage \u00e0 un mod\u00e8le plus compact<\/strong>: un v\u00e9lo \u00e9lectrique urbain pour un usage quotidien et, de temps en temps, un v\u00e9lo-cargo en libre-service ou un service de livraison.<\/li>\n<li><strong>Adapter la logistique<\/strong>: se faire livrer les courses lourdes et utiliser le v\u00e9lo principalement pour les enfants et les petits trajets.<\/li>\n<\/ul>\n<p>Vous vous demandez si votre hall d'entr\u00e9e et votre ascenseur sont adapt\u00e9s, ou vous souhaitez obtenir des conseils sur la configuration la mieux adapt\u00e9e \u00e0 votre immeuble ? D\u00e9couvrez les mod\u00e8les sur <a href=\"https:\/\/stoerbikes.com\/fr\/velos\/\">tous les v\u00e9los STOER<\/a> N'h\u00e9sitez pas \u00e0 contacter ensuite un concessionnaire pour obtenir une estimation concr\u00e8te adapt\u00e9e \u00e0 votre situation.<\/p>","protected":false},"excerpt":{"rendered":"<p>Je woont in een appartement, je hebt geen schuur op de begane grond en de entree is net te krap om een bakfiets \u201ceven\u201d te parkeren. Dan komt de vraag vanzelf: kun je een bakfiets in de lift meenemen en hoe doe je dat veilig, zonder schade aan lift, fiets of buren? Het kan vaak [&hellip;]<\/p>\n","protected":false},"author":15,"featured_media":0,"comment_status":"closed","ping_status":"closed","sticky":false,"template":"","format":"standard","meta":{"_acf_changed":false,"footnotes":""},"categories":[1],"tags":[],"class_list":["post-10934","post","type-post","status-publish","format-standard","hentry","category-algemeen"],"acf":[],"yoast_head":"<!-- This site is optimized with the Yoast SEO Premium plugin v28.3 (Yoast SEO v28.3) - https:\/\/yoast.com\/product\/yoast-seo-premium-wordpress\/ -->\n<title>Bakfiets in de lift: veilig meten, tillen en manoeuvreren - STOER Bikes<\/title>\n<meta name=\"description\" content=\"Woon je in een appartement? Zo krijg je een bakfiets in de lift veilig mee, met meetplan, stappenplan en tips tegen schade.\" \/>\n<meta name=\"robots\" content=\"index, follow, max-snippet:-1, max-image-preview:large, max-video-preview:-1\" \/>\n<link rel=\"canonical\" href=\"https:\/\/stoerbikes.com\/fr\/emporter-son-velo-cargo-dans-lascenseur-sans-probleme\/\" \/>\n<meta property=\"og:locale\" content=\"fr_FR\" \/>\n<meta property=\"og:type\" content=\"article\" \/>\n<meta property=\"og:title\" content=\"Bakfiets in de lift meenemen zonder gedoe\" \/>\n<meta property=\"og:description\" content=\"Woon je in een appartement? Zo krijg je een bakfiets in de lift veilig mee, met meetplan, stappenplan en tips tegen schade.\" \/>\n<meta property=\"og:url\" content=\"https:\/\/stoerbikes.com\/fr\/emporter-son-velo-cargo-dans-lascenseur-sans-probleme\/\" \/>\n<meta property=\"og:site_name\" content=\"STOER Bikes\" \/>\n<meta property=\"article:publisher\" content=\"https:\/\/facebook.com\/stoerbikes\" \/>\n<meta property=\"article:published_time\" content=\"2026-07-17T14:00:00+00:00\" \/>\n<meta property=\"article:modified_time\" content=\"2026-07-22T10:03:50+00:00\" \/>\n<meta property=\"og:image\" content=\"https:\/\/stoerbikes.com\/wp-content\/uploads\/2024\/05\/image00001-9-scaled.jpeg\" \/>\n\t<meta property=\"og:image:width\" content=\"2560\" \/>\n\t<meta property=\"og:image:height\" content=\"1708\" \/>\n\t<meta property=\"og:image:type\" content=\"image\/jpeg\" \/>\n<meta name=\"author\" content=\"Authora\" \/>\n<meta name=\"twitter:card\" content=\"summary_large_image\" \/>\n<meta name=\"twitter:label1\" content=\"\u00c9crit par\" \/>\n\t<meta name=\"twitter:data1\" content=\"Authora\" \/>\n\t<meta name=\"twitter:label2\" content=\"Dur\u00e9e de lecture estim\u00e9e\" \/>\n\t<meta name=\"twitter:data2\" content=\"8 minutes\" \/>\n<script type=\"application\/ld+json\" class=\"yoast-schema-graph\">{\"@context\":\"https:\\\/\\\/schema.org\",\"@graph\":[{\"@type\":[\"Article\",\"BlogPosting\"],\"@id\":\"https:\\\/\\\/stoerbikes.com\\\/bakfiets-in-de-lift-meenemen-zonder-gedoe\\\/#article\",\"isPartOf\":{\"@id\":\"https:\\\/\\\/stoerbikes.com\\\/bakfiets-in-de-lift-meenemen-zonder-gedoe\\\/\"},\"author\":{\"name\":\"Authora\",\"@id\":\"https:\\\/\\\/stoerbikes.com\\\/#\\\/schema\\\/person\\\/7502f1423bafa2e4416618b40206f8ff\"},\"headline\":\"Bakfiets in de lift meenemen zonder gedoe\",\"datePublished\":\"2026-07-17T14:00:00+00:00\",\"dateModified\":\"2026-07-22T10:03:50+00:00\",\"mainEntityOfPage\":{\"@id\":\"https:\\\/\\\/stoerbikes.com\\\/bakfiets-in-de-lift-meenemen-zonder-gedoe\\\/\"},\"wordCount\":1321,\"publisher\":{\"@id\":\"https:\\\/\\\/stoerbikes.com\\\/#organization\"},\"articleSection\":[\"Algemeen\"],\"inLanguage\":\"fr-FR\"},{\"@type\":\"WebPage\",\"@id\":\"https:\\\/\\\/stoerbikes.com\\\/bakfiets-in-de-lift-meenemen-zonder-gedoe\\\/\",\"url\":\"https:\\\/\\\/stoerbikes.com\\\/bakfiets-in-de-lift-meenemen-zonder-gedoe\\\/\",\"name\":\"Bakfiets in de lift: veilig meten, tillen en manoeuvreren - STOER Bikes\",\"isPartOf\":{\"@id\":\"https:\\\/\\\/stoerbikes.com\\\/#website\"},\"datePublished\":\"2026-07-17T14:00:00+00:00\",\"dateModified\":\"2026-07-22T10:03:50+00:00\",\"description\":\"Woon je in een appartement? Zo krijg je een bakfiets in de lift veilig mee, met meetplan, stappenplan en tips tegen schade.\",\"breadcrumb\":{\"@id\":\"https:\\\/\\\/stoerbikes.com\\\/bakfiets-in-de-lift-meenemen-zonder-gedoe\\\/#breadcrumb\"},\"inLanguage\":\"fr-FR\",\"potentialAction\":[{\"@type\":\"ReadAction\",\"target\":[\"https:\\\/\\\/stoerbikes.com\\\/bakfiets-in-de-lift-meenemen-zonder-gedoe\\\/\"]}]},{\"@type\":\"BreadcrumbList\",\"@id\":\"https:\\\/\\\/stoerbikes.com\\\/bakfiets-in-de-lift-meenemen-zonder-gedoe\\\/#breadcrumb\",\"itemListElement\":[{\"@type\":\"ListItem\",\"position\":1,\"name\":\"Home\",\"item\":\"https:\\\/\\\/stoerbikes.com\\\/\"},{\"@type\":\"ListItem\",\"position\":2,\"name\":\"Bakfiets in de lift meenemen zonder gedoe\"}]},{\"@type\":\"WebSite\",\"@id\":\"https:\\\/\\\/stoerbikes.com\\\/#website\",\"url\":\"https:\\\/\\\/stoerbikes.com\\\/\",\"name\":\"STOER Bikes\",\"description\":\"\",\"publisher\":{\"@id\":\"https:\\\/\\\/stoerbikes.com\\\/#organization\"},\"potentialAction\":[{\"@type\":\"SearchAction\",\"target\":{\"@type\":\"EntryPoint\",\"urlTemplate\":\"https:\\\/\\\/stoerbikes.com\\\/?s={search_term_string}\"},\"query-input\":{\"@type\":\"PropertyValueSpecification\",\"valueRequired\":true,\"valueName\":\"search_term_string\"}}],\"inLanguage\":\"fr-FR\"},{\"@type\":\"Organization\",\"@id\":\"https:\\\/\\\/stoerbikes.com\\\/#organization\",\"name\":\"STOER Bikes\",\"url\":\"https:\\\/\\\/stoerbikes.com\\\/\",\"logo\":{\"@type\":\"ImageObject\",\"inLanguage\":\"fr-FR\",\"@id\":\"https:\\\/\\\/stoerbikes.com\\\/#\\\/schema\\\/logo\\\/image\\\/\",\"url\":\"https:\\\/\\\/stoerbikes.com\\\/wp-content\\\/uploads\\\/2026\\\/01\\\/Logo-STOER.png\",\"contentUrl\":\"https:\\\/\\\/stoerbikes.com\\\/wp-content\\\/uploads\\\/2026\\\/01\\\/Logo-STOER.png\",\"width\":1580,\"height\":303,\"caption\":\"STOER Bikes\"},\"image\":{\"@id\":\"https:\\\/\\\/stoerbikes.com\\\/#\\\/schema\\\/logo\\\/image\\\/\"},\"sameAs\":[\"https:\\\/\\\/facebook.com\\\/stoerbikes\",\"https:\\\/\\\/www.instagram.com\\\/stoerbikes\",\"https:\\\/\\\/www.linkedin.com\\\/company\\\/stoerbikes\\\/\",\"https:\\\/\\\/www.tiktok.com\\\/@stoerbikes\",\"https:\\\/\\\/www.youtube.com\\\/channel\\\/UCMBW5py6Mfoj1GNaRokv17g\"]},{\"@type\":\"Person\",\"@id\":\"https:\\\/\\\/stoerbikes.com\\\/#\\\/schema\\\/person\\\/7502f1423bafa2e4416618b40206f8ff\",\"name\":\"Authora\",\"image\":{\"@type\":\"ImageObject\",\"inLanguage\":\"fr-FR\",\"@id\":\"https:\\\/\\\/secure.gravatar.com\\\/avatar\\\/d58fc5f5a46da799c1b1d64215cb0da01fa53300a2b1867b577bac857324b89a?s=96&d=mm&r=g\",\"url\":\"https:\\\/\\\/secure.gravatar.com\\\/avatar\\\/d58fc5f5a46da799c1b1d64215cb0da01fa53300a2b1867b577bac857324b89a?s=96&d=mm&r=g\",\"contentUrl\":\"https:\\\/\\\/secure.gravatar.com\\\/avatar\\\/d58fc5f5a46da799c1b1d64215cb0da01fa53300a2b1867b577bac857324b89a?s=96&d=mm&r=g\",\"caption\":\"Authora\"}}]}<\/script>\n<!-- \/ Yoast SEO Premium plugin. -->","yoast_head_json":{"title":"Les v\u00e9los cargo ont le vent en poupe : mesurer, soulever et man\u0153uvrer en toute s\u00e9curit\u00e9 - STOER Bikes","description":"Vous habitez en appartement ? Voici comment transporter votre v\u00e9lo cargo en toute s\u00e9curit\u00e9 dans l'ascenseur, avec un plan de mesure, un guide \u00e9tape par \u00e9tape et des conseils pour \u00e9viter les d\u00e9g\u00e2ts.","robots":{"index":"index","follow":"follow","max-snippet":"max-snippet:-1","max-image-preview":"max-image-preview:large","max-video-preview":"max-video-preview:-1"},"canonical":"https:\/\/stoerbikes.com\/fr\/emporter-son-velo-cargo-dans-lascenseur-sans-probleme\/","og_locale":"fr_FR","og_type":"article","og_title":"Bakfiets in de lift meenemen zonder gedoe","og_description":"Woon je in een appartement? Zo krijg je een bakfiets in de lift veilig mee, met meetplan, stappenplan en tips tegen schade.","og_url":"https:\/\/stoerbikes.com\/fr\/emporter-son-velo-cargo-dans-lascenseur-sans-probleme\/","og_site_name":"STOER Bikes","article_publisher":"https:\/\/facebook.com\/stoerbikes","article_published_time":"2026-07-17T14:00:00+00:00","article_modified_time":"2026-07-22T10:03:50+00:00","og_image":[{"width":2560,"height":1708,"url":"https:\/\/stoerbikes.com\/wp-content\/uploads\/2024\/05\/image00001-9-scaled.jpeg","type":"image\/jpeg"}],"author":"Authora","twitter_card":"summary_large_image","twitter_misc":{"\u00c9crit par":"Authora","Dur\u00e9e de lecture estim\u00e9e":"8 minutes"},"schema":{"@context":"https:\/\/schema.org","@graph":[{"@type":["Article","BlogPosting"],"@id":"https:\/\/stoerbikes.com\/bakfiets-in-de-lift-meenemen-zonder-gedoe\/#article","isPartOf":{"@id":"https:\/\/stoerbikes.com\/bakfiets-in-de-lift-meenemen-zonder-gedoe\/"},"author":{"name":"Authora","@id":"https:\/\/stoerbikes.com\/#\/schema\/person\/7502f1423bafa2e4416618b40206f8ff"},"headline":"Bakfiets in de lift meenemen zonder gedoe","datePublished":"2026-07-17T14:00:00+00:00","dateModified":"2026-07-22T10:03:50+00:00","mainEntityOfPage":{"@id":"https:\/\/stoerbikes.com\/bakfiets-in-de-lift-meenemen-zonder-gedoe\/"},"wordCount":1321,"publisher":{"@id":"https:\/\/stoerbikes.com\/#organization"},"articleSection":["Algemeen"],"inLanguage":"fr-FR"},{"@type":"WebPage","@id":"https:\/\/stoerbikes.com\/bakfiets-in-de-lift-meenemen-zonder-gedoe\/","url":"https:\/\/stoerbikes.com\/bakfiets-in-de-lift-meenemen-zonder-gedoe\/","name":"Les v\u00e9los cargo ont le vent en poupe : mesurer, soulever et man\u0153uvrer en toute s\u00e9curit\u00e9 - STOER Bikes","isPartOf":{"@id":"https:\/\/stoerbikes.com\/#website"},"datePublished":"2026-07-17T14:00:00+00:00","dateModified":"2026-07-22T10:03:50+00:00","description":"Vous habitez en appartement ? Voici comment transporter votre v\u00e9lo cargo en toute s\u00e9curit\u00e9 dans l'ascenseur, avec un plan de mesure, un guide \u00e9tape par \u00e9tape et des conseils pour \u00e9viter les d\u00e9g\u00e2ts.","breadcrumb":{"@id":"https:\/\/stoerbikes.com\/bakfiets-in-de-lift-meenemen-zonder-gedoe\/#breadcrumb"},"inLanguage":"fr-FR","potentialAction":[{"@type":"ReadAction","target":["https:\/\/stoerbikes.com\/bakfiets-in-de-lift-meenemen-zonder-gedoe\/"]}]},{"@type":"BreadcrumbList","@id":"https:\/\/stoerbikes.com\/bakfiets-in-de-lift-meenemen-zonder-gedoe\/#breadcrumb","itemListElement":[{"@type":"ListItem","position":1,"name":"Home","item":"https:\/\/stoerbikes.com\/"},{"@type":"ListItem","position":2,"name":"Bakfiets in de lift meenemen zonder gedoe"}]},{"@type":"WebSite","@id":"https:\/\/stoerbikes.com\/#website","url":"https:\/\/stoerbikes.com\/","name":"STOER Bikes","description":"","publisher":{"@id":"https:\/\/stoerbikes.com\/#organization"},"potentialAction":[{"@type":"SearchAction","target":{"@type":"EntryPoint","urlTemplate":"https:\/\/stoerbikes.com\/?s={search_term_string}"},"query-input":{"@type":"PropertyValueSpecification","valueRequired":true,"valueName":"search_term_string"}}],"inLanguage":"fr-FR"},{"@type":"Organization","@id":"https:\/\/stoerbikes.com\/#organization","name":"STOER Bikes","url":"https:\/\/stoerbikes.com\/","logo":{"@type":"ImageObject","inLanguage":"fr-FR","@id":"https:\/\/stoerbikes.com\/#\/schema\/logo\/image\/","url":"https:\/\/stoerbikes.com\/wp-content\/uploads\/2026\/01\/Logo-STOER.png","contentUrl":"https:\/\/stoerbikes.com\/wp-content\/uploads\/2026\/01\/Logo-STOER.png","width":1580,"height":303,"caption":"STOER Bikes"},"image":{"@id":"https:\/\/stoerbikes.com\/#\/schema\/logo\/image\/"},"sameAs":["https:\/\/facebook.com\/stoerbikes","https:\/\/www.instagram.com\/stoerbikes","https:\/\/www.linkedin.com\/company\/stoerbikes\/","https:\/\/www.tiktok.com\/@stoerbikes","https:\/\/www.youtube.com\/channel\/UCMBW5py6Mfoj1GNaRokv17g"]},{"@type":"Person","@id":"https:\/\/stoerbikes.com\/#\/schema\/person\/7502f1423bafa2e4416618b40206f8ff","name":"Auteura","image":{"@type":"ImageObject","inLanguage":"fr-FR","@id":"https:\/\/secure.gravatar.com\/avatar\/d58fc5f5a46da799c1b1d64215cb0da01fa53300a2b1867b577bac857324b89a?s=96&d=mm&r=g","url":"https:\/\/secure.gravatar.com\/avatar\/d58fc5f5a46da799c1b1d64215cb0da01fa53300a2b1867b577bac857324b89a?s=96&d=mm&r=g","contentUrl":"https:\/\/secure.gravatar.com\/avatar\/d58fc5f5a46da799c1b1d64215cb0da01fa53300a2b1867b577bac857324b89a?s=96&d=mm&r=g","caption":"Authora"}}]}},"_links":{"self":[{"href":"https:\/\/stoerbikes.com\/fr\/wp-json\/wp\/v2\/posts\/10934","targetHints":{"allow":["GET"]}}],"collection":[{"href":"https:\/\/stoerbikes.com\/fr\/wp-json\/wp\/v2\/posts"}],"about":[{"href":"https:\/\/stoerbikes.com\/fr\/wp-json\/wp\/v2\/types\/post"}],"author":[{"embeddable":true,"href":"https:\/\/stoerbikes.com\/fr\/wp-json\/wp\/v2\/users\/15"}],"replies":[{"embeddable":true,"href":"https:\/\/stoerbikes.com\/fr\/wp-json\/wp\/v2\/comments?post=10934"}],"version-history":[{"count":3,"href":"https:\/\/stoerbikes.com\/fr\/wp-json\/wp\/v2\/posts\/10934\/revisions"}],"predecessor-version":[{"id":11021,"href":"https:\/\/stoerbikes.com\/fr\/wp-json\/wp\/v2\/posts\/10934\/revisions\/11021"}],"wp:attachment":[{"href":"https:\/\/stoerbikes.com\/fr\/wp-json\/wp\/v2\/media?parent=10934"}],"wp:term":[{"taxonomy":"category","embeddable":true,"href":"https:\/\/stoerbikes.com\/fr\/wp-json\/wp\/v2\/categories?post=10934"},{"taxonomy":"post_tag","embeddable":true,"href":"https:\/\/stoerbikes.com\/fr\/wp-json\/wp\/v2\/tags?post=10934"}],"curies":[{"name":"wp","href":"https:\/\/api.w.org\/{rel}","templated":true}]}}