{"id":10922,"date":"2026-07-14T08:30:00","date_gmt":"2026-07-14T06:30:00","guid":{"rendered":"https:\/\/stoerbikes.com\/nl\/?p=10922"},"modified":"2026-07-14T12:52:37","modified_gmt":"2026-07-14T10:52:37","slug":"5-erreurs-a-eviter-lors-du-choix-dun-siege-enfant-pour-votre-velo-electrique","status":"publish","type":"post","link":"https:\/\/stoerbikes.com\/fr\/5-fouten-bij-een-kinderzitje-op-je-e-bike-kiezen\/","title":{"rendered":"5 erreurs \u00e0 \u00e9viter lors du choix d'un si\u00e8ge enfant pour votre v\u00e9lo \u00e9lectrique"},"content":{"rendered":"<h1>5 erreurs \u00e0 \u00e9viter lors du choix d'un si\u00e8ge enfant pour votre v\u00e9lo \u00e9lectrique<\/h1>\n<p>On ach\u00e8te souvent un si\u00e8ge enfant dans un but tr\u00e8s pratique : se d\u00e9placer en toute s\u00e9curit\u00e9 et sans tracas avec son enfant. Sur un v\u00e9lo \u00e9lectrique, d\u2019autres facteurs entrent en ligne de compte, tels qu\u2019une vitesse de croisi\u00e8re plus \u00e9lev\u00e9e, des v\u00e9los plus lourds et d\u2019autres syst\u00e8mes de fixation. C\u2019est pourquoi, dans la pratique, on constate toujours les m\u00eames erreurs : un si\u00e8ge qui ne s\u2019adapte pas tout \u00e0 fait, un ensemble qui semble instable ou des accessoires manquants jusqu\u2019\u00e0 ce que l\u2019on roule sous la pluie ou dans l\u2019obscurit\u00e9.<\/p>\n<p>La liste ci-dessous comprenant <strong>erreurs li\u00e9es au si\u00e8ge enfant sur un v\u00e9lo \u00e9lectrique<\/strong> vous aide \u00e0 \u00e9viter les erreurs les plus courantes. Il ne s'agit pas de \u201c r\u00e8gles effrayantes \u201d, mais de points que vous pouvez v\u00e9rifier au pr\u00e9alable afin de ne pas avoir \u00e0 improviser des ajustements par la suite.<\/p>\n<h2>1) Ne tenir compte que de l'\u00e2ge, et non du poids ni de la charge totale<\/h2>\n<p>Beaucoup de parents commencent par demander : \u201c Ce si\u00e8ge est-il adapt\u00e9 aux enfants de 9 mois \u00e0 6 ans ? \u201d C'est un point de rep\u00e8re utile, mais l'\u00e2ge ne dit pas grand-chose sur le v\u00e9ritable crit\u00e8re : le poids et la charge totale support\u00e9e par le v\u00e9lo et le porte-enfant.<\/p>\n<p>Sur un v\u00e9lo \u00e9lectrique, on a plus tendance \u00e0 emporter un sac suppl\u00e9mentaire, un antivol, un imperm\u00e9able ou des courses. Tout ce poids s'accumule et influe sur la maniabilit\u00e9 et le freinage du v\u00e9lo.<\/p>\n<h3>O\u00f9 cela tourne mal<\/h3>\n<ul>\n<li>Votre enfant est appuy\u00e9 contre le rebord sup\u00e9rieur du si\u00e8ge, alors que votre porte-b\u00e9b\u00e9 est lui aussi d\u00e9j\u00e0 \u00e0 sa capacit\u00e9 maximale.<\/li>\n<li>Tu choisis un si\u00e8ge arri\u00e8re sans tenir compte de la charge maximale du porte-bagages.<\/li>\n<li>Tu oublies que le v\u00e9lo \u00e9lectrique lui-m\u00eame a \u00e9galement un poids total maximal (v\u00e9lo + cycliste + bagages).<\/li>\n<\/ul>\n<h3>Ce que tu fais, en revanche<\/h3>\n<ul>\n<li>V\u00e9rifier <strong>poids maximal de l'enfant<\/strong> du si\u00e8ge (par exemple 15 ou 22 kg, selon le mod\u00e8le).<\/li>\n<li>V\u00e9rifier <strong>capacit\u00e9 de charge du porte-bagages<\/strong> (cette information figure souvent sur un autocollant ou dans le mode d'emploi du v\u00e9lo).<\/li>\n<li>Prendre en compte <strong>bagages suppl\u00e9mentaires<\/strong> sur le m\u00eame support (les sacs plac\u00e9s de chaque c\u00f4t\u00e9 influencent la tenue de route).<\/li>\n<\/ul>\n<p>Vous avez des doutes quant aux marges ? Mieux vaut pr\u00e9voir un peu de marge : une combinaison qui reste dans les limites procure une sensation nettement plus sereine, surtout dans les virages ou sur les pav\u00e9s.<\/p>\n<h2>2) Ne pas adapter la fixation \u00e0 votre v\u00e9lo (porte-bagages, cadre ou point de fixation)<\/h2>\n<p>Un si\u00e8ge enfant n'est pas un produit \u201c universel \u201d. La principale source de frustration r\u00e9side dans la compatibilit\u00e9 : le si\u00e8ge que vous commandez en ligne s'av\u00e8re souvent incompatible avec votre porte-bagages, la forme de votre cadre ou vos points de fixation.<\/p>\n<p>Les v\u00e9los \u00e9lectriques pr\u00e9sentent davantage de variantes : porte-bagages arri\u00e8re int\u00e9gr\u00e9s, diam\u00e8tres de tubes diff\u00e9rents, tubes de cadre plus \u00e9pais et, parfois, des batteries qui prennent de la place.<\/p>\n<h3>Erreurs de compatibilit\u00e9 courantes<\/h3>\n<ul>\n<li>Choisir un si\u00e8ge \u00e0 fixer sur un porte-b\u00e9b\u00e9 alors que celui-ci est trop large ou, au contraire, trop \u00e9troit.<\/li>\n<li>Choisir un si\u00e8ge \u00e0 fixation sur le cadre alors que les c\u00e2bles, la batterie ou les sacoches de cadre g\u00eanent.<\/li>\n<li>Ne v\u00e9rifiez pas si votre support est compatible avec des syst\u00e8mes tels que MIK HD (si c'est ce que vous recherchez).<\/li>\n<\/ul>\n<h3>V\u00e9rification rapide avant l'achat<\/h3>\n<ul>\n<li>Mesurez la largeur et examinez le syst\u00e8me de fixation (fixation standard ou syst\u00e8me int\u00e9gr\u00e9).<\/li>\n<li>V\u00e9rifiez o\u00f9 passent les c\u00e2bles et o\u00f9 se trouve la batterie de votre v\u00e9lo : y a-t-il suffisamment d'espace au niveau du tube de selle et du bras oscillant ?<\/li>\n<li>Veuillez consulter les consignes de montage du si\u00e8ge (largeur du support, diam\u00e8tre du tube, espace minimum requis).<\/li>\n<\/ul>\n<p>Si vous utilisez \u00e9galement votre v\u00e9lo \u00e9lectrique comme v\u00e9lo familial et de ville, il peut \u00eatre utile de coordonner vos accessoires de mani\u00e8re coh\u00e9rente d\u00e8s le d\u00e9part. Sur la page STOER Bikes consacr\u00e9e \u00e0 <a href=\"https:\/\/stoerbikes.com\/fr\/boutique\/\">accessoires pour votre e-bike<\/a> Vous verrez quels accessoires sont souvent choisis ensemble (par exemple, des prot\u00e8ge-pieds, des capuchons anti-pluie et des \u00e9clairages suppl\u00e9mentaires), ce qui vous \u00e9vitera de devoir refaire des achats plus tard.<\/p>\n<h2>3) Ne pas installer les protections de pied ni les prot\u00e8ge-rayons<\/h2>\n<p>C'est une erreur que l'on ne remarque souvent que lorsque l'on est sur le point d'avoir un accident. Les petits pieds peuvent glisser vers la roue, surtout lorsque les enfants se balancent ou commencent \u00e0 \u00eatre fatigu\u00e9s. Sur un v\u00e9lo \u00e9lectrique, on roule souvent un peu plus vite, et un simple contact avec les rayons ou le pneu peut alors vite devenir douloureux.<\/p>\n<p>Tous les si\u00e8ges n'offrent pas le m\u00eame niveau de protection. Et m\u00eame si le si\u00e8ge est \u00e9quip\u00e9 de bons repose-pieds, il existe des combinaisons pour lesquelles une protection suppl\u00e9mentaire est recommand\u00e9e.<\/p>\n<h3>Ce qui peut arriver sans une protection ad\u00e9quate<\/h3>\n<ul>\n<li>Les pieds frottent contre la bande dans les virages ou sur les bosses.<\/li>\n<li>Les lacets de chaussures se retrouvent pr\u00e8s des rayons ou du carter de cha\u00eene\/courroie.<\/li>\n<li>Les enfants heurtent la roue avec le talon lorsqu'ils tendent les jambes.<\/li>\n<\/ul>\n<h3>Solutions pratiques<\/h3>\n<ul>\n<li>Choisissez un si\u00e8ge dot\u00e9 de repose-pieds solides et de sangles facilement r\u00e9glables.<\/li>\n<li>Pensez \u00e0 installer des prot\u00e8ge-rayons ou des prot\u00e8ge-v\u00eatements si votre v\u00e9lo n'en est pas encore \u00e9quip\u00e9.<\/li>\n<li>Apr\u00e8s le montage, v\u00e9rifiez : faites asseoir votre enfant et observez-le de c\u00f4t\u00e9 pour vous assurer qu\u2019il ne peut vraiment pas entrer en contact avec la roue.<\/li>\n<\/ul>\n<p>C'est justement le genre de d\u00e9tail que l'on oublie souvent lorsqu'on choisit \u201c \u00e0 la va-vite \u201d un si\u00e8ge, alors qu'il apporte beaucoup de confort et de tranquillit\u00e9 si on le r\u00e8gle correctement d\u00e8s le d\u00e9part.<\/p>\n<h2>4) Sous-estimer l'impact sur l'\u00e9quilibre et la maniabilit\u00e9<\/h2>\n<p>Un si\u00e8ge enfant modifie le comportement routier de votre v\u00e9lo \u00e9lectrique. Non seulement en raison de son poids, mais aussi de son emplacement : en hauteur, \u00e0 l'arri\u00e8re ou au contraire \u00e0 l'avant. C'est surtout lors des d\u00e9marrages et des man\u0153uvres \u00e0 faible vitesse (trottoirs, virages serr\u00e9s, parkings \u00e0 v\u00e9los) que vous remarquerez la diff\u00e9rence.<\/p>\n<p>Beaucoup de parents se contentent de faire \u201c un petit tour dans la rue \u201d sur une chauss\u00e9e lisse. Dans la r\u00e9alit\u00e9, il y a des ralentisseurs, des rails de tramway, des pav\u00e9s mouill\u00e9s et des situations impr\u00e9vues o\u00f9 il faut faire un \u00e9cart.<\/p>\n<h3>Erreurs courantes dans l'\u00e9tablissement du bilan<\/h3>\n<ul>\n<li>La selle arri\u00e8re est mont\u00e9e trop haut, ce qui donne l'impression que le v\u00e9lo est trop lourd dans le haut.<\/li>\n<li>Des sacs lourds et un enfant \u00e0 l'arri\u00e8re, ce qui all\u00e8ge la roue avant.<\/li>\n<li>Combiner un si\u00e8ge avec un support moins stable lors de la mont\u00e9e et de la descente.<\/li>\n<\/ul>\n<h3>Comment \u00e9viter cela<\/h3>\n<ul>\n<li>Essayez \u00e9galement avec <strong>poids total<\/strong>: installez l'enfant, accrochez le sac, comme si vous alliez vraiment prendre la route.<\/li>\n<li>Entra\u00eenez-vous une fois en pleine conscience : d\u00e9marrage, freinage, virage \u00e0 faible vitesse, pied au sol.<\/li>\n<li>Surveillez la pression de vos pneus ; un pneu arri\u00e8re trop d\u00e9gonfl\u00e9 rend la tenue de route molle.<\/li>\n<\/ul>\n<p>Si vous recherchez un v\u00e9lo dont la conception garantit d'embl\u00e9e une bonne stabilit\u00e9 pour un usage quotidien en ville, il vaut la peine de vous tourner vers des mod\u00e8les con\u00e7us pour offrir confort et maniabilit\u00e9. Le <a href=\"https:\/\/stoerbikes.com\/fr\/produit\/urbanx-2026\/\">V\u00e9lo \u00e9lectrique UrbanX<\/a> C'est un exemple typique de v\u00e9lo con\u00e7u pour la circulation avec de nombreux arr\u00eats et red\u00e9marrages, ce que l'on remarque imm\u00e9diatement lorsqu'on roule avec une charge suppl\u00e9mentaire.<\/p>\n<h2>5) Cocher la case \u00ab s\u00e9curit\u00e9 \u00bb sans se soucier de la visibilit\u00e9 ni de l'assurance<\/h2>\n<p>Beaucoup de gens associent la s\u00e9curit\u00e9 aux ceintures de s\u00e9curit\u00e9 et \u00e0 un casque solide. C'est important, mais sur un v\u00e9lo \u00e9lectrique, la s\u00e9curit\u00e9 passe aussi par le fait d'\u00eatre visible, d'adopter une conduite pr\u00e9visible et de limiter les risques financiers en cas d'incident.<\/p>\n<p>Surtout lorsque votre enfant est assis \u00e0 l'arri\u00e8re, vous souhaitez que votre v\u00e9lo soit clairement visible dans la circulation lorsque vous freinez ou que vous tournez. Et si votre v\u00e9lo \u00e9lectrique a une certaine valeur, il est judicieux de r\u00e9fl\u00e9chir \u00e0 une assurance contre le vol et les dommages.<\/p>\n<h3>Ce qu'on oublie souvent<\/h3>\n<ul>\n<li>Visibilit\u00e9 accrue au cr\u00e9puscule et sous la pluie (r\u00e9fl\u00e9chissants, \u00e9clairage, feux stop).<\/li>\n<li>Une routine \u00e0 respecter syst\u00e9matiquement : toujours attacher sa ceinture, fixer les sangles de s\u00e9curit\u00e9 pour les pieds et porter un casque si vous en utilisez un.<\/li>\n<li>Ne souscrire une assurance qu'apr\u00e8s qu'un incident se soit produit.<\/li>\n<\/ul>\n<h3>Ce que vous pouvez v\u00e9rifier<\/h3>\n<ul>\n<li>Votre \u00e9clairage est-il bien r\u00e9gl\u00e9 et suffisamment puissant, m\u00eame avec un poids suppl\u00e9mentaire \u00e0 l'arri\u00e8re ?<\/li>\n<li>N'y a-t-il pas de sangles d\u00e9tach\u00e9es qui pourraient se coincer dans les pi\u00e8ces mobiles ?<\/li>\n<li>Votre situation est-elle couverte par une assurance v\u00e9lo \u00e9lectrique (vol, dommages, assistance d\u00e9pannage) ?<\/li>\n<\/ul>\n<p>Pour en savoir plus sur les d\u00e9tails de l'assurance et les garanties, nous vous conseillons de consulter la page consacr\u00e9e \u00e0 <a href=\"https:\/\/stoerbikes.com\/fr\/lassurance\/\">Assurance pour v\u00e9los \u00e9lectriques<\/a>. Cela vous \u00e9vitera d'avoir des surprises par la suite concernant les conditions, surtout si vous utilisez beaucoup votre v\u00e9lo pour vous rendre \u00e0 l'\u00e9cole et faire vos courses.<\/p>\n<h2>Un guide de choix rapide pour trouver le si\u00e8ge enfant adapt\u00e9<\/h2>\n<p>Lorsque vous \u00eates dans un magasin (ou que vous comparez des produits en ligne), il est utile de vous poser les m\u00eames questions \u00e0 chaque fois. Cette petite liste de contr\u00f4le permet d'\u00e9viter la plupart des achats malavis\u00e9s.<\/p>\n<h3>Liste de contr\u00f4le (\u00e0 conserver)<\/h3>\n<ul>\n<li><strong>Compatibilit\u00e9 :<\/strong> Le support est-il compatible avec votre porte-bagages ou votre cadre ?<\/li>\n<li><strong>Poids :<\/strong> \u00cates-vous bien en dessous de la limite maximale pour le si\u00e8ge et le porte-b\u00e9b\u00e9 ?<\/li>\n<li><strong>Protection des pieds :<\/strong> Ses pieds et ses rayons sont-ils bien prot\u00e9g\u00e9s ?<\/li>\n<li><strong>\u00c9quilibre :<\/strong> As-tu effectu\u00e9 des tests avec des charges r\u00e9alistes ?<\/li>\n<li><strong>Visibilit\u00e9 :<\/strong> \u00cates-vous bien visible lorsque vous freinez et que vous tournez ?<\/li>\n<\/ul>\n<h2>Pourquoi Urban Iki est souvent cit\u00e9 comme r\u00e9f\u00e9rence<\/h2>\n<p>Lorsque vous recherchez des si\u00e8ges pour enfants, vous tombez souvent sur la marque Urban Iki, notamment parce qu'elle fournit des informations claires sur le montage, les pi\u00e8ces et l'utilisation. En comparant leurs mod\u00e8les et leurs exigences de montage avec votre v\u00e9lo, vous verrez rapidement si cette combinaison est adapt\u00e9e.<\/p>\n<p>Pour obtenir des informations sur les produits et les modes d'emploi, veuillez vous adresser au fabricant : <a href=\"https:\/\/www.urbaniki.com\/\" rel=\"nofollow\">Urban Iki<\/a>. Utilisez surtout ce site comme source pour v\u00e9rifier les caract\u00e9ristiques techniques, et pas seulement pour regarder de \u201c belles photos \u201d.<\/p>\n<h2>Prochaine \u00e9tape pratique<\/h2>\n<p>Si vous poss\u00e9dez d\u00e9j\u00e0 un v\u00e9lo \u00e9lectrique : prenez une photo de votre porte-bagages (vue de profil) et notez sa capacit\u00e9 de charge. Cela vous permettra de r\u00e9pondre en quelques minutes \u00e0 la plupart des questions relatives \u00e0 la compatibilit\u00e9.<\/p>\n<p>Vous \u00eates encore \u00e0 la recherche d'un v\u00e9lo \u00e9lectrique adapt\u00e9 \u00e0 un usage familial et compatible avec divers accessoires ? D\u00e9couvrez alors le <a href=\"https:\/\/stoerbikes.com\/fr\/velos\/\">V\u00e9los \u00e9lectriques de STOER Bikes<\/a> et le si\u00e8ge, les accessoires et l'utilisation (trajets scolaires, courses, trajets domicile-travail) sont imm\u00e9diatement adapt\u00e9s les uns aux autres. La conduite est ainsi plus sereine, et vous avez moins de casse-t\u00eate \u00e0 g\u00e9rer par la suite.<\/p>","protected":false},"excerpt":{"rendered":"<p>5 fouten bij een kinderzitje op je e-bike kiezen Je koopt een kinderzitje vaak met een heel praktisch doel: veilig en zonder gedoe met je kind op pad. Op een e-bike komen daar extra factoren bij, zoals hogere kruissnelheid, zwaardere fietsen en andere dragersystemen. Daardoor zie je in de praktijk steeds dezelfde missers terug: een [&hellip;]<\/p>\n","protected":false},"author":15,"featured_media":0,"comment_status":"closed","ping_status":"closed","sticky":false,"template":"","format":"standard","meta":{"_acf_changed":false,"footnotes":""},"categories":[1],"tags":[],"class_list":["post-10922","post","type-post","status-publish","format-standard","hentry","category-algemeen"],"acf":[],"yoast_head":"<!-- This site is optimized with the Yoast SEO Premium plugin v28.3 (Yoast SEO v28.3) - https:\/\/yoast.com\/product\/yoast-seo-premium-wordpress\/ -->\n<title>Kinderzitje e-bike kiezen: 5 fouten die je moet vermijden - STOER Bikes<\/title>\n<meta name=\"description\" content=\"Een kinderzitje op je e-bike kiezen? Vermijd deze 5 veelgemaakte fouten rond montage, gewicht, balans en veiligheid. Zo zit je kind veilig en rijd je rustig.\" \/>\n<meta name=\"robots\" content=\"index, follow, max-snippet:-1, max-image-preview:large, max-video-preview:-1\" \/>\n<link rel=\"canonical\" href=\"https:\/\/stoerbikes.com\/fr\/5-erreurs-a-eviter-lors-du-choix-dun-siege-enfant-pour-votre-velo-electrique\/\" \/>\n<meta property=\"og:locale\" content=\"fr_FR\" \/>\n<meta property=\"og:type\" content=\"article\" \/>\n<meta property=\"og:title\" content=\"5 fouten bij een kinderzitje op je e-bike kiezen\" \/>\n<meta property=\"og:description\" content=\"Een kinderzitje op je e-bike kiezen? Vermijd deze 5 veelgemaakte fouten rond montage, gewicht, balans en veiligheid. Zo zit je kind veilig en rijd je rustig.\" \/>\n<meta property=\"og:url\" content=\"https:\/\/stoerbikes.com\/fr\/5-erreurs-a-eviter-lors-du-choix-dun-siege-enfant-pour-votre-velo-electrique\/\" \/>\n<meta property=\"og:site_name\" content=\"STOER Bikes\" \/>\n<meta property=\"article:publisher\" content=\"https:\/\/facebook.com\/stoerbikes\" \/>\n<meta property=\"article:published_time\" content=\"2026-07-14T06:30:00+00:00\" \/>\n<meta property=\"article:modified_time\" content=\"2026-07-14T10:52:37+00:00\" \/>\n<meta property=\"og:image\" content=\"https:\/\/stoerbikes.com\/wp-content\/uploads\/2024\/05\/image00001-9-scaled.jpeg\" \/>\n\t<meta property=\"og:image:width\" content=\"2560\" \/>\n\t<meta property=\"og:image:height\" content=\"1708\" \/>\n\t<meta property=\"og:image:type\" content=\"image\/jpeg\" \/>\n<meta name=\"author\" content=\"Authora\" \/>\n<meta name=\"twitter:card\" content=\"summary_large_image\" \/>\n<meta name=\"twitter:label1\" content=\"\u00c9crit par\" \/>\n\t<meta name=\"twitter:data1\" content=\"Authora\" \/>\n\t<meta name=\"twitter:label2\" content=\"Dur\u00e9e de lecture estim\u00e9e\" \/>\n\t<meta name=\"twitter:data2\" content=\"8 minutes\" \/>\n<script type=\"application\/ld+json\" class=\"yoast-schema-graph\">{\"@context\":\"https:\\\/\\\/schema.org\",\"@graph\":[{\"@type\":[\"Article\",\"BlogPosting\"],\"@id\":\"https:\\\/\\\/stoerbikes.com\\\/5-fouten-bij-een-kinderzitje-op-je-e-bike-kiezen\\\/#article\",\"isPartOf\":{\"@id\":\"https:\\\/\\\/stoerbikes.com\\\/5-fouten-bij-een-kinderzitje-op-je-e-bike-kiezen\\\/\"},\"author\":{\"name\":\"Authora\",\"@id\":\"https:\\\/\\\/stoerbikes.com\\\/#\\\/schema\\\/person\\\/7502f1423bafa2e4416618b40206f8ff\"},\"headline\":\"5 fouten bij een kinderzitje op je e-bike kiezen\",\"datePublished\":\"2026-07-14T06:30:00+00:00\",\"dateModified\":\"2026-07-14T10:52:37+00:00\",\"mainEntityOfPage\":{\"@id\":\"https:\\\/\\\/stoerbikes.com\\\/5-fouten-bij-een-kinderzitje-op-je-e-bike-kiezen\\\/\"},\"wordCount\":1365,\"publisher\":{\"@id\":\"https:\\\/\\\/stoerbikes.com\\\/#organization\"},\"articleSection\":[\"Algemeen\"],\"inLanguage\":\"fr-FR\"},{\"@type\":\"WebPage\",\"@id\":\"https:\\\/\\\/stoerbikes.com\\\/5-fouten-bij-een-kinderzitje-op-je-e-bike-kiezen\\\/\",\"url\":\"https:\\\/\\\/stoerbikes.com\\\/5-fouten-bij-een-kinderzitje-op-je-e-bike-kiezen\\\/\",\"name\":\"Kinderzitje e-bike kiezen: 5 fouten die je moet vermijden - STOER Bikes\",\"isPartOf\":{\"@id\":\"https:\\\/\\\/stoerbikes.com\\\/#website\"},\"datePublished\":\"2026-07-14T06:30:00+00:00\",\"dateModified\":\"2026-07-14T10:52:37+00:00\",\"description\":\"Een kinderzitje op je e-bike kiezen? Vermijd deze 5 veelgemaakte fouten rond montage, gewicht, balans en veiligheid. Zo zit je kind veilig en rijd je rustig.\",\"breadcrumb\":{\"@id\":\"https:\\\/\\\/stoerbikes.com\\\/5-fouten-bij-een-kinderzitje-op-je-e-bike-kiezen\\\/#breadcrumb\"},\"inLanguage\":\"fr-FR\",\"potentialAction\":[{\"@type\":\"ReadAction\",\"target\":[\"https:\\\/\\\/stoerbikes.com\\\/5-fouten-bij-een-kinderzitje-op-je-e-bike-kiezen\\\/\"]}]},{\"@type\":\"BreadcrumbList\",\"@id\":\"https:\\\/\\\/stoerbikes.com\\\/5-fouten-bij-een-kinderzitje-op-je-e-bike-kiezen\\\/#breadcrumb\",\"itemListElement\":[{\"@type\":\"ListItem\",\"position\":1,\"name\":\"Home\",\"item\":\"https:\\\/\\\/stoerbikes.com\\\/\"},{\"@type\":\"ListItem\",\"position\":2,\"name\":\"5 fouten bij een kinderzitje op je e-bike kiezen\"}]},{\"@type\":\"WebSite\",\"@id\":\"https:\\\/\\\/stoerbikes.com\\\/#website\",\"url\":\"https:\\\/\\\/stoerbikes.com\\\/\",\"name\":\"STOER Bikes\",\"description\":\"\",\"publisher\":{\"@id\":\"https:\\\/\\\/stoerbikes.com\\\/#organization\"},\"potentialAction\":[{\"@type\":\"SearchAction\",\"target\":{\"@type\":\"EntryPoint\",\"urlTemplate\":\"https:\\\/\\\/stoerbikes.com\\\/?s={search_term_string}\"},\"query-input\":{\"@type\":\"PropertyValueSpecification\",\"valueRequired\":true,\"valueName\":\"search_term_string\"}}],\"inLanguage\":\"fr-FR\"},{\"@type\":\"Organization\",\"@id\":\"https:\\\/\\\/stoerbikes.com\\\/#organization\",\"name\":\"STOER Bikes\",\"url\":\"https:\\\/\\\/stoerbikes.com\\\/\",\"logo\":{\"@type\":\"ImageObject\",\"inLanguage\":\"fr-FR\",\"@id\":\"https:\\\/\\\/stoerbikes.com\\\/#\\\/schema\\\/logo\\\/image\\\/\",\"url\":\"https:\\\/\\\/stoerbikes.com\\\/wp-content\\\/uploads\\\/2026\\\/01\\\/Logo-STOER.png\",\"contentUrl\":\"https:\\\/\\\/stoerbikes.com\\\/wp-content\\\/uploads\\\/2026\\\/01\\\/Logo-STOER.png\",\"width\":1580,\"height\":303,\"caption\":\"STOER Bikes\"},\"image\":{\"@id\":\"https:\\\/\\\/stoerbikes.com\\\/#\\\/schema\\\/logo\\\/image\\\/\"},\"sameAs\":[\"https:\\\/\\\/facebook.com\\\/stoerbikes\",\"https:\\\/\\\/www.instagram.com\\\/stoerbikes\",\"https:\\\/\\\/www.linkedin.com\\\/company\\\/stoerbikes\\\/\",\"https:\\\/\\\/www.tiktok.com\\\/@stoerbikes\",\"https:\\\/\\\/www.youtube.com\\\/channel\\\/UCMBW5py6Mfoj1GNaRokv17g\"]},{\"@type\":\"Person\",\"@id\":\"https:\\\/\\\/stoerbikes.com\\\/#\\\/schema\\\/person\\\/7502f1423bafa2e4416618b40206f8ff\",\"name\":\"Authora\",\"image\":{\"@type\":\"ImageObject\",\"inLanguage\":\"fr-FR\",\"@id\":\"https:\\\/\\\/secure.gravatar.com\\\/avatar\\\/d58fc5f5a46da799c1b1d64215cb0da01fa53300a2b1867b577bac857324b89a?s=96&d=mm&r=g\",\"url\":\"https:\\\/\\\/secure.gravatar.com\\\/avatar\\\/d58fc5f5a46da799c1b1d64215cb0da01fa53300a2b1867b577bac857324b89a?s=96&d=mm&r=g\",\"contentUrl\":\"https:\\\/\\\/secure.gravatar.com\\\/avatar\\\/d58fc5f5a46da799c1b1d64215cb0da01fa53300a2b1867b577bac857324b89a?s=96&d=mm&r=g\",\"caption\":\"Authora\"}}]}<\/script>\n<!-- \/ Yoast SEO Premium plugin. -->","yoast_head_json":{"title":"Choisir un si\u00e8ge enfant pour v\u00e9lo \u00e9lectrique : 5 erreurs \u00e0 \u00e9viter - STOER Bikes","description":"Vous souhaitez choisir un si\u00e8ge enfant pour votre v\u00e9lo \u00e9lectrique ? \u00c9vitez ces 5 erreurs courantes concernant le montage, le poids, l'\u00e9quilibre et la s\u00e9curit\u00e9. Ainsi, votre enfant sera en s\u00e9curit\u00e9 et vous pourrez rouler l'esprit tranquille.","robots":{"index":"index","follow":"follow","max-snippet":"max-snippet:-1","max-image-preview":"max-image-preview:large","max-video-preview":"max-video-preview:-1"},"canonical":"https:\/\/stoerbikes.com\/fr\/5-erreurs-a-eviter-lors-du-choix-dun-siege-enfant-pour-votre-velo-electrique\/","og_locale":"fr_FR","og_type":"article","og_title":"5 fouten bij een kinderzitje op je e-bike kiezen","og_description":"Een kinderzitje op je e-bike kiezen? Vermijd deze 5 veelgemaakte fouten rond montage, gewicht, balans en veiligheid. Zo zit je kind veilig en rijd je rustig.","og_url":"https:\/\/stoerbikes.com\/fr\/5-erreurs-a-eviter-lors-du-choix-dun-siege-enfant-pour-votre-velo-electrique\/","og_site_name":"STOER Bikes","article_publisher":"https:\/\/facebook.com\/stoerbikes","article_published_time":"2026-07-14T06:30:00+00:00","article_modified_time":"2026-07-14T10:52:37+00:00","og_image":[{"width":2560,"height":1708,"url":"https:\/\/stoerbikes.com\/wp-content\/uploads\/2024\/05\/image00001-9-scaled.jpeg","type":"image\/jpeg"}],"author":"Authora","twitter_card":"summary_large_image","twitter_misc":{"\u00c9crit par":"Authora","Dur\u00e9e de lecture estim\u00e9e":"8 minutes"},"schema":{"@context":"https:\/\/schema.org","@graph":[{"@type":["Article","BlogPosting"],"@id":"https:\/\/stoerbikes.com\/5-fouten-bij-een-kinderzitje-op-je-e-bike-kiezen\/#article","isPartOf":{"@id":"https:\/\/stoerbikes.com\/5-fouten-bij-een-kinderzitje-op-je-e-bike-kiezen\/"},"author":{"name":"Authora","@id":"https:\/\/stoerbikes.com\/#\/schema\/person\/7502f1423bafa2e4416618b40206f8ff"},"headline":"5 fouten bij een kinderzitje op je e-bike kiezen","datePublished":"2026-07-14T06:30:00+00:00","dateModified":"2026-07-14T10:52:37+00:00","mainEntityOfPage":{"@id":"https:\/\/stoerbikes.com\/5-fouten-bij-een-kinderzitje-op-je-e-bike-kiezen\/"},"wordCount":1365,"publisher":{"@id":"https:\/\/stoerbikes.com\/#organization"},"articleSection":["Algemeen"],"inLanguage":"fr-FR"},{"@type":"WebPage","@id":"https:\/\/stoerbikes.com\/5-fouten-bij-een-kinderzitje-op-je-e-bike-kiezen\/","url":"https:\/\/stoerbikes.com\/5-fouten-bij-een-kinderzitje-op-je-e-bike-kiezen\/","name":"Choisir un si\u00e8ge enfant pour v\u00e9lo \u00e9lectrique : 5 erreurs \u00e0 \u00e9viter - STOER Bikes","isPartOf":{"@id":"https:\/\/stoerbikes.com\/#website"},"datePublished":"2026-07-14T06:30:00+00:00","dateModified":"2026-07-14T10:52:37+00:00","description":"Vous souhaitez choisir un si\u00e8ge enfant pour votre v\u00e9lo \u00e9lectrique ? \u00c9vitez ces 5 erreurs courantes concernant le montage, le poids, l'\u00e9quilibre et la s\u00e9curit\u00e9. Ainsi, votre enfant sera en s\u00e9curit\u00e9 et vous pourrez rouler l'esprit tranquille.","breadcrumb":{"@id":"https:\/\/stoerbikes.com\/5-fouten-bij-een-kinderzitje-op-je-e-bike-kiezen\/#breadcrumb"},"inLanguage":"fr-FR","potentialAction":[{"@type":"ReadAction","target":["https:\/\/stoerbikes.com\/5-fouten-bij-een-kinderzitje-op-je-e-bike-kiezen\/"]}]},{"@type":"BreadcrumbList","@id":"https:\/\/stoerbikes.com\/5-fouten-bij-een-kinderzitje-op-je-e-bike-kiezen\/#breadcrumb","itemListElement":[{"@type":"ListItem","position":1,"name":"Home","item":"https:\/\/stoerbikes.com\/"},{"@type":"ListItem","position":2,"name":"5 fouten bij een kinderzitje op je e-bike kiezen"}]},{"@type":"WebSite","@id":"https:\/\/stoerbikes.com\/#website","url":"https:\/\/stoerbikes.com\/","name":"STOER Bikes","description":"","publisher":{"@id":"https:\/\/stoerbikes.com\/#organization"},"potentialAction":[{"@type":"SearchAction","target":{"@type":"EntryPoint","urlTemplate":"https:\/\/stoerbikes.com\/?s={search_term_string}"},"query-input":{"@type":"PropertyValueSpecification","valueRequired":true,"valueName":"search_term_string"}}],"inLanguage":"fr-FR"},{"@type":"Organization","@id":"https:\/\/stoerbikes.com\/#organization","name":"STOER Bikes","url":"https:\/\/stoerbikes.com\/","logo":{"@type":"ImageObject","inLanguage":"fr-FR","@id":"https:\/\/stoerbikes.com\/#\/schema\/logo\/image\/","url":"https:\/\/stoerbikes.com\/wp-content\/uploads\/2026\/01\/Logo-STOER.png","contentUrl":"https:\/\/stoerbikes.com\/wp-content\/uploads\/2026\/01\/Logo-STOER.png","width":1580,"height":303,"caption":"STOER Bikes"},"image":{"@id":"https:\/\/stoerbikes.com\/#\/schema\/logo\/image\/"},"sameAs":["https:\/\/facebook.com\/stoerbikes","https:\/\/www.instagram.com\/stoerbikes","https:\/\/www.linkedin.com\/company\/stoerbikes\/","https:\/\/www.tiktok.com\/@stoerbikes","https:\/\/www.youtube.com\/channel\/UCMBW5py6Mfoj1GNaRokv17g"]},{"@type":"Person","@id":"https:\/\/stoerbikes.com\/#\/schema\/person\/7502f1423bafa2e4416618b40206f8ff","name":"Auteura","image":{"@type":"ImageObject","inLanguage":"fr-FR","@id":"https:\/\/secure.gravatar.com\/avatar\/d58fc5f5a46da799c1b1d64215cb0da01fa53300a2b1867b577bac857324b89a?s=96&d=mm&r=g","url":"https:\/\/secure.gravatar.com\/avatar\/d58fc5f5a46da799c1b1d64215cb0da01fa53300a2b1867b577bac857324b89a?s=96&d=mm&r=g","contentUrl":"https:\/\/secure.gravatar.com\/avatar\/d58fc5f5a46da799c1b1d64215cb0da01fa53300a2b1867b577bac857324b89a?s=96&d=mm&r=g","caption":"Authora"}}]}},"_links":{"self":[{"href":"https:\/\/stoerbikes.com\/fr\/wp-json\/wp\/v2\/posts\/10922","targetHints":{"allow":["GET"]}}],"collection":[{"href":"https:\/\/stoerbikes.com\/fr\/wp-json\/wp\/v2\/posts"}],"about":[{"href":"https:\/\/stoerbikes.com\/fr\/wp-json\/wp\/v2\/types\/post"}],"author":[{"embeddable":true,"href":"https:\/\/stoerbikes.com\/fr\/wp-json\/wp\/v2\/users\/15"}],"replies":[{"embeddable":true,"href":"https:\/\/stoerbikes.com\/fr\/wp-json\/wp\/v2\/comments?post=10922"}],"version-history":[{"count":2,"href":"https:\/\/stoerbikes.com\/fr\/wp-json\/wp\/v2\/posts\/10922\/revisions"}],"predecessor-version":[{"id":10997,"href":"https:\/\/stoerbikes.com\/fr\/wp-json\/wp\/v2\/posts\/10922\/revisions\/10997"}],"wp:attachment":[{"href":"https:\/\/stoerbikes.com\/fr\/wp-json\/wp\/v2\/media?parent=10922"}],"wp:term":[{"taxonomy":"category","embeddable":true,"href":"https:\/\/stoerbikes.com\/fr\/wp-json\/wp\/v2\/categories?post=10922"},{"taxonomy":"post_tag","embeddable":true,"href":"https:\/\/stoerbikes.com\/fr\/wp-json\/wp\/v2\/tags?post=10922"}],"curies":[{"name":"wp","href":"https:\/\/api.w.org\/{rel}","templated":true}]}}