{"id":10964,"date":"2026-07-24T14:15:00","date_gmt":"2026-07-24T12:15:00","guid":{"rendered":"https:\/\/stoerbikes.com\/nl\/?p=10964"},"modified":"2026-08-17T09:53:13","modified_gmt":"2026-08-17T07:53:13","slug":"que-hay-que-llevar-a-una-prueba-de-bicicleta-electrica","status":"publish","type":"post","link":"https:\/\/stoerbikes.com\/es\/wat-neem-je-mee-naar-een-e-bike-proefrit\/","title":{"rendered":"\u00bfQu\u00e9 hay que llevar a una prueba de bicicleta el\u00e9ctrica?"},"content":{"rendered":"<h2>Je staat op het punt een e-bike te testen<\/h2>\n<p>Una prueba de conducci\u00f3n de una bicicleta el\u00e9ctrica suele ser el momento en el que las dudas se convierten en confianza, o al rev\u00e9s. En la tienda, casi todas las bicicletas resultan c\u00f3modas, pero al salir a la calle surgen las preguntas: \u00bfes la postura adecuada?, \u00bfc\u00f3mo responde el motor al arrancar? y \u00bfresulta natural frenar con asistencia?<\/p>\n<p>Si empiezas una prueba de conducci\u00f3n bien preparado, te dar\u00e1s cuenta antes de si una bicicleta el\u00e9ctrica se adapta a tu uso diario. Llevar contigo un par de cosas sencillas har\u00e1 que tu prueba de conducci\u00f3n sea m\u00e1s realista, m\u00e1s segura y m\u00e1s \u00fatil.<\/p>\n<h2>Qu\u00e9 llevar a una prueba de bicicleta el\u00e9ctrica: la lista b\u00e1sica<\/h2>\n<p>Esta lista incluye lo que necesitas en casi cualquier situaci\u00f3n. El objetivo no es llegar con una mochila llena de cosas, sino que la prueba se parezca a tus recorridos habituales.<\/p>\n<ul>\n<li><strong>Documento de identidad v\u00e1lido<\/strong> (pregunta habitual al registrarse para una prueba de conducci\u00f3n)<\/li>\n<li><strong>Su propio casco<\/strong> si tienes uno (o pide all\u00ed mismo que te presten un casco)<\/li>\n<li><strong>Tel\u00e9fono<\/strong> (para la navegaci\u00f3n, fotos de configuraciones o notas)<\/li>\n<li><strong>Quitarse los auriculares<\/strong>: por motivos de seguridad y para poder o\u00edr el ruido del motor, de la cadena o de la correa<\/li>\n<li><strong>Un bolso peque\u00f1o<\/strong> o una mochila en la que tus cosas no traqueteen<\/li>\n<\/ul>\n<h2>La preparaci\u00f3n empieza por tu propio uso<\/h2>\n<p>Mucha gente da una vuelta \u201cpara probarla\u201d, pero se olvida de las cosas que hace a diario. Normalmente, una bicicleta el\u00e9ctrica se compra para ir del trabajo a casa, hacer la compra, llevar a los ni\u00f1os o hacer recorridos m\u00e1s largos. As\u00ed que pru\u00e9bala en ese tipo de situaciones.<\/p>\n<h3>Ll\u00e9vate lo que sueles llevar siempre<\/h3>\n<p>\u00bfQuieres saber si la bicicleta se mantiene estable con peso? Pues lleva una carga realista. Puede ser peque\u00f1a, pero altera el equilibrio y el comportamiento de la direcci\u00f3n.<\/p>\n<ul>\n<li>Una bolsa de la compra llena (entre 5 y 10 kg suelen bastar para notar la diferencia)<\/li>\n<li>Tu malet\u00edn de trabajo o tu funda para el port\u00e1til<\/li>\n<li>Un candado para bicicleta que utilices habitualmente (el peso y el sistema de fijaci\u00f3n pueden influir)<\/li>\n<\/ul>\n<h3>\u00bfVas a salir a montar en bici con los ni\u00f1os?<\/h3>\n<p>En ese caso, la prueba no solo se centra en la bicicleta, sino tambi\u00e9n en la configuraci\u00f3n. Piensa en c\u00f3mo subirte, en la seguridad y en si tienes suficiente espacio con el asiento o asientos infantiles o con el equipaje.<\/p>\n<p>Plant\u00e9ate llevar tu propia silla infantil si te resulta pr\u00e1ctico o, al menos, comprueba si es posible en tu caso. Para obtener informaci\u00f3n general sobre las sillas infantiles y su fijaci\u00f3n, puedes consultar <a href=\"https:\/\/www.urbaniki.com\/\" rel=\"nofollow\">Iki Urbano<\/a>, para que sepas qu\u00e9 puntos de montaje y qu\u00e9 l\u00edmites de carga suelen ser importantes.<\/p>\n<h2>Ropa y calzado: no lo subestimes<\/h2>\n<p>Lo que llevas puesto influye en tu opini\u00f3n. Una bicicleta puede resultar muy c\u00f3moda con ropa deportiva, pero no tanto con tu chaqueta de diario, unos pantalones m\u00e1s largos u otro tipo de calzado.<\/p>\n<h3>Zapatos<\/h3>\n<p>Trae las zapatillas que sueles usar para montar en bici. El grosor de la suela y el agarre determinan el control que tienes al frenar y al arrancar.<\/p>\n<ul>\n<li>No lleves suelas resbaladizas cuando el suelo est\u00e9 mojado<\/li>\n<li>Mejor no llevar tacones ni chanclas<\/li>\n<li>Si sueles montar en bici con zapatos elegantes: haz la prueba precisamente con ellos<\/li>\n<\/ul>\n<h3>Ropa adecuada para el tiempo<\/h3>\n<p>\u00bfSueles hacer pruebas cuando llueve o hace fr\u00edo? Entonces ponte algo que tambi\u00e9n te pondr\u00edas en un d\u00eda as\u00ed. As\u00ed te dar\u00e1s cuenta enseguida de si tu postura es la correcta y de si tu visibilidad (capucha, cuello) sigue siendo buena.<\/p>\n<h2>Lo que quieres medir o registrar durante la prueba de conducci\u00f3n<\/h2>\n<p>Una prueba de conducci\u00f3n te deja muchas impresiones. Despu\u00e9s de probar dos o tres bicicletas, todo se mezcla r\u00e1pidamente. Hay algunas formas sencillas de comparar de manera m\u00e1s objetiva que ayudan much\u00edsimo.<\/p>\n<h3>Notas telef\u00f3nicas con puntos clave breves<\/h3>\n<p>Prepara de antemano una lista con entre 6 y 10 puntos. Despu\u00e9s del recorrido, asigna a cada punto una puntuaci\u00f3n o un breve comentario.<\/p>\n<ul>\n<li>Subir al coche y arrancar: \u00bfte parece que va estable?<\/li>\n<li>Respuesta del motor a baja velocidad (cruce, curva)<\/li>\n<li>Frenado: precisi\u00f3n en la dosificaci\u00f3n y confianza<\/li>\n<li>Ruidos: motor, transmisi\u00f3n, traqueteos<\/li>\n<li>Postura al sentarse: presi\u00f3n en las mu\u00f1ecas y el cuello<\/li>\n<li>Curvas: \u00bfel manillar se nota \u201cligero\u201d o, por el contrario, inestable?<\/li>\n<\/ul>\n<h3>Fotos de instituciones<\/h3>\n<p>Cuando encuentres una bicicleta que te resulte c\u00f3moda, haz una foto de la altura del sill\u00edn y la posici\u00f3n del manillar. As\u00ed te resultar\u00e1 m\u00e1s f\u00e1cil ajustar la bicicleta de forma similar en la pr\u00f3xima prueba.<\/p>\n<h2>Cosas que a menudo se olvidan (pero que resultan \u00fatiles)<\/h2>\n<p>No son imprescindibles, pero s\u00ed resultan \u00fatiles si quieres comparar a fondo o si vas a hacer una prueba de conducci\u00f3n m\u00e1s larga.<\/p>\n<ul>\n<li><strong>Botella de agua<\/strong> si conduces m\u00e1s de 20-30 minutos<\/li>\n<li><strong>Guantes finos<\/strong> (sobre todo cuando hace fr\u00edo; el agarre y la sensaci\u00f3n de frenado cambian)<\/li>\n<li><strong>Gafas<\/strong> (gafas de sol o gafas transparentes para protegerse del viento y los insectos)<\/li>\n<li><strong>Bater\u00eda externa<\/strong> si utilizas el navegador y te queda poca bater\u00eda<\/li>\n<\/ul>\n<h2>Puntos que debes comprobar antes de salir (sin complicaciones t\u00e9cnicas)<\/h2>\n<p>No hace falta ser mec\u00e1nico para hacer una buena prueba de conducci\u00f3n. Estas comprobaciones se centran sobre todo en la seguridad y en evitar una impresi\u00f3n err\u00f3nea.<\/p>\n<h3>Preparaci\u00f3n: t\u00f3mate dos minutos<\/h3>\n<ul>\n<li>Altura del sill\u00edn: la rodilla permanece ligeramente flexionada en la parte inferior del movimiento de pedaleo.<\/li>\n<li>Postura al volante: puedes conducir de forma relajada sin encoger los hombros<\/li>\n<li>Manetas de freno: \u00bfse adaptan al tama\u00f1o de tu mano y notas que tienes suficiente control sobre la fuerza de frenado?<\/li>\n<\/ul>\n<h3>Presi\u00f3n de los neum\u00e1ticos y sensaci\u00f3n de frenado<\/h3>\n<p>La presi\u00f3n de los neum\u00e1ticos influye en la comodidad y en la resistencia a la rodadura. Si la bicicleta se nota \u201cpesada\u201d o \u201ccon tirones\u201d, pregunta si la presi\u00f3n es la adecuada para tu peso y el uso que le das.<\/p>\n<p>Antes de adentrarte en el tr\u00e1fico intenso, realiza unas cuantas frenadas en\u00e9rgicas en un tramo tranquilo. Es importante que sepas en cu\u00e1nto tiempo te detienes y si la bicicleta se mantiene recta.<\/p>\n<h2>Una ruta de prueba que realmente dice mucho<\/h2>\n<p>La mejor ruta es aquella que ofrece variedad. Un recorrido llano por la calle comercial no dice mucho sobre la estabilidad, la sujeci\u00f3n y la comodidad.<\/p>\n<h3>As\u00ed es como debe ser un buen bucle de prueba<\/h3>\n<ul>\n<li>Un tramo con adoquines en mal estado o badenes<\/li>\n<li>Una curva cerrada o una rotonda<\/li>\n<li>Una peque\u00f1a subida, un puente o un viaducto<\/li>\n<li>Frenar y acelerar un par de veces<\/li>\n<li>Un tramo en el que se alcanzan los 25 km\/h (sin esforzarse demasiado)<\/li>\n<\/ul>\n<h2>Preguntas que hay que hacer en la tienda (y por qu\u00e9 eso marca la diferencia)<\/h2>\n<p>A veces sientes que algo es \u201cdiferente\u201d, pero no sabes qu\u00e9 es. Unas cuantas preguntas concretas te ayudan a comprender las diferencias entre los modelos, sin perderte en las especificaciones.<\/p>\n<h3>Preguntas pr\u00e1cticas que son directamente relevantes<\/h3>\n<ul>\n<li>\u00bfSe pueden cambiar f\u00e1cilmente los niveles de asistencia mientras se conduce?<\/li>\n<li>\u00bfC\u00f3mo funciona el sistema de aparcamiento y bloqueo en este modelo?<\/li>\n<li>\u00bfCu\u00e1les son los elementos de mantenimiento que se repiten con m\u00e1s frecuencia (pastillas de freno, neum\u00e1ticos, actualizaciones de software)?<\/li>\n<li>\u00bfCu\u00e1l es la autonom\u00eda realista seg\u00fan tu uso (peso, viento, paradas)?<\/li>\n<\/ul>\n<h2>Compara bicicletas el\u00e9ctricas: una tabla sencilla que funciona<\/h2>\n<p>Si pruebas varios modelos, te resultar\u00e1 \u00fatil hacer una comparaci\u00f3n sistem\u00e1tica. Rell\u00e9nala justo despu\u00e9s de cada prueba de conducci\u00f3n, mientras a\u00fan tienes las sensaciones frescas en la memoria.<\/p>\n<table>\n<thead>\n<tr>\n<th>Secci\u00f3n<\/th>\n<th>\u00bfA qu\u00e9 est\u00e1s prestando atenci\u00f3n?<\/th>\n<th>Su puntuaci\u00f3n (1-5)<\/th>\n<\/tr>\n<\/thead>\n<tbody>\n<tr>\n<td>Postura y confort<\/td>\n<td>Presi\u00f3n en las mu\u00f1ecas y el cuello, sensaci\u00f3n de incomodidad en la zona lumbar, conducci\u00f3n relajada<\/td>\n<td><\/td>\n<\/tr>\n<tr>\n<td>Sensaci\u00f3n del motor<\/td>\n<td>Acelerar suavemente, a un ritmo natural, sin sacudidas<\/td>\n<td><\/td>\n<\/tr>\n<tr>\n<td>Estabilidad<\/td>\n<td>Rectas, curvas, con peso extra<\/td>\n<td><\/td>\n<\/tr>\n<tr>\n<td>Frenos<\/td>\n<td>Dosificable, predecible, confianza en caso de parada de emergencia<\/td>\n<td><\/td>\n<\/tr>\n<tr>\n<td>Facilidad de uso<\/td>\n<td>Pantalla, manejo, aparcamiento, levantar\/empujar<\/td>\n<td><\/td>\n<\/tr>\n<\/tbody>\n<\/table>\n<h2>Despu\u00e9s de la prueba de conducci\u00f3n: piensa ya en la documentaci\u00f3n y el seguimiento<\/h2>\n<p>Una bicicleta el\u00e9ctrica suele suponer una inversi\u00f3n importante, y lo que ocurre despu\u00e9s tambi\u00e9n es importante. Pregunta c\u00f3mo se gestionan la garant\u00eda, el servicio t\u00e9cnico y, en su caso, la tramitaci\u00f3n en caso de robo o da\u00f1os.<\/p>\n<p>Tambi\u00e9n es \u00fatil informarse desde el principio sobre c\u00f3mo asegurar tu bicicleta el\u00e9ctrica y en qu\u00e9 aspectos debes fijarte en cuanto a la cobertura y las condiciones. Lee con calma la p\u00e1gina sobre <a href=\"https:\/\/stoerbikes.com\/es\/seguro\/\">seguro y cobertura de e-bike<\/a> para que sepas qu\u00e9 opciones te gustar\u00eda poder elegir tras una prueba de conducci\u00f3n.<\/p>\n<h2>\u00bfQu\u00e9 bicicleta el\u00e9ctrica se adapta mejor a tus recorridos?<\/h2>\n<p>Una prueba de conducci\u00f3n tambi\u00e9n sirve para comprobar qu\u00e9 tipo de bicicleta te conviene. Si sueles hacer sobre todo trayectos cortos por la ciudad, te interesar\u00e1 m\u00e1s la maniobrabilidad y la facilidad para aparcar. Para recorridos m\u00e1s largos, lo que buscas es comodidad, una asistencia el\u00e9ctrica suave y un comportamiento estable en la conducci\u00f3n.<\/p>\n<p>Si a\u00fan tienes dudas a la hora de elegir entre distintos modelos, puede resultarte \u00fatil informarte primero sobre las diferentes bicicletas el\u00e9ctricas y sus usos. Echa un vistazo al resumen de <a href=\"https:\/\/stoerbikes.com\/es\/bicicletas\/\">todas las STOER Bikes e-bikes<\/a> y anota cu\u00e1les son las situaciones que m\u00e1s te suelen dar.<\/p>\n<h2>Situaciones habituales: \u00bfqu\u00e9 te llevas entonces?<\/h2>\n<h3>Prueba de conducci\u00f3n por la ciudad<\/h3>\n<ul>\n<li>Tu propio candado (para practicar un poco c\u00f3mo aparcar y asegurar la bicicleta)<\/li>\n<li>Un bolso que pesa un poco<\/li>\n<li>La chaqueta que sueles llevar (movimiento y visibilidad)<\/li>\n<\/ul>\n<h3>Prueba de conducci\u00f3n para el trayecto casa-trabajo<\/h3>\n<ul>\n<li>Malet\u00edn con espacio para el port\u00e1til (si lo llevas a diario)<\/li>\n<li>Zapatos que te pones en la oficina<\/li>\n<li>Tel\u00e9fono con tu ruta fija o un circuito similar<\/li>\n<\/ul>\n<h3>Prueba de conducci\u00f3n con una bicicleta de carga o pensando en transportar mucha carga<\/h3>\n<ul>\n<li>Una carga realista (compras o material de trabajo)<\/li>\n<li>Si es necesario, tu silla infantil o, en cualquier caso, las medidas y la compatibilidad<\/li>\n<li>Cuestionario sobre estabilidad, carga y descarga, y aparcamiento<\/li>\n<\/ul>\n<p>Si est\u00e1s buscando espec\u00edficamente una bicicleta de carga para la familia o para el trabajo, lee tambi\u00e9n las especificaciones del producto y los detalles pr\u00e1cticos de la <a href=\"https:\/\/stoerbikes.com\/es\/producto\/cargox\/\">CargoX bicicleta de carga el\u00e9ctrica<\/a> antes de hacer la prueba. As\u00ed sabr\u00e1s mejor a qu\u00e9 debes prestar atenci\u00f3n durante el recorrido.<\/p>\n<h2>\u00daltima pregunta: \u00bfqu\u00e9 es lo que de verdad te hace feliz durante el trayecto?<\/h2>\n<p>La mejor bicicleta el\u00e9ctrica no es necesariamente la que tiene la lista m\u00e1s larga de prestaciones, sino aquella que te resulta f\u00e1cil de manejar. Si despu\u00e9s de la prueba tienes la sensaci\u00f3n de que \u201csimplemente pedaleas\u201d sin pensar en el manejo, el equilibrio o los frenos, suele ser una buena elecci\u00f3n.<\/p>\n<p>\u00bfQuieres preparar la prueba de conducci\u00f3n seg\u00fan tus necesidades o comparar varios modelos? En ese caso, reserva una prueba de conducci\u00f3n en uno de los puntos de venta asociados y lleva contigo tu propia lista de cosas que necesitas, para que puedas salir pedaleando con las ideas claras.<\/p>","protected":false},"excerpt":{"rendered":"<p>Je staat op het punt een e-bike te testen Een e-bike proefrit is vaak het moment waarop twijfel omslaat in vertrouwen, of juist andersom. In de winkel voelt bijna elke fiets comfortabel, maar buiten komen de vragen: past de houding, hoe reageert de motor bij optrekken, en voelt remmen met ondersteuning natuurlijk? Wie goed voorbereid [&hellip;]<\/p>\n","protected":false},"author":15,"featured_media":0,"comment_status":"closed","ping_status":"closed","sticky":false,"template":"","format":"standard","meta":{"_acf_changed":false,"footnotes":""},"categories":[1],"tags":[],"class_list":["post-10964","post","type-post","status-publish","format-standard","hentry","category-algemeen"],"acf":[],"yoast_head":"<!-- This site is optimized with the Yoast SEO Premium plugin v28.3 (Yoast SEO v28.3) - https:\/\/yoast.com\/product\/yoast-seo-premium-wordpress\/ -->\n<title>E-bike proefrit: wat neem je mee en waar let je op?<\/title>\n<meta name=\"description\" content=\"Ga je een e-bike proefrit maken? Ontdek wat je meeneemt, hoe je je voorbereidt en waarop je let tijdens de testrit voor een betere keuze.\" \/>\n<meta name=\"robots\" content=\"index, follow, max-snippet:-1, max-image-preview:large, max-video-preview:-1\" \/>\n<link rel=\"canonical\" href=\"https:\/\/stoerbikes.com\/es\/que-hay-que-llevar-a-una-prueba-de-bicicleta-electrica\/\" \/>\n<meta property=\"og:locale\" content=\"es_ES\" \/>\n<meta property=\"og:type\" content=\"article\" \/>\n<meta property=\"og:title\" content=\"Wat neem je mee naar een e-bike proefrit?\" \/>\n<meta property=\"og:description\" content=\"Ga je een e-bike proefrit maken? Ontdek wat je meeneemt, hoe je je voorbereidt en waarop je let tijdens de testrit voor een betere keuze.\" \/>\n<meta property=\"og:url\" content=\"https:\/\/stoerbikes.com\/es\/que-hay-que-llevar-a-una-prueba-de-bicicleta-electrica\/\" \/>\n<meta property=\"og:site_name\" content=\"STOER Bikes\" \/>\n<meta property=\"article:publisher\" content=\"https:\/\/facebook.com\/stoerbikes\" \/>\n<meta property=\"article:published_time\" content=\"2026-07-24T12:15:00+00:00\" \/>\n<meta property=\"article:modified_time\" content=\"2026-08-17T07:53:13+00:00\" \/>\n<meta property=\"og:image\" content=\"https:\/\/stoerbikes.com\/wp-content\/uploads\/2024\/05\/image00001-9-scaled.jpeg\" \/>\n\t<meta property=\"og:image:width\" content=\"2560\" \/>\n\t<meta property=\"og:image:height\" content=\"1708\" \/>\n\t<meta property=\"og:image:type\" content=\"image\/jpeg\" \/>\n<meta name=\"author\" content=\"Authora\" \/>\n<meta name=\"twitter:card\" content=\"summary_large_image\" \/>\n<meta name=\"twitter:label1\" content=\"Escrito por\" \/>\n\t<meta name=\"twitter:data1\" content=\"Authora\" \/>\n\t<meta name=\"twitter:label2\" content=\"Tiempo de lectura\" \/>\n\t<meta name=\"twitter:data2\" content=\"15 minutos\" \/>\n<script type=\"application\/ld+json\" class=\"yoast-schema-graph\">{\"@context\":\"https:\\\/\\\/schema.org\",\"@graph\":[{\"@type\":[\"Article\",\"BlogPosting\"],\"@id\":\"https:\\\/\\\/stoerbikes.com\\\/wat-neem-je-mee-naar-een-e-bike-proefrit\\\/#article\",\"isPartOf\":{\"@id\":\"https:\\\/\\\/stoerbikes.com\\\/wat-neem-je-mee-naar-een-e-bike-proefrit\\\/\"},\"author\":{\"name\":\"Authora\",\"@id\":\"https:\\\/\\\/stoerbikes.com\\\/#\\\/schema\\\/person\\\/7502f1423bafa2e4416618b40206f8ff\"},\"headline\":\"Wat neem je mee naar een e-bike proefrit?\",\"datePublished\":\"2026-07-24T12:15:00+00:00\",\"dateModified\":\"2026-08-17T07:53:13+00:00\",\"mainEntityOfPage\":{\"@id\":\"https:\\\/\\\/stoerbikes.com\\\/wat-neem-je-mee-naar-een-e-bike-proefrit\\\/\"},\"wordCount\":1385,\"publisher\":{\"@id\":\"https:\\\/\\\/stoerbikes.com\\\/#organization\"},\"articleSection\":[\"Algemeen\"],\"inLanguage\":\"es\"},{\"@type\":\"WebPage\",\"@id\":\"https:\\\/\\\/stoerbikes.com\\\/wat-neem-je-mee-naar-een-e-bike-proefrit\\\/\",\"url\":\"https:\\\/\\\/stoerbikes.com\\\/wat-neem-je-mee-naar-een-e-bike-proefrit\\\/\",\"name\":\"E-bike proefrit: wat neem je mee en waar let je op?\",\"isPartOf\":{\"@id\":\"https:\\\/\\\/stoerbikes.com\\\/#website\"},\"datePublished\":\"2026-07-24T12:15:00+00:00\",\"dateModified\":\"2026-08-17T07:53:13+00:00\",\"description\":\"Ga je een e-bike proefrit maken? Ontdek wat je meeneemt, hoe je je voorbereidt en waarop je let tijdens de testrit voor een betere keuze.\",\"breadcrumb\":{\"@id\":\"https:\\\/\\\/stoerbikes.com\\\/wat-neem-je-mee-naar-een-e-bike-proefrit\\\/#breadcrumb\"},\"inLanguage\":\"es\",\"potentialAction\":[{\"@type\":\"ReadAction\",\"target\":[\"https:\\\/\\\/stoerbikes.com\\\/wat-neem-je-mee-naar-een-e-bike-proefrit\\\/\"]}]},{\"@type\":\"BreadcrumbList\",\"@id\":\"https:\\\/\\\/stoerbikes.com\\\/wat-neem-je-mee-naar-een-e-bike-proefrit\\\/#breadcrumb\",\"itemListElement\":[{\"@type\":\"ListItem\",\"position\":1,\"name\":\"Home\",\"item\":\"https:\\\/\\\/stoerbikes.com\\\/\"},{\"@type\":\"ListItem\",\"position\":2,\"name\":\"Wat neem je mee naar een e-bike proefrit?\"}]},{\"@type\":\"WebSite\",\"@id\":\"https:\\\/\\\/stoerbikes.com\\\/#website\",\"url\":\"https:\\\/\\\/stoerbikes.com\\\/\",\"name\":\"STOER Bikes\",\"description\":\"\",\"publisher\":{\"@id\":\"https:\\\/\\\/stoerbikes.com\\\/#organization\"},\"potentialAction\":[{\"@type\":\"SearchAction\",\"target\":{\"@type\":\"EntryPoint\",\"urlTemplate\":\"https:\\\/\\\/stoerbikes.com\\\/?s={search_term_string}\"},\"query-input\":{\"@type\":\"PropertyValueSpecification\",\"valueRequired\":true,\"valueName\":\"search_term_string\"}}],\"inLanguage\":\"es\"},{\"@type\":\"Organization\",\"@id\":\"https:\\\/\\\/stoerbikes.com\\\/#organization\",\"name\":\"STOER Bikes\",\"url\":\"https:\\\/\\\/stoerbikes.com\\\/\",\"logo\":{\"@type\":\"ImageObject\",\"inLanguage\":\"es\",\"@id\":\"https:\\\/\\\/stoerbikes.com\\\/#\\\/schema\\\/logo\\\/image\\\/\",\"url\":\"https:\\\/\\\/stoerbikes.com\\\/wp-content\\\/uploads\\\/2026\\\/01\\\/Logo-STOER.png\",\"contentUrl\":\"https:\\\/\\\/stoerbikes.com\\\/wp-content\\\/uploads\\\/2026\\\/01\\\/Logo-STOER.png\",\"width\":1580,\"height\":303,\"caption\":\"STOER Bikes\"},\"image\":{\"@id\":\"https:\\\/\\\/stoerbikes.com\\\/#\\\/schema\\\/logo\\\/image\\\/\"},\"sameAs\":[\"https:\\\/\\\/facebook.com\\\/stoerbikes\",\"https:\\\/\\\/www.instagram.com\\\/stoerbikes\",\"https:\\\/\\\/www.linkedin.com\\\/company\\\/stoerbikes\\\/\",\"https:\\\/\\\/www.tiktok.com\\\/@stoerbikes\",\"https:\\\/\\\/www.youtube.com\\\/channel\\\/UCMBW5py6Mfoj1GNaRokv17g\"]},{\"@type\":\"Person\",\"@id\":\"https:\\\/\\\/stoerbikes.com\\\/#\\\/schema\\\/person\\\/7502f1423bafa2e4416618b40206f8ff\",\"name\":\"Authora\",\"image\":{\"@type\":\"ImageObject\",\"inLanguage\":\"es\",\"@id\":\"https:\\\/\\\/secure.gravatar.com\\\/avatar\\\/d58fc5f5a46da799c1b1d64215cb0da01fa53300a2b1867b577bac857324b89a?s=96&d=mm&r=g\",\"url\":\"https:\\\/\\\/secure.gravatar.com\\\/avatar\\\/d58fc5f5a46da799c1b1d64215cb0da01fa53300a2b1867b577bac857324b89a?s=96&d=mm&r=g\",\"contentUrl\":\"https:\\\/\\\/secure.gravatar.com\\\/avatar\\\/d58fc5f5a46da799c1b1d64215cb0da01fa53300a2b1867b577bac857324b89a?s=96&d=mm&r=g\",\"caption\":\"Authora\"}}]}<\/script>\n<!-- \/ Yoast SEO Premium plugin. -->","yoast_head_json":{"title":"Prueba de una bicicleta el\u00e9ctrica: \u00bfqu\u00e9 debes llevar y en qu\u00e9 debes fijarte?","description":"\u00bfVas a hacer una prueba de conducci\u00f3n con una bicicleta el\u00e9ctrica? Descubre qu\u00e9 debes llevar, c\u00f3mo prepararte y en qu\u00e9 debes fijarte durante la prueba para tomar una mejor decisi\u00f3n.","robots":{"index":"index","follow":"follow","max-snippet":"max-snippet:-1","max-image-preview":"max-image-preview:large","max-video-preview":"max-video-preview:-1"},"canonical":"https:\/\/stoerbikes.com\/es\/que-hay-que-llevar-a-una-prueba-de-bicicleta-electrica\/","og_locale":"es_ES","og_type":"article","og_title":"Wat neem je mee naar een e-bike proefrit?","og_description":"Ga je een e-bike proefrit maken? Ontdek wat je meeneemt, hoe je je voorbereidt en waarop je let tijdens de testrit voor een betere keuze.","og_url":"https:\/\/stoerbikes.com\/es\/que-hay-que-llevar-a-una-prueba-de-bicicleta-electrica\/","og_site_name":"STOER Bikes","article_publisher":"https:\/\/facebook.com\/stoerbikes","article_published_time":"2026-07-24T12:15:00+00:00","article_modified_time":"2026-08-17T07:53:13+00:00","og_image":[{"width":2560,"height":1708,"url":"https:\/\/stoerbikes.com\/wp-content\/uploads\/2024\/05\/image00001-9-scaled.jpeg","type":"image\/jpeg"}],"author":"Authora","twitter_card":"summary_large_image","twitter_misc":{"Escrito por":"Authora","Tiempo de lectura":"15 minutos"},"schema":{"@context":"https:\/\/schema.org","@graph":[{"@type":["Article","BlogPosting"],"@id":"https:\/\/stoerbikes.com\/wat-neem-je-mee-naar-een-e-bike-proefrit\/#article","isPartOf":{"@id":"https:\/\/stoerbikes.com\/wat-neem-je-mee-naar-een-e-bike-proefrit\/"},"author":{"name":"Authora","@id":"https:\/\/stoerbikes.com\/#\/schema\/person\/7502f1423bafa2e4416618b40206f8ff"},"headline":"Wat neem je mee naar een e-bike proefrit?","datePublished":"2026-07-24T12:15:00+00:00","dateModified":"2026-08-17T07:53:13+00:00","mainEntityOfPage":{"@id":"https:\/\/stoerbikes.com\/wat-neem-je-mee-naar-een-e-bike-proefrit\/"},"wordCount":1385,"publisher":{"@id":"https:\/\/stoerbikes.com\/#organization"},"articleSection":["Algemeen"],"inLanguage":"es"},{"@type":"WebPage","@id":"https:\/\/stoerbikes.com\/wat-neem-je-mee-naar-een-e-bike-proefrit\/","url":"https:\/\/stoerbikes.com\/wat-neem-je-mee-naar-een-e-bike-proefrit\/","name":"Prueba de una bicicleta el\u00e9ctrica: \u00bfqu\u00e9 debes llevar y en qu\u00e9 debes fijarte?","isPartOf":{"@id":"https:\/\/stoerbikes.com\/#website"},"datePublished":"2026-07-24T12:15:00+00:00","dateModified":"2026-08-17T07:53:13+00:00","description":"\u00bfVas a hacer una prueba de conducci\u00f3n con una bicicleta el\u00e9ctrica? Descubre qu\u00e9 debes llevar, c\u00f3mo prepararte y en qu\u00e9 debes fijarte durante la prueba para tomar una mejor decisi\u00f3n.","breadcrumb":{"@id":"https:\/\/stoerbikes.com\/wat-neem-je-mee-naar-een-e-bike-proefrit\/#breadcrumb"},"inLanguage":"es","potentialAction":[{"@type":"ReadAction","target":["https:\/\/stoerbikes.com\/wat-neem-je-mee-naar-een-e-bike-proefrit\/"]}]},{"@type":"BreadcrumbList","@id":"https:\/\/stoerbikes.com\/wat-neem-je-mee-naar-een-e-bike-proefrit\/#breadcrumb","itemListElement":[{"@type":"ListItem","position":1,"name":"Home","item":"https:\/\/stoerbikes.com\/"},{"@type":"ListItem","position":2,"name":"Wat neem je mee naar een e-bike proefrit?"}]},{"@type":"WebSite","@id":"https:\/\/stoerbikes.com\/#website","url":"https:\/\/stoerbikes.com\/","name":"STOER Bicicletas","description":"","publisher":{"@id":"https:\/\/stoerbikes.com\/#organization"},"potentialAction":[{"@type":"SearchAction","target":{"@type":"EntryPoint","urlTemplate":"https:\/\/stoerbikes.com\/?s={search_term_string}"},"query-input":{"@type":"PropertyValueSpecification","valueRequired":true,"valueName":"search_term_string"}}],"inLanguage":"es"},{"@type":"Organization","@id":"https:\/\/stoerbikes.com\/#organization","name":"STOER Bicicletas","url":"https:\/\/stoerbikes.com\/","logo":{"@type":"ImageObject","inLanguage":"es","@id":"https:\/\/stoerbikes.com\/#\/schema\/logo\/image\/","url":"https:\/\/stoerbikes.com\/wp-content\/uploads\/2026\/01\/Logo-STOER.png","contentUrl":"https:\/\/stoerbikes.com\/wp-content\/uploads\/2026\/01\/Logo-STOER.png","width":1580,"height":303,"caption":"STOER Bikes"},"image":{"@id":"https:\/\/stoerbikes.com\/#\/schema\/logo\/image\/"},"sameAs":["https:\/\/facebook.com\/stoerbikes","https:\/\/www.instagram.com\/stoerbikes","https:\/\/www.linkedin.com\/company\/stoerbikes\/","https:\/\/www.tiktok.com\/@stoerbikes","https:\/\/www.youtube.com\/channel\/UCMBW5py6Mfoj1GNaRokv17g"]},{"@type":"Person","@id":"https:\/\/stoerbikes.com\/#\/schema\/person\/7502f1423bafa2e4416618b40206f8ff","name":"Autora","image":{"@type":"ImageObject","inLanguage":"es","@id":"https:\/\/secure.gravatar.com\/avatar\/d58fc5f5a46da799c1b1d64215cb0da01fa53300a2b1867b577bac857324b89a?s=96&d=mm&r=g","url":"https:\/\/secure.gravatar.com\/avatar\/d58fc5f5a46da799c1b1d64215cb0da01fa53300a2b1867b577bac857324b89a?s=96&d=mm&r=g","contentUrl":"https:\/\/secure.gravatar.com\/avatar\/d58fc5f5a46da799c1b1d64215cb0da01fa53300a2b1867b577bac857324b89a?s=96&d=mm&r=g","caption":"Authora"}}]}},"_links":{"self":[{"href":"https:\/\/stoerbikes.com\/es\/wp-json\/wp\/v2\/posts\/10964","targetHints":{"allow":["GET"]}}],"collection":[{"href":"https:\/\/stoerbikes.com\/es\/wp-json\/wp\/v2\/posts"}],"about":[{"href":"https:\/\/stoerbikes.com\/es\/wp-json\/wp\/v2\/types\/post"}],"author":[{"embeddable":true,"href":"https:\/\/stoerbikes.com\/es\/wp-json\/wp\/v2\/users\/15"}],"replies":[{"embeddable":true,"href":"https:\/\/stoerbikes.com\/es\/wp-json\/wp\/v2\/comments?post=10964"}],"version-history":[{"count":3,"href":"https:\/\/stoerbikes.com\/es\/wp-json\/wp\/v2\/posts\/10964\/revisions"}],"predecessor-version":[{"id":11124,"href":"https:\/\/stoerbikes.com\/es\/wp-json\/wp\/v2\/posts\/10964\/revisions\/11124"}],"wp:attachment":[{"href":"https:\/\/stoerbikes.com\/es\/wp-json\/wp\/v2\/media?parent=10964"}],"wp:term":[{"taxonomy":"category","embeddable":true,"href":"https:\/\/stoerbikes.com\/es\/wp-json\/wp\/v2\/categories?post=10964"},{"taxonomy":"post_tag","embeddable":true,"href":"https:\/\/stoerbikes.com\/es\/wp-json\/wp\/v2\/tags?post=10964"}],"curies":[{"name":"wp","href":"https:\/\/api.w.org\/{rel}","templated":true}]}}