{"id":10956,"date":"2026-07-22T10:45:00","date_gmt":"2026-07-22T08:45:00","guid":{"rendered":"https:\/\/stoerbikes.com\/nl\/?p=10956"},"modified":"2026-08-13T17:24:58","modified_gmt":"2026-08-13T15:24:58","slug":"equipamiento-para-bicicletas-de-carga-destinado-a-instaladores-con-el-cargox","status":"publish","type":"post","link":"https:\/\/stoerbikes.com\/es\/bakfiets-inrichting-voor-installateurs-met-de-cargox\/","title":{"rendered":"Equipamiento para bicicletas de carga destinado a instaladores con el CargoX"},"content":{"rendered":"<h1>Equipamiento para bicicletas de carga destinado a instaladores con el CargoX<\/h1>\n<p>Un instalador que trabaja en la ciudad suele perder tiempo buscando aparcamiento, dando rodeos y reorganizando las herramientas una y otra vez. Una bicicleta el\u00e9ctrica de carga puede solucionar eso, pero solo si organizas la caja de forma inteligente: quieres acceder de inmediato al compartimento adecuado, no quieres que nada traquetee ni se desplace, y quieres poder frenar con seguridad incluso con la carga completa.<\/p>\n<p>Esta gu\u00eda trata sobre la organizaci\u00f3n pr\u00e1ctica de la caja de una bicicleta de carga para instaladores: distribuci\u00f3n de los compartimentos, fijaci\u00f3n, distribuci\u00f3n del peso y seguridad en la carga. Los ejemplos se han elaborado pensando en la CargoX, ya que, gracias a su robusto chasis, su espaciosa caja y su elevada capacidad de carga, suele ser la opci\u00f3n elegida para los trabajos urbanos.<\/p>\n<h2>Empieza tu jornada laboral, no con tus cosas<\/h2>\n<p>La mejor organizaci\u00f3n no es una soluci\u00f3n de cat\u00e1logo, sino un reflejo de tu proceso de trabajo. Piensa primero en tu ritmo: cu\u00e1ntas paradas al d\u00eda, qu\u00e9 tipo de trabajos y con qu\u00e9 frecuencia sacas algo de la caja.<\/p>\n<h3>Crea tres zonas en tu pecera<\/h3>\n<p>Una organizaci\u00f3n por zonas evita que todo acabe amontonado en un \u201cmont\u00f3n de herramientas\u201d. Adem\u00e1s, ayuda a evitar da\u00f1os en los instrumentos de medici\u00f3n y en las piezas fr\u00e1giles.<\/p>\n<ul>\n<li><strong>Zona 1 (accesible directamente):<\/strong> cosas que siempre coges para cualquier trabajo, como guantes, cinta m\u00e9trica, juego de puntas, destornilladores b\u00e1sicos, cinta adhesiva y rotulador.<\/li>\n<li><strong>Zona 2 (espec\u00edfica para cada trabajo):<\/strong> materiales y herramientas para cada trabajo (calefacci\u00f3n, fontaner\u00eda, electricidad, ventilaci\u00f3n).<\/li>\n<li><strong>Zona 3 (reserva\/stock):<\/strong> accesorios y material a granel, como racores, bridas, sellador, tapones, tornillos y pa\u00f1os de limpieza.<\/li>\n<\/ul>\n<p>Si mantienes la Zona 1 cerca de la parte superior y en el lado \u201cabierto\u201d, podr\u00e1s coger algo en una parada r\u00e1pida sin tener que abrir toda la caja ni apilarla.<\/p>\n<h2>Equipamiento profesional: c\u00f3mo preparar el banco de trabajo para el taller\u201c<\/h2>\n<p>Los instaladores disponen de una combinaci\u00f3n de herramientas pesadas (bater\u00edas, taladros), materiales largos (tubos, perfiles) y piezas peque\u00f1as (racores, tornillos). Una buena organizaci\u00f3n por categor\u00edas separa estos grupos.<\/p>\n<h3>Trabaja con contenedores y cajas modulares<\/h3>\n<p>Los objetos sueltos en la caja provocan caos y ruido, y es m\u00e1s f\u00e1cil perder algo. Opta por cajas apilables con tapa, preferiblemente con un c\u00f3digo de colores f\u00e1cil de identificar para cada disciplina.<\/p>\n<ul>\n<li><strong>El\u00e9ctrico:<\/strong> conectores, pinzas de soldadura, pelacables, detector de tensi\u00f3n, tenazas de crimpado.<\/li>\n<li><strong>Instalaciones sanitarias:<\/strong> cinta de tefl\u00f3n, juntas de goma, piezas para sifones, sellador y pistola.<\/li>\n<li><strong>Calefacci\u00f3n central:<\/strong> llave de purga, man\u00f3metro, peque\u00f1os accesorios.<\/li>\n<\/ul>\n<p>Coloca las cajas m\u00e1s pesadas lo m\u00e1s abajo posible. Pon lo que m\u00e1s necesites en la parte de arriba, pero solo si el peso lo permite.<\/p>\n<h3>Para materiales largos: una \u201cpista de longitud\u201d fija\u201d<\/h3>\n<p>Los tubos, los conductos para cables y los listones son dif\u00edciles de transportar en una caja. Si quedan inclinados, ejercen presi\u00f3n sobre el resto de objetos y pueden salir disparados hacia delante al frenar.<\/p>\n<ul>\n<li>Crea un compartimento largo a lo largo de uno de los laterales para materiales que alcancen la longitud m\u00e1xima de la bandeja.<\/li>\n<li>Utiliza correas de sujeci\u00f3n o una banda de sujeci\u00f3n para fijar el paquete en dos puntos.<\/li>\n<li>Coloca una alfombrilla antideslizante debajo del fajo para que no se \u201cdesplace\u201d.<\/li>\n<\/ul>\n<p>El CargoX cuenta con una caja espaciosa (100 cm de largo y 70 cm de ancho) y un suelo antideslizante; eso ayuda, pero solo si se sujeta bien el material.<\/p>\n<h2>Distribuci\u00f3n del peso y comportamiento en la conducci\u00f3n urbana<\/h2>\n<p>Una bicicleta de carga se maneja y frena de forma diferente a una furgoneta. Si la carga est\u00e1 demasiado adelantada, resulta m\u00e1s dif\u00edcil girar el manillar. Si se apila demasiado peso en la parte trasera, el contacto de las ruedas con la carretera y la estabilidad pueden verse alterados.<\/p>\n<h3>Reglas pr\u00e1cticas<\/h3>\n<ul>\n<li>Coloca la pesa m\u00e1s pesada <strong>bajo<\/strong> y <strong>central<\/strong> en la jaula.<\/li>\n<li>Mant\u00e9n la izquierda y la derecha as\u00ed <strong>sim\u00e9trico<\/strong> posible.<\/li>\n<li>Evita formar \u201ctorres\u201d de cajas; es mejor que sean dos filas de ancho que tres de alto.<\/li>\n<li>Coloca los instrumentos de medici\u00f3n delicados (como los de l\u00e1ser o de gases de combusti\u00f3n) en una caja acolchada, no sueltos en el contenedor.<\/li>\n<\/ul>\n<p>Si conduces con una carga de entre 80 y 100 kg, notar\u00e1s r\u00e1pidamente en los badenes y las curvas cerradas si tu distribuci\u00f3n es la adecuada. Tras la primera semana, dedica 10 minutos a reajustar la distribuci\u00f3n en funci\u00f3n de lo que realmente utilices.<\/p>\n<h2>Seguridad de la carga: sujeci\u00f3n, cobertura y visibilidad<\/h2>\n<p>La seguridad en la carga no es un \u201cextra\u201d. En caso de frenada de emergencia, una bater\u00eda o una caja pueden salir disparadas por el maletero. Esto provoca da\u00f1os materiales y supone un riesgo para tu seguridad y la de los dem\u00e1s.<\/p>\n<h3>Fijaci\u00f3n: menos desplazamientos, menos da\u00f1os<\/h3>\n<p>Utiliza una combinaci\u00f3n de elementos antideslizantes, correas de sujeci\u00f3n y puntos de anclaje fijos. Si transportas las mismas cajas todos los d\u00edas, merece la pena establecer posiciones fijas.<\/p>\n<ul>\n<li><strong>Alfombrilla antideslizante<\/strong> debajo de la capa base de cajas.<\/li>\n<li><strong>Correas de amarre<\/strong> sobre los objetos m\u00e1s pesados, en diagonal si es posible.<\/li>\n<li><strong>Separaciones entre compartimentos<\/strong> fijar esas cajas de manera que la tensi\u00f3n de la banda sea m\u00ednima.<\/li>\n<\/ul>\n<p>Para conocer las directrices generales sobre la carga segura y la sujeci\u00f3n de la carga, es \u00fatil consultar la informaci\u00f3n facilitada por las autoridades, como la que se encuentra en <a href=\"https:\/\/www.rijksoverheid.nl\/onderwerpen\/verkeersveiligheid\" rel=\"nofollow\">Administraci\u00f3n central (seguridad vial)<\/a>.<\/p>\n<h3>Proteger de la lluvia y los robos<\/h3>\n<p>Los instaladores suelen transportar material que no debe mojarse: cargadores de bater\u00edas, equipos de medici\u00f3n y piezas embaladas. Una caja cerrada o una cubierta resistente te permiten mantener tu jornada laboral bajo control.<\/p>\n<ul>\n<li>Utiliza una funda impermeable o una lona si vas a seguir trabajando incluso con mal tiempo.<\/li>\n<li>Para paradas breves, utiliza cajas con cerradura o un candado de cable que se pueda pasar por las asas.<\/li>\n<li>No dejes objetos de valor a la vista cuando entres en alg\u00fan sitio.<\/li>\n<\/ul>\n<h2>Organizaci\u00f3n pr\u00e1ctica seg\u00fan el tipo de tarea<\/h2>\n<p>No todos los instaladores trabajan igual. Un t\u00e9cnico que se dedica principalmente a reparar aver\u00edas tiene un conjunto de herramientas diferente al de alguien que se encarga del acabado de ba\u00f1os completos.<\/p>\n<h3>Kit de reparaci\u00f3n y mantenimiento (paradas r\u00e1pidas)<\/h3>\n<ul>\n<li>Caja de herramientas con herramientas b\u00e1sicas y puntas<\/li>\n<li>Mult\u00edmetro\/detector de tensi\u00f3n en malet\u00edn protector<\/li>\n<li>Peque\u00f1a caja surtida con conectores y elementos de fijaci\u00f3n de uso habitual<\/li>\n<li>Cepillo, guantes, cinta adhesiva, marcador<\/li>\n<\/ul>\n<h3>Trabajos de proyecto y montaje (mayor volumen)<\/h3>\n<ul>\n<li>Cortadora longitudinal para tubos, ra\u00edles y canaletas<\/li>\n<li>2-3 cajas grandes para fijaciones y componentes<\/li>\n<li>Malet\u00edn de herramientas para trabajos de taladrado y serrado<\/li>\n<li>Capa protectora para baldosas\/acabados (para evitar da\u00f1os en la cubeta)<\/li>\n<\/ul>\n<h2>Una tabla resumen para tomar decisiones r\u00e1pidamente<\/h2>\n<p>Esta tabla te ayuda a relacionar las opciones de dise\u00f1o m\u00e1s habituales con tus prioridades durante la jornada laboral.<\/p>\n<table>\n<thead>\n<tr>\n<th>Objetivo<\/th>\n<th>Soluci\u00f3n de dise\u00f1o<\/th>\n<th>Por qu\u00e9 funciona<\/th>\n<\/tr>\n<\/thead>\n<tbody>\n<tr>\n<td>Acceso r\u00e1pido a las herramientas b\u00e1sicas<\/td>\n<td>Zona 1 en la parte superior con cofre fijo<\/td>\n<td>Menos rebuscar y menos p\u00e9rdida de tiempo en las paradas breves<\/td>\n<\/tr>\n<tr>\n<td>Tranquilidad y menos da\u00f1os<\/td>\n<td>Cajas con tapa + base antideslizante<\/td>\n<td>Evita los traqueteos y los deslizamientos sobre adoquines o badenes<\/td>\n<\/tr>\n<tr>\n<td>Llevar objetos largos de forma segura<\/td>\n<td>Pista de longitud con 2 puntos de sujeci\u00f3n<\/td>\n<td>No ejerce presi\u00f3n sobre otros elementos, lo que reduce el riesgo de que se salga de la trayectoria<\/td>\n<\/tr>\n<tr>\n<td>Conducci\u00f3n estable con carga pesada<\/td>\n<td>Muy bajo y centrado, igual a la izquierda que a la derecha<\/td>\n<td>Conducci\u00f3n y frenado previsibles en el tr\u00e1fico urbano denso<\/td>\n<\/tr>\n<tr>\n<td>Seco y menos llamativo<\/td>\n<td>Funda y cajas con cerradura<\/td>\n<td>Menos da\u00f1os causados por las inclemencias del tiempo y menos tentaciones durante las pausas breves<\/td>\n<\/tr>\n<\/tbody>\n<\/table>\n<h2>Mantenimiento y desgaste: un dise\u00f1o que evita gastos<\/h2>\n<p>Una buena organizaci\u00f3n no solo ahorra tiempo, sino tambi\u00e9n piezas. Las bater\u00edas que rebotan constantemente, las cajas que presionan los frenos y las herramientas que rozan entre s\u00ed provocan sustituciones inesperadas.<\/p>\n<p>Por eso, opta por una disposici\u00f3n que sea \u201cestable\u201d: poco espacio libre, puntos de contacto suaves y posiciones fijas. Planifica una breve revisi\u00f3n una vez al mes: correas de sujeci\u00f3n, cierres, paneles separadores y el estado de las cajas.<\/p>\n<h2>Por qu\u00e9 el CargoX suele ser la opci\u00f3n m\u00e1s l\u00f3gica para los instaladores<\/h2>\n<p>Para los instaladores, lo m\u00e1s importante es la estabilidad, la capacidad de carga y la visibilidad. El CargoX suele ser una de las opciones m\u00e1s mencionadas, ya que est\u00e1 dise\u00f1ado para un uso intensivo, cuenta con un potente sistema de propulsi\u00f3n, un bastidor doble estable y una caja que se adapta bien a una distribuci\u00f3n fija.<\/p>\n<p>Encontrar\u00e1s m\u00e1s informaci\u00f3n sobre el modelo en la p\u00e1gina de la <a href=\"https:\/\/stoerbikes.com\/es\/producto\/cargox\/\">CargoX bicicleta de carga el\u00e9ctrica<\/a>. Si a\u00fan tienes dudas sobre qu\u00e9 bicicleta se adapta mejor a tu trabajo diario, echa un vistazo a la p\u00e1gina de resumen <a href=\"https:\/\/stoerbikes.com\/es\/bicicletas\/\">todos los modelos y versiones<\/a>.<\/p>\n<h2>Seguro y riesgos en el uso profesional<\/h2>\n<p>Quien se desplaza a diario con herramientas, enseguida piensa en robos, da\u00f1os y paradas. No te fijes solo en la bicicleta en s\u00ed, sino tambi\u00e9n en el valor de la carga y en tu patr\u00f3n de uso (muchas paradas cortas suponen un perfil de riesgo diferente).<\/p>\n<p>Descubre lo que ofrece STOER Bikes al respecto en <a href=\"https:\/\/stoerbikes.com\/es\/seguro\/\">Informaci\u00f3n sobre el seguro para bicicletas de carga<\/a>. Es \u00fatil tener claro de antemano qu\u00e9 est\u00e1 cubierto y qu\u00e9 no, para que tu equipamiento (candado, funda, cajas) se adapte a ello.<\/p>\n<h2>Pr\u00f3ximo paso pr\u00e1ctico<\/h2>\n<p>Una vez que tengas bien organizada la distribuci\u00f3n de tu bicicleta de carga, esta se convertir\u00e1 en un aut\u00e9ntico veh\u00edculo de servicio sobre dos ruedas: podr\u00e1s cargar m\u00e1s r\u00e1pido, conducir\u00e1s con m\u00e1s tranquilidad y tu carga permanecer\u00e1 intacta. Si quieres comentar una distribuci\u00f3n que se adapte a tu tipo de trabajo de instalaci\u00f3n y a tus rutas, reserva un momento para ver la CargoX en persona en uno de los concesionarios y hablar sobre tu configuraci\u00f3n.<\/p>","protected":false},"excerpt":{"rendered":"<p>Bakfiets inrichting voor installateurs met de CargoX Een installateur die in de stad werkt, verliest vaak tijd aan parkeren, omrijden en het telkens opnieuw ordenen van gereedschap. Een elektrische bakfiets kan dat oplossen, maar alleen als je de bak slim inricht: je wil meteen bij het juiste vak, je wil niets dat rammelt of schuift, [&hellip;]<\/p>\n","protected":false},"author":15,"featured_media":0,"comment_status":"closed","ping_status":"closed","sticky":false,"template":"","format":"standard","meta":{"_acf_changed":false,"footnotes":""},"categories":[1],"tags":[],"class_list":["post-10956","post","type-post","status-publish","format-standard","hentry","category-algemeen"],"acf":[],"yoast_head":"<!-- This site is optimized with the Yoast SEO Premium plugin v28.3 (Yoast SEO v28.3) - https:\/\/yoast.com\/product\/yoast-seo-premium-wordpress\/ -->\n<title>Bakfiets voor installateurs: richt je CargoX slim in<\/title>\n<meta name=\"description\" content=\"Bakfiets voor installateurs slim inrichten? Ontdek tips voor vakindeling, gewichtsverdeling en laadveiligheid met de CargoX.\" \/>\n<meta name=\"robots\" content=\"index, follow, max-snippet:-1, max-image-preview:large, max-video-preview:-1\" \/>\n<link rel=\"canonical\" href=\"https:\/\/stoerbikes.com\/es\/equipamiento-para-bicicletas-de-carga-destinado-a-instaladores-con-el-cargox\/\" \/>\n<meta property=\"og:locale\" content=\"es_ES\" \/>\n<meta property=\"og:type\" content=\"article\" \/>\n<meta property=\"og:title\" content=\"Bakfiets inrichting voor installateurs met de CargoX\" \/>\n<meta property=\"og:description\" content=\"Bakfiets voor installateurs slim inrichten? Ontdek tips voor vakindeling, gewichtsverdeling en laadveiligheid met de CargoX.\" \/>\n<meta property=\"og:url\" content=\"https:\/\/stoerbikes.com\/es\/equipamiento-para-bicicletas-de-carga-destinado-a-instaladores-con-el-cargox\/\" \/>\n<meta property=\"og:site_name\" content=\"STOER Bikes\" \/>\n<meta property=\"article:publisher\" content=\"https:\/\/facebook.com\/stoerbikes\" \/>\n<meta property=\"article:published_time\" content=\"2026-07-22T08:45:00+00:00\" \/>\n<meta property=\"article:modified_time\" content=\"2026-08-13T15:24:58+00:00\" \/>\n<meta property=\"og:image\" content=\"https:\/\/stoerbikes.com\/wp-content\/uploads\/2024\/05\/image00001-9-scaled.jpeg\" \/>\n\t<meta property=\"og:image:width\" content=\"2560\" \/>\n\t<meta property=\"og:image:height\" content=\"1708\" \/>\n\t<meta property=\"og:image:type\" content=\"image\/jpeg\" \/>\n<meta name=\"author\" content=\"Authora\" \/>\n<meta name=\"twitter:card\" content=\"summary_large_image\" \/>\n<meta name=\"twitter:label1\" content=\"Escrito por\" \/>\n\t<meta name=\"twitter:data1\" content=\"Authora\" \/>\n\t<meta name=\"twitter:label2\" content=\"Tiempo de lectura\" \/>\n\t<meta name=\"twitter:data2\" content=\"13 minutos\" \/>\n<script type=\"application\/ld+json\" class=\"yoast-schema-graph\">{\"@context\":\"https:\\\/\\\/schema.org\",\"@graph\":[{\"@type\":[\"Article\",\"BlogPosting\"],\"@id\":\"https:\\\/\\\/stoerbikes.com\\\/bakfiets-inrichting-voor-installateurs-met-de-cargox\\\/#article\",\"isPartOf\":{\"@id\":\"https:\\\/\\\/stoerbikes.com\\\/bakfiets-inrichting-voor-installateurs-met-de-cargox\\\/\"},\"author\":{\"name\":\"Authora\",\"@id\":\"https:\\\/\\\/stoerbikes.com\\\/#\\\/schema\\\/person\\\/7502f1423bafa2e4416618b40206f8ff\"},\"headline\":\"Bakfiets inrichting voor installateurs met de CargoX\",\"datePublished\":\"2026-07-22T08:45:00+00:00\",\"dateModified\":\"2026-08-13T15:24:58+00:00\",\"mainEntityOfPage\":{\"@id\":\"https:\\\/\\\/stoerbikes.com\\\/bakfiets-inrichting-voor-installateurs-met-de-cargox\\\/\"},\"wordCount\":1255,\"publisher\":{\"@id\":\"https:\\\/\\\/stoerbikes.com\\\/#organization\"},\"articleSection\":[\"Algemeen\"],\"inLanguage\":\"es\"},{\"@type\":\"WebPage\",\"@id\":\"https:\\\/\\\/stoerbikes.com\\\/bakfiets-inrichting-voor-installateurs-met-de-cargox\\\/\",\"url\":\"https:\\\/\\\/stoerbikes.com\\\/bakfiets-inrichting-voor-installateurs-met-de-cargox\\\/\",\"name\":\"Bakfiets voor installateurs: richt je CargoX slim in\",\"isPartOf\":{\"@id\":\"https:\\\/\\\/stoerbikes.com\\\/#website\"},\"datePublished\":\"2026-07-22T08:45:00+00:00\",\"dateModified\":\"2026-08-13T15:24:58+00:00\",\"description\":\"Bakfiets voor installateurs slim inrichten? Ontdek tips voor vakindeling, gewichtsverdeling en laadveiligheid met de CargoX.\",\"breadcrumb\":{\"@id\":\"https:\\\/\\\/stoerbikes.com\\\/bakfiets-inrichting-voor-installateurs-met-de-cargox\\\/#breadcrumb\"},\"inLanguage\":\"es\",\"potentialAction\":[{\"@type\":\"ReadAction\",\"target\":[\"https:\\\/\\\/stoerbikes.com\\\/bakfiets-inrichting-voor-installateurs-met-de-cargox\\\/\"]}]},{\"@type\":\"BreadcrumbList\",\"@id\":\"https:\\\/\\\/stoerbikes.com\\\/bakfiets-inrichting-voor-installateurs-met-de-cargox\\\/#breadcrumb\",\"itemListElement\":[{\"@type\":\"ListItem\",\"position\":1,\"name\":\"Home\",\"item\":\"https:\\\/\\\/stoerbikes.com\\\/\"},{\"@type\":\"ListItem\",\"position\":2,\"name\":\"Bakfiets inrichting voor installateurs met de CargoX\"}]},{\"@type\":\"WebSite\",\"@id\":\"https:\\\/\\\/stoerbikes.com\\\/#website\",\"url\":\"https:\\\/\\\/stoerbikes.com\\\/\",\"name\":\"STOER Bikes\",\"description\":\"\",\"publisher\":{\"@id\":\"https:\\\/\\\/stoerbikes.com\\\/#organization\"},\"potentialAction\":[{\"@type\":\"SearchAction\",\"target\":{\"@type\":\"EntryPoint\",\"urlTemplate\":\"https:\\\/\\\/stoerbikes.com\\\/?s={search_term_string}\"},\"query-input\":{\"@type\":\"PropertyValueSpecification\",\"valueRequired\":true,\"valueName\":\"search_term_string\"}}],\"inLanguage\":\"es\"},{\"@type\":\"Organization\",\"@id\":\"https:\\\/\\\/stoerbikes.com\\\/#organization\",\"name\":\"STOER Bikes\",\"url\":\"https:\\\/\\\/stoerbikes.com\\\/\",\"logo\":{\"@type\":\"ImageObject\",\"inLanguage\":\"es\",\"@id\":\"https:\\\/\\\/stoerbikes.com\\\/#\\\/schema\\\/logo\\\/image\\\/\",\"url\":\"https:\\\/\\\/stoerbikes.com\\\/wp-content\\\/uploads\\\/2026\\\/01\\\/Logo-STOER.png\",\"contentUrl\":\"https:\\\/\\\/stoerbikes.com\\\/wp-content\\\/uploads\\\/2026\\\/01\\\/Logo-STOER.png\",\"width\":1580,\"height\":303,\"caption\":\"STOER Bikes\"},\"image\":{\"@id\":\"https:\\\/\\\/stoerbikes.com\\\/#\\\/schema\\\/logo\\\/image\\\/\"},\"sameAs\":[\"https:\\\/\\\/facebook.com\\\/stoerbikes\",\"https:\\\/\\\/www.instagram.com\\\/stoerbikes\",\"https:\\\/\\\/www.linkedin.com\\\/company\\\/stoerbikes\\\/\",\"https:\\\/\\\/www.tiktok.com\\\/@stoerbikes\",\"https:\\\/\\\/www.youtube.com\\\/channel\\\/UCMBW5py6Mfoj1GNaRokv17g\"]},{\"@type\":\"Person\",\"@id\":\"https:\\\/\\\/stoerbikes.com\\\/#\\\/schema\\\/person\\\/7502f1423bafa2e4416618b40206f8ff\",\"name\":\"Authora\",\"image\":{\"@type\":\"ImageObject\",\"inLanguage\":\"es\",\"@id\":\"https:\\\/\\\/secure.gravatar.com\\\/avatar\\\/d58fc5f5a46da799c1b1d64215cb0da01fa53300a2b1867b577bac857324b89a?s=96&d=mm&r=g\",\"url\":\"https:\\\/\\\/secure.gravatar.com\\\/avatar\\\/d58fc5f5a46da799c1b1d64215cb0da01fa53300a2b1867b577bac857324b89a?s=96&d=mm&r=g\",\"contentUrl\":\"https:\\\/\\\/secure.gravatar.com\\\/avatar\\\/d58fc5f5a46da799c1b1d64215cb0da01fa53300a2b1867b577bac857324b89a?s=96&d=mm&r=g\",\"caption\":\"Authora\"}}]}<\/script>\n<!-- \/ Yoast SEO Premium plugin. -->","yoast_head_json":{"title":"Bicicleta de carga para instaladores: organiza tu CargoX de forma inteligente","description":"\u00bfC\u00f3mo organizar de forma inteligente una bicicleta de carga para instaladores? Descubre consejos sobre la distribuci\u00f3n del espacio, la distribuci\u00f3n del peso y la seguridad de la carga con CargoX.","robots":{"index":"index","follow":"follow","max-snippet":"max-snippet:-1","max-image-preview":"max-image-preview:large","max-video-preview":"max-video-preview:-1"},"canonical":"https:\/\/stoerbikes.com\/es\/equipamiento-para-bicicletas-de-carga-destinado-a-instaladores-con-el-cargox\/","og_locale":"es_ES","og_type":"article","og_title":"Bakfiets inrichting voor installateurs met de CargoX","og_description":"Bakfiets voor installateurs slim inrichten? Ontdek tips voor vakindeling, gewichtsverdeling en laadveiligheid met de CargoX.","og_url":"https:\/\/stoerbikes.com\/es\/equipamiento-para-bicicletas-de-carga-destinado-a-instaladores-con-el-cargox\/","og_site_name":"STOER Bikes","article_publisher":"https:\/\/facebook.com\/stoerbikes","article_published_time":"2026-07-22T08:45:00+00:00","article_modified_time":"2026-08-13T15:24:58+00:00","og_image":[{"width":2560,"height":1708,"url":"https:\/\/stoerbikes.com\/wp-content\/uploads\/2024\/05\/image00001-9-scaled.jpeg","type":"image\/jpeg"}],"author":"Authora","twitter_card":"summary_large_image","twitter_misc":{"Escrito por":"Authora","Tiempo de lectura":"13 minutos"},"schema":{"@context":"https:\/\/schema.org","@graph":[{"@type":["Article","BlogPosting"],"@id":"https:\/\/stoerbikes.com\/bakfiets-inrichting-voor-installateurs-met-de-cargox\/#article","isPartOf":{"@id":"https:\/\/stoerbikes.com\/bakfiets-inrichting-voor-installateurs-met-de-cargox\/"},"author":{"name":"Authora","@id":"https:\/\/stoerbikes.com\/#\/schema\/person\/7502f1423bafa2e4416618b40206f8ff"},"headline":"Bakfiets inrichting voor installateurs met de CargoX","datePublished":"2026-07-22T08:45:00+00:00","dateModified":"2026-08-13T15:24:58+00:00","mainEntityOfPage":{"@id":"https:\/\/stoerbikes.com\/bakfiets-inrichting-voor-installateurs-met-de-cargox\/"},"wordCount":1255,"publisher":{"@id":"https:\/\/stoerbikes.com\/#organization"},"articleSection":["Algemeen"],"inLanguage":"es"},{"@type":"WebPage","@id":"https:\/\/stoerbikes.com\/bakfiets-inrichting-voor-installateurs-met-de-cargox\/","url":"https:\/\/stoerbikes.com\/bakfiets-inrichting-voor-installateurs-met-de-cargox\/","name":"Bicicleta de carga para instaladores: organiza tu CargoX de forma inteligente","isPartOf":{"@id":"https:\/\/stoerbikes.com\/#website"},"datePublished":"2026-07-22T08:45:00+00:00","dateModified":"2026-08-13T15:24:58+00:00","description":"\u00bfC\u00f3mo organizar de forma inteligente una bicicleta de carga para instaladores? Descubre consejos sobre la distribuci\u00f3n del espacio, la distribuci\u00f3n del peso y la seguridad de la carga con CargoX.","breadcrumb":{"@id":"https:\/\/stoerbikes.com\/bakfiets-inrichting-voor-installateurs-met-de-cargox\/#breadcrumb"},"inLanguage":"es","potentialAction":[{"@type":"ReadAction","target":["https:\/\/stoerbikes.com\/bakfiets-inrichting-voor-installateurs-met-de-cargox\/"]}]},{"@type":"BreadcrumbList","@id":"https:\/\/stoerbikes.com\/bakfiets-inrichting-voor-installateurs-met-de-cargox\/#breadcrumb","itemListElement":[{"@type":"ListItem","position":1,"name":"Home","item":"https:\/\/stoerbikes.com\/"},{"@type":"ListItem","position":2,"name":"Bakfiets inrichting voor installateurs met de CargoX"}]},{"@type":"WebSite","@id":"https:\/\/stoerbikes.com\/#website","url":"https:\/\/stoerbikes.com\/","name":"STOER Bicicletas","description":"","publisher":{"@id":"https:\/\/stoerbikes.com\/#organization"},"potentialAction":[{"@type":"SearchAction","target":{"@type":"EntryPoint","urlTemplate":"https:\/\/stoerbikes.com\/?s={search_term_string}"},"query-input":{"@type":"PropertyValueSpecification","valueRequired":true,"valueName":"search_term_string"}}],"inLanguage":"es"},{"@type":"Organization","@id":"https:\/\/stoerbikes.com\/#organization","name":"STOER Bicicletas","url":"https:\/\/stoerbikes.com\/","logo":{"@type":"ImageObject","inLanguage":"es","@id":"https:\/\/stoerbikes.com\/#\/schema\/logo\/image\/","url":"https:\/\/stoerbikes.com\/wp-content\/uploads\/2026\/01\/Logo-STOER.png","contentUrl":"https:\/\/stoerbikes.com\/wp-content\/uploads\/2026\/01\/Logo-STOER.png","width":1580,"height":303,"caption":"STOER Bikes"},"image":{"@id":"https:\/\/stoerbikes.com\/#\/schema\/logo\/image\/"},"sameAs":["https:\/\/facebook.com\/stoerbikes","https:\/\/www.instagram.com\/stoerbikes","https:\/\/www.linkedin.com\/company\/stoerbikes\/","https:\/\/www.tiktok.com\/@stoerbikes","https:\/\/www.youtube.com\/channel\/UCMBW5py6Mfoj1GNaRokv17g"]},{"@type":"Person","@id":"https:\/\/stoerbikes.com\/#\/schema\/person\/7502f1423bafa2e4416618b40206f8ff","name":"Autora","image":{"@type":"ImageObject","inLanguage":"es","@id":"https:\/\/secure.gravatar.com\/avatar\/d58fc5f5a46da799c1b1d64215cb0da01fa53300a2b1867b577bac857324b89a?s=96&d=mm&r=g","url":"https:\/\/secure.gravatar.com\/avatar\/d58fc5f5a46da799c1b1d64215cb0da01fa53300a2b1867b577bac857324b89a?s=96&d=mm&r=g","contentUrl":"https:\/\/secure.gravatar.com\/avatar\/d58fc5f5a46da799c1b1d64215cb0da01fa53300a2b1867b577bac857324b89a?s=96&d=mm&r=g","caption":"Authora"}}]}},"_links":{"self":[{"href":"https:\/\/stoerbikes.com\/es\/wp-json\/wp\/v2\/posts\/10956","targetHints":{"allow":["GET"]}}],"collection":[{"href":"https:\/\/stoerbikes.com\/es\/wp-json\/wp\/v2\/posts"}],"about":[{"href":"https:\/\/stoerbikes.com\/es\/wp-json\/wp\/v2\/types\/post"}],"author":[{"embeddable":true,"href":"https:\/\/stoerbikes.com\/es\/wp-json\/wp\/v2\/users\/15"}],"replies":[{"embeddable":true,"href":"https:\/\/stoerbikes.com\/es\/wp-json\/wp\/v2\/comments?post=10956"}],"version-history":[{"count":3,"href":"https:\/\/stoerbikes.com\/es\/wp-json\/wp\/v2\/posts\/10956\/revisions"}],"predecessor-version":[{"id":11108,"href":"https:\/\/stoerbikes.com\/es\/wp-json\/wp\/v2\/posts\/10956\/revisions\/11108"}],"wp:attachment":[{"href":"https:\/\/stoerbikes.com\/es\/wp-json\/wp\/v2\/media?parent=10956"}],"wp:term":[{"taxonomy":"category","embeddable":true,"href":"https:\/\/stoerbikes.com\/es\/wp-json\/wp\/v2\/categories?post=10956"},{"taxonomy":"post_tag","embeddable":true,"href":"https:\/\/stoerbikes.com\/es\/wp-json\/wp\/v2\/tags?post=10956"}],"curies":[{"name":"wp","href":"https:\/\/api.w.org\/{rel}","templated":true}]}}