{"id":10940,"date":"2026-07-18T14:45:00","date_gmt":"2026-07-18T12:45:00","guid":{"rendered":"https:\/\/stoerbikes.com\/nl\/?p=10940"},"modified":"2026-08-12T11:18:58","modified_gmt":"2026-08-12T09:18:58","slug":"explicacion-de-las-normas-para-llevar-una-bicicleta-de-carga-en-el-tren","status":"publish","type":"post","link":"https:\/\/stoerbikes.com\/es\/bakfiets-meenemen-in-de-trein-regels-uitgelegd\/","title":{"rendered":"Explicaci\u00f3n de las normas para llevar una bicicleta de carga en el tren"},"content":{"rendered":"<h1>Explicaci\u00f3n de las normas para llevar una bicicleta de carga en el tren<\/h1>\n<p>Has planificado a la perfecci\u00f3n tu ruta por la ciudad, pero entonces surge la pregunta: \u00bfpuedes subir tambi\u00e9n al tren con una bicicleta de carga? Para los padres con ni\u00f1os, los viajeros que van al trabajo con la caja llena de cosas o los empresarios que tienen que hacer una entrega, es un dilema muy habitual. La respuesta breve es que suele ser m\u00e1s complicado que con una bicicleta normal, y que \u201c\u00bfse puede?\u201d no siempre es lo mismo que \u201c\u00bfes aconsejable?\u201d.<\/p>\n<p>En este art\u00edculo encontrar\u00e1s informaci\u00f3n pr\u00e1ctica sobre la normativa relacionada con este tema <strong>Normas para llevar una bicicleta de carga en el tren<\/strong>, d\u00f3nde surgen los problemas en la pr\u00e1ctica (aglomeraciones, ascensores, andenes) y qu\u00e9 alternativas suelen funcionar mejor.<\/p>\n<h2>Por qu\u00e9 una bicicleta de carga en el tren es un caso tan especial<\/h2>\n<p>Una bicicleta de carga no es una bicicleta normal. Debido a su longitud, anchura y radio de giro, ocupa r\u00e1pidamente m\u00e1s espacio del que tienen previsto el material ferroviario, los pasillos y las puertas.<\/p>\n<p>Por eso, las empresas de transporte no se limitan a considerar que \u201cuna bicicleta es una bicicleta\u201d, sino que tienen en cuenta las dimensiones, la seguridad y la fluidez del tr\u00e1fico. Especialmente en el caso de una bicicleta de carga larga o el\u00e9ctrica con una carga pesada, la situaci\u00f3n puede volverse r\u00e1pidamente inc\u00f3moda o peligrosa.<\/p>\n<h2>Las normas b\u00e1sicas: \u00bfcu\u00e1ndo se puede llevar una bicicleta en el tren?<\/h2>\n<p>La norma general en los Pa\u00edses Bajos es que, por lo general, se puede llevar una bicicleta normal <em>fuera de las horas punta<\/em>, con un billete de bicicleta v\u00e1lido, y solo si cabe en el tren sin molestar a los dem\u00e1s. En el caso de las bicicletas de carga, suelen aplicarse restricciones adicionales o, en la pr\u00e1ctica, se suele denegar su acceso.<\/p>\n<p>Las normas oficiales m\u00e1s actualizadas (incluidas las excepciones por trayecto y tipo de tren) las encontrar\u00e1s en la propia p\u00e1gina web de la empresa de transporte. En el caso de NS, puedes consultar las directrices en la p\u00e1gina oficial sobre el transporte de bicicletas en el tren: <a href=\"https:\/\/www.ns.nl\/reisinformatie\/fiets-in-de-trein.html\" rel=\"nofollow\">NS \u2013 Bicicletas en el tren<\/a>.<\/p>\n<h3>Horas punta: el primer escollo<\/h3>\n<p>En hora punta, en la mayor\u00eda de los trenes no est\u00e1 permitido llevar bicicletas. Los horarios exactos pueden variar seg\u00fan la empresa de transporte, pero ten en cuenta que esto se aplica a las horas punta de la ma\u00f1ana y la tarde de los d\u00edas laborables.<\/p>\n<p>En el caso de las bicicletas de carga, las horas punta son, en la pr\u00e1ctica, a\u00fan m\u00e1s complicadas: incluso si viajas fuera de las horas punta, un revisor puede decidir que no cabe o que la seguridad est\u00e1 en riesgo.<\/p>\n<h3>Billete de bicicleta y recargos<\/h3>\n<p>Para una bicicleta normal, normalmente se necesita un billete de bicicleta aparte. Una bicicleta de carga no siempre entra en la misma categor\u00eda, sobre todo si, debido a su tama\u00f1o, no se considera una \u201cbicicleta normal\u201d.<\/p>\n<p>As\u00ed que no des por sentado autom\u00e1ticamente que un billete de bicicleta est\u00e1ndar es suficiente para poder subir con una bicicleta de carga.<\/p>\n<h2>Normas para llevar una bicicleta de carga en el tren: c\u00f3mo se aplican en la pr\u00e1ctica<\/h2>\n<p>Aunque leas en alguna parte que \u201cse puede\u201d, en la pr\u00e1ctica es lo que determina si realmente puedes hacerlo. Piensa en andenes sin ascensor, puertas estrechas y un tren que ya est\u00e1 medio lleno.<\/p>\n<p>Estos factores son los que m\u00e1s dificultan la situaci\u00f3n:<\/p>\n<ul>\n<li><strong>Ancho de las puertas<\/strong> (paso y giro).<\/li>\n<li><strong>Desnivel<\/strong> entre el and\u00e9n y el tren, sobre todo con bicicletas el\u00e9ctricas de carga pesadas.<\/li>\n<li><strong>Espacio en el pasillo<\/strong> y plazas de aparcamiento para bicicletas con capacidad para 1 o 2 bicicletas est\u00e1ndar.<\/li>\n<li><strong>Ajetreo en el and\u00e9n<\/strong> lo que dificulta maniobrar sin correr riesgos.<\/li>\n<\/ul>\n<h3>\u00bfEn qu\u00e9 casos se suele denegar el acceso a una bicicleta de carga?<\/h3>\n<p>Estas son las situaciones en las que es m\u00e1s probable que no puedas participar:<\/p>\n<ul>\n<li>Si la bicicleta de carga no cabe por la puerta sin inclinarse ni tener que girarla.<\/li>\n<li>Si la plaza para bicicletas ya est\u00e1 ocupada y acabas entrando en el pasillo.<\/li>\n<li>Si quieres subir al coche con ni\u00f1os (riesgo para la seguridad).<\/li>\n<li>Si el tren tiene paradas breves, lo que hace que subir a \u00e9l lleve demasiado tiempo.<\/li>\n<\/ul>\n<p>Una realidad importante: el revisor eval\u00faa la situaci\u00f3n sobre la marcha. Esto puede variar en cada viaje.<\/p>\n<h2>Seguridad y responsabilidad: \u00bfqu\u00e9 pasa si algo sale mal?<\/h2>\n<p>Una bicicleta de carga es m\u00e1s pesada y suele tener partes que sobresalen (borde de la caja, soportes de la capota, manillar). En caso de frenazo de emergencia o colisi\u00f3n en la zona de acceso, esto puede causar da\u00f1os a otras personas o al material.<\/p>\n<p>Por eso, comprueba de antemano qu\u00e9 cobertura tienes en caso de da\u00f1os y robo, sobre todo si sueles desplazarte con una bicicleta el\u00e9ctrica o una bicicleta de carga. En la p\u00e1gina web de STOER Bikes hay una secci\u00f3n dedicada a <a href=\"https:\/\/stoerbikes.com\/es\/seguro\/\">seguro de bicicleta para su e-bike o bicicleta de carga<\/a> que te ayuda a sentar las bases.<\/p>\n<h2>Una pr\u00e1ctica lista de comprobaci\u00f3n antes de salir<\/h2>\n<p>Con esta lista de comprobaci\u00f3n evitar\u00e1s el t\u00edpico estr\u00e9s en el and\u00e9n. T\u00f3mala como una r\u00e1pida evaluaci\u00f3n de la realidad para ver si hoy es realmente una buena idea.<\/p>\n<ul>\n<li>\u00bfVas a viajar? <strong>fuera de las horas punta<\/strong> \u00bfDe acuerdo con las normas de tu transportista?<\/li>\n<li>\u00bfTu bicicleta de carga es <strong>vac\u00edo<\/strong> \u00bfO con una carga ligera, para que puedas levantarlo y maniobrarlo?<\/li>\n<li>\u00bfSabes si en tu estaci\u00f3n <strong>un ascensor<\/strong> \u00bfHay alguno lo suficientemente grande?<\/li>\n<li>\u00bfTienes un <strong>plan alternativo<\/strong> \u00bfY si no se puede subir al transporte (bicicleta del transporte p\u00fablico, taxi, transbordo al metro o al tranv\u00eda)?<\/li>\n<li>\u00bfPuedes, cuando hay mucha gente? <strong>un tren m\u00e1s tarde<\/strong> \u00bfC\u00f3mo tomarlas sin meterse en un l\u00edo?<\/li>\n<\/ul>\n<h2>Alternativas que suelen funcionar mejor que llevar una bicicleta de carga en el tren<\/h2>\n<p>Para las familias urbanas y quienes se desplazan al trabajo, el tren suele ser solo un eslab\u00f3n m\u00e1s. Si llevar la bicicleta de carga resulta complicado, estas son opciones que suelen resultar m\u00e1s flexibles.<\/p>\n<h3>1) Aparca tu bicicleta de carga en la estaci\u00f3n y contin\u00faa el viaje<\/h3>\n<p>Si tu trayecto de casa al trabajo o al colegio pasa por una sola estaci\u00f3n, disponer de un aparcamiento fijo o vigilado para bicicletas puede ahorrarte muchas molestias. As\u00ed, vas en bici hasta la estaci\u00f3n, la aparcas y contin\u00faas en transporte p\u00fablico.<\/p>\n<p>Para quienes circulan a diario con ni\u00f1os y equipaje, merece la pena buscar una bicicleta de carga que sea estable y se maneje con comodidad por la ciudad. La <a href=\"https:\/\/stoerbikes.com\/es\/producto\/cargox\/\">STOER CargoX bicicleta de carga<\/a> Por ejemplo, se ha dise\u00f1ado para un uso urbano intensivo y una carga elevada, lo cual resulta muy pr\u00e1ctico si realizas el \u201crecorrido hasta la estaci\u00f3n\u201d todos los d\u00edas.<\/p>\n<h3>2) No cojas una bicicleta de carga, sino una bicicleta urbana en el otro extremo<\/h3>\n<p>Una bicicleta urbana normal es m\u00e1s f\u00e1cil de transportar (y suele ser mejor aceptada). Si tu destino requiere sobre todo maniobrabilidad, una bicicleta el\u00e9ctrica compacta o una bicicleta urbana pueden resultar m\u00e1s pr\u00e1cticas que la propia bicicleta de carga.<\/p>\n<p>Si buscas una opci\u00f3n para vivir y trabajar en la ciudad sin coche, echa un vistazo a los modelos de la p\u00e1gina <a href=\"https:\/\/stoerbikes.com\/es\/bicicletas\/\">todas las e-bikes de STOER Bikes<\/a> y compara qu\u00e9 geometr\u00eda y qu\u00e9 posici\u00f3n de conducci\u00f3n se adaptan mejor a tus recorridos.<\/p>\n<h3>3) Planifica tu recorrido para evitar las aglomeraciones<\/h3>\n<p>El problema suele ser el ajetreo, no solo la norma. Intentar abrirse paso con una bicicleta de carga por un tren abarrotado rara vez sale bien, aunque sea fuera de las horas punta.<\/p>\n<p>Consejos pr\u00e1cticos:<\/p>\n<ul>\n<li>Elige trenes con <strong>acceso m\u00e1s amplio<\/strong> y m\u00e1s plazas para bicicletas (var\u00eda seg\u00fan el tipo de material).<\/li>\n<li>Evita <strong>viernes por la tarde<\/strong> y d\u00edas con eventos.<\/li>\n<li>\u00danete a un <strong>una estaci\u00f3n m\u00e1s tranquila<\/strong> una parada antes, si es posible.<\/li>\n<\/ul>\n<h2>Errores habituales al utilizar la bicicleta de carga y el tren<\/h2>\n<p>Se trata de errores que casi siempre provocan problemas en el and\u00e9n o discusiones en el tren.<\/p>\n<ul>\n<li><strong>Subir al coche con los ni\u00f1os a bordo.<\/strong> Eso es peligroso y, a menudo, se rechaza de inmediato.<\/li>\n<li><strong>Dejar la carga tal cual.<\/strong> Una bicicleta de carga pesada es dif\u00edcil de controlar al pasar por los bordillos de acceso.<\/li>\n<li><strong>Llegar tarde al and\u00e9n.<\/strong> Necesitas un poco m\u00e1s de tiempo para situarte en la puerta correcta.<\/li>\n<li><strong>No hay plan B.<\/strong> A veces, la \u00fanica opci\u00f3n inteligente es no subirse al tren y buscar otra soluci\u00f3n.<\/li>\n<\/ul>\n<h2>\u00bfY si realmente tienes que combinar la bicicleta de carga con el transporte p\u00fablico?<\/h2>\n<p>Si no se trata de \u201cprobarlo una vez\u201d, sino de una rutina fija, merece la pena cambiar de mentalidad: la bicicleta de carga es tu medio de transporte en la ciudad, y el tren, tu medio de conexi\u00f3n entre ciudades. Eso suele significar que la bicicleta de carga <em>no<\/em> se la lleva, pero la aparca de forma inteligente o utiliza una segunda bicicleta.<\/p>\n<p>Para las familias, puede resultar \u00fatil adaptar la configuraci\u00f3n de la bicicleta de carga con accesorios que faciliten su uso diario en la ciudad (lluvia, seguridad, equipaje). Echa un vistazo a <a href=\"https:\/\/stoerbikes.com\/es\/tienda\/\">accesorios para bicicletas de carga y e-bikes<\/a> si quieres que tus desplazamientos al colegio, a la guarder\u00eda y a la estaci\u00f3n sean m\u00e1s c\u00f3modos.<\/p>\n<h2>\u00daltima reflexi\u00f3n antes de subir al avi\u00f3n<\/h2>\n<p>La esencia de <strong>Normas para llevar una bicicleta de carga en el tren<\/strong> Es sencillo: el espacio y la seguridad en el tren determinan lo que se puede hacer. Las normas oficiales marcan el marco, pero a menudo es la situaci\u00f3n concreta (afluencia, material rodante, and\u00e9n) la que decide.<\/p>\n<p>Si quieres organizar tus desplazamientos diarios de tal forma que dependas menos de la duda de \u201c\u00bfme viene bien hoy?\u201d, busca una configuraci\u00f3n que funcione bien en la zona de la estaci\u00f3n. En <a href=\"https:\/\/stoerbikes.com\/es\/#dealers\">Distribuidores STOER Bikes<\/a> Puedes programar una prueba y comprobar qu\u00e9 soluci\u00f3n se adapta mejor a tu ruta, carga y plaza de aparcamiento, sin tener que hacerlo todo en tren desde el principio.<\/p>","protected":false},"excerpt":{"rendered":"<p>Bakfiets meenemen in de trein regels uitgelegd Je hebt je route door de stad perfect uitgedokterd, maar dan komt de vraag: kan je met een bakfiets \u00f3\u00f3k nog even de trein in? Voor ouders met kinderen, forenzen met een bak vol spullen of ondernemers die iets moeten afleveren, is het een herkenbaar dilemma. Het korte [&hellip;]<\/p>\n","protected":false},"author":15,"featured_media":0,"comment_status":"closed","ping_status":"closed","sticky":false,"template":"","format":"standard","meta":{"_acf_changed":false,"footnotes":""},"categories":[1],"tags":[],"class_list":["post-10940","post","type-post","status-publish","format-standard","hentry","category-algemeen"],"acf":[],"yoast_head":"<!-- This site is optimized with the Yoast SEO Premium plugin v28.3 (Yoast SEO v28.3) - https:\/\/yoast.com\/product\/yoast-seo-premium-wordpress\/ -->\n<title>Bakfiets in de trein: mag het en wanneer lukt het?<\/title>\n<meta name=\"description\" content=\"Bakfiets in de trein meenemen: dit zijn de regels, waar het in de praktijk misgaat bij spits, perron en instap, en welke alternatieven beter werken.\" \/>\n<meta name=\"robots\" content=\"index, follow, max-snippet:-1, max-image-preview:large, max-video-preview:-1\" \/>\n<link rel=\"canonical\" href=\"https:\/\/stoerbikes.com\/es\/explicacion-de-las-normas-para-llevar-una-bicicleta-de-carga-en-el-tren\/\" \/>\n<meta property=\"og:locale\" content=\"es_ES\" \/>\n<meta property=\"og:type\" content=\"article\" \/>\n<meta property=\"og:title\" content=\"Bakfiets meenemen in de trein regels uitgelegd\" \/>\n<meta property=\"og:description\" content=\"Bakfiets in de trein meenemen: dit zijn de regels, waar het in de praktijk misgaat bij spits, perron en instap, en welke alternatieven beter werken.\" \/>\n<meta property=\"og:url\" content=\"https:\/\/stoerbikes.com\/es\/explicacion-de-las-normas-para-llevar-una-bicicleta-de-carga-en-el-tren\/\" \/>\n<meta property=\"og:site_name\" content=\"STOER Bikes\" \/>\n<meta property=\"article:publisher\" content=\"https:\/\/facebook.com\/stoerbikes\" \/>\n<meta property=\"article:published_time\" content=\"2026-07-18T12:45:00+00:00\" \/>\n<meta property=\"article:modified_time\" content=\"2026-08-12T09:18:58+00:00\" \/>\n<meta property=\"og:image\" content=\"https:\/\/stoerbikes.com\/wp-content\/uploads\/2024\/05\/image00001-9-scaled.jpeg\" \/>\n\t<meta property=\"og:image:width\" content=\"2560\" \/>\n\t<meta property=\"og:image:height\" content=\"1708\" \/>\n\t<meta property=\"og:image:type\" content=\"image\/jpeg\" \/>\n<meta name=\"author\" content=\"Authora\" \/>\n<meta name=\"twitter:card\" content=\"summary_large_image\" \/>\n<meta name=\"twitter:label1\" content=\"Escrito por\" \/>\n\t<meta name=\"twitter:data1\" content=\"Authora\" \/>\n\t<meta name=\"twitter:label2\" content=\"Tiempo de lectura\" \/>\n\t<meta name=\"twitter:data2\" content=\"14 minutos\" \/>\n<script type=\"application\/ld+json\" class=\"yoast-schema-graph\">{\"@context\":\"https:\\\/\\\/schema.org\",\"@graph\":[{\"@type\":[\"Article\",\"BlogPosting\"],\"@id\":\"https:\\\/\\\/stoerbikes.com\\\/bakfiets-meenemen-in-de-trein-regels-uitgelegd\\\/#article\",\"isPartOf\":{\"@id\":\"https:\\\/\\\/stoerbikes.com\\\/bakfiets-meenemen-in-de-trein-regels-uitgelegd\\\/\"},\"author\":{\"name\":\"Authora\",\"@id\":\"https:\\\/\\\/stoerbikes.com\\\/#\\\/schema\\\/person\\\/7502f1423bafa2e4416618b40206f8ff\"},\"headline\":\"Bakfiets meenemen in de trein regels uitgelegd\",\"datePublished\":\"2026-07-18T12:45:00+00:00\",\"dateModified\":\"2026-08-12T09:18:58+00:00\",\"mainEntityOfPage\":{\"@id\":\"https:\\\/\\\/stoerbikes.com\\\/bakfiets-meenemen-in-de-trein-regels-uitgelegd\\\/\"},\"wordCount\":1313,\"publisher\":{\"@id\":\"https:\\\/\\\/stoerbikes.com\\\/#organization\"},\"articleSection\":[\"Algemeen\"],\"inLanguage\":\"es\"},{\"@type\":\"WebPage\",\"@id\":\"https:\\\/\\\/stoerbikes.com\\\/bakfiets-meenemen-in-de-trein-regels-uitgelegd\\\/\",\"url\":\"https:\\\/\\\/stoerbikes.com\\\/bakfiets-meenemen-in-de-trein-regels-uitgelegd\\\/\",\"name\":\"Bakfiets in de trein: mag het en wanneer lukt het?\",\"isPartOf\":{\"@id\":\"https:\\\/\\\/stoerbikes.com\\\/#website\"},\"datePublished\":\"2026-07-18T12:45:00+00:00\",\"dateModified\":\"2026-08-12T09:18:58+00:00\",\"description\":\"Bakfiets in de trein meenemen: dit zijn de regels, waar het in de praktijk misgaat bij spits, perron en instap, en welke alternatieven beter werken.\",\"breadcrumb\":{\"@id\":\"https:\\\/\\\/stoerbikes.com\\\/bakfiets-meenemen-in-de-trein-regels-uitgelegd\\\/#breadcrumb\"},\"inLanguage\":\"es\",\"potentialAction\":[{\"@type\":\"ReadAction\",\"target\":[\"https:\\\/\\\/stoerbikes.com\\\/bakfiets-meenemen-in-de-trein-regels-uitgelegd\\\/\"]}]},{\"@type\":\"BreadcrumbList\",\"@id\":\"https:\\\/\\\/stoerbikes.com\\\/bakfiets-meenemen-in-de-trein-regels-uitgelegd\\\/#breadcrumb\",\"itemListElement\":[{\"@type\":\"ListItem\",\"position\":1,\"name\":\"Home\",\"item\":\"https:\\\/\\\/stoerbikes.com\\\/\"},{\"@type\":\"ListItem\",\"position\":2,\"name\":\"Bakfiets meenemen in de trein regels uitgelegd\"}]},{\"@type\":\"WebSite\",\"@id\":\"https:\\\/\\\/stoerbikes.com\\\/#website\",\"url\":\"https:\\\/\\\/stoerbikes.com\\\/\",\"name\":\"STOER Bikes\",\"description\":\"\",\"publisher\":{\"@id\":\"https:\\\/\\\/stoerbikes.com\\\/#organization\"},\"potentialAction\":[{\"@type\":\"SearchAction\",\"target\":{\"@type\":\"EntryPoint\",\"urlTemplate\":\"https:\\\/\\\/stoerbikes.com\\\/?s={search_term_string}\"},\"query-input\":{\"@type\":\"PropertyValueSpecification\",\"valueRequired\":true,\"valueName\":\"search_term_string\"}}],\"inLanguage\":\"es\"},{\"@type\":\"Organization\",\"@id\":\"https:\\\/\\\/stoerbikes.com\\\/#organization\",\"name\":\"STOER Bikes\",\"url\":\"https:\\\/\\\/stoerbikes.com\\\/\",\"logo\":{\"@type\":\"ImageObject\",\"inLanguage\":\"es\",\"@id\":\"https:\\\/\\\/stoerbikes.com\\\/#\\\/schema\\\/logo\\\/image\\\/\",\"url\":\"https:\\\/\\\/stoerbikes.com\\\/wp-content\\\/uploads\\\/2026\\\/01\\\/Logo-STOER.png\",\"contentUrl\":\"https:\\\/\\\/stoerbikes.com\\\/wp-content\\\/uploads\\\/2026\\\/01\\\/Logo-STOER.png\",\"width\":1580,\"height\":303,\"caption\":\"STOER Bikes\"},\"image\":{\"@id\":\"https:\\\/\\\/stoerbikes.com\\\/#\\\/schema\\\/logo\\\/image\\\/\"},\"sameAs\":[\"https:\\\/\\\/facebook.com\\\/stoerbikes\",\"https:\\\/\\\/www.instagram.com\\\/stoerbikes\",\"https:\\\/\\\/www.linkedin.com\\\/company\\\/stoerbikes\\\/\",\"https:\\\/\\\/www.tiktok.com\\\/@stoerbikes\",\"https:\\\/\\\/www.youtube.com\\\/channel\\\/UCMBW5py6Mfoj1GNaRokv17g\"]},{\"@type\":\"Person\",\"@id\":\"https:\\\/\\\/stoerbikes.com\\\/#\\\/schema\\\/person\\\/7502f1423bafa2e4416618b40206f8ff\",\"name\":\"Authora\",\"image\":{\"@type\":\"ImageObject\",\"inLanguage\":\"es\",\"@id\":\"https:\\\/\\\/secure.gravatar.com\\\/avatar\\\/d58fc5f5a46da799c1b1d64215cb0da01fa53300a2b1867b577bac857324b89a?s=96&d=mm&r=g\",\"url\":\"https:\\\/\\\/secure.gravatar.com\\\/avatar\\\/d58fc5f5a46da799c1b1d64215cb0da01fa53300a2b1867b577bac857324b89a?s=96&d=mm&r=g\",\"contentUrl\":\"https:\\\/\\\/secure.gravatar.com\\\/avatar\\\/d58fc5f5a46da799c1b1d64215cb0da01fa53300a2b1867b577bac857324b89a?s=96&d=mm&r=g\",\"caption\":\"Authora\"}}]}<\/script>\n<!-- \/ Yoast SEO Premium plugin. -->","yoast_head_json":{"title":"Bicicleta de carga en el tren: \u00bfest\u00e1 permitido y cu\u00e1ndo se puede hacer?","description":"Llevar una bicicleta de carga en el tren: estas son las normas, los problemas que surgen en la pr\u00e1ctica durante las horas punta, en el and\u00e9n y al subir al tren, y qu\u00e9 alternativas funcionan mejor.","robots":{"index":"index","follow":"follow","max-snippet":"max-snippet:-1","max-image-preview":"max-image-preview:large","max-video-preview":"max-video-preview:-1"},"canonical":"https:\/\/stoerbikes.com\/es\/explicacion-de-las-normas-para-llevar-una-bicicleta-de-carga-en-el-tren\/","og_locale":"es_ES","og_type":"article","og_title":"Bakfiets meenemen in de trein regels uitgelegd","og_description":"Bakfiets in de trein meenemen: dit zijn de regels, waar het in de praktijk misgaat bij spits, perron en instap, en welke alternatieven beter werken.","og_url":"https:\/\/stoerbikes.com\/es\/explicacion-de-las-normas-para-llevar-una-bicicleta-de-carga-en-el-tren\/","og_site_name":"STOER Bikes","article_publisher":"https:\/\/facebook.com\/stoerbikes","article_published_time":"2026-07-18T12:45:00+00:00","article_modified_time":"2026-08-12T09:18:58+00:00","og_image":[{"width":2560,"height":1708,"url":"https:\/\/stoerbikes.com\/wp-content\/uploads\/2024\/05\/image00001-9-scaled.jpeg","type":"image\/jpeg"}],"author":"Authora","twitter_card":"summary_large_image","twitter_misc":{"Escrito por":"Authora","Tiempo de lectura":"14 minutos"},"schema":{"@context":"https:\/\/schema.org","@graph":[{"@type":["Article","BlogPosting"],"@id":"https:\/\/stoerbikes.com\/bakfiets-meenemen-in-de-trein-regels-uitgelegd\/#article","isPartOf":{"@id":"https:\/\/stoerbikes.com\/bakfiets-meenemen-in-de-trein-regels-uitgelegd\/"},"author":{"name":"Authora","@id":"https:\/\/stoerbikes.com\/#\/schema\/person\/7502f1423bafa2e4416618b40206f8ff"},"headline":"Bakfiets meenemen in de trein regels uitgelegd","datePublished":"2026-07-18T12:45:00+00:00","dateModified":"2026-08-12T09:18:58+00:00","mainEntityOfPage":{"@id":"https:\/\/stoerbikes.com\/bakfiets-meenemen-in-de-trein-regels-uitgelegd\/"},"wordCount":1313,"publisher":{"@id":"https:\/\/stoerbikes.com\/#organization"},"articleSection":["Algemeen"],"inLanguage":"es"},{"@type":"WebPage","@id":"https:\/\/stoerbikes.com\/bakfiets-meenemen-in-de-trein-regels-uitgelegd\/","url":"https:\/\/stoerbikes.com\/bakfiets-meenemen-in-de-trein-regels-uitgelegd\/","name":"Bicicleta de carga en el tren: \u00bfest\u00e1 permitido y cu\u00e1ndo se puede hacer?","isPartOf":{"@id":"https:\/\/stoerbikes.com\/#website"},"datePublished":"2026-07-18T12:45:00+00:00","dateModified":"2026-08-12T09:18:58+00:00","description":"Llevar una bicicleta de carga en el tren: estas son las normas, los problemas que surgen en la pr\u00e1ctica durante las horas punta, en el and\u00e9n y al subir al tren, y qu\u00e9 alternativas funcionan mejor.","breadcrumb":{"@id":"https:\/\/stoerbikes.com\/bakfiets-meenemen-in-de-trein-regels-uitgelegd\/#breadcrumb"},"inLanguage":"es","potentialAction":[{"@type":"ReadAction","target":["https:\/\/stoerbikes.com\/bakfiets-meenemen-in-de-trein-regels-uitgelegd\/"]}]},{"@type":"BreadcrumbList","@id":"https:\/\/stoerbikes.com\/bakfiets-meenemen-in-de-trein-regels-uitgelegd\/#breadcrumb","itemListElement":[{"@type":"ListItem","position":1,"name":"Home","item":"https:\/\/stoerbikes.com\/"},{"@type":"ListItem","position":2,"name":"Bakfiets meenemen in de trein regels uitgelegd"}]},{"@type":"WebSite","@id":"https:\/\/stoerbikes.com\/#website","url":"https:\/\/stoerbikes.com\/","name":"STOER Bicicletas","description":"","publisher":{"@id":"https:\/\/stoerbikes.com\/#organization"},"potentialAction":[{"@type":"SearchAction","target":{"@type":"EntryPoint","urlTemplate":"https:\/\/stoerbikes.com\/?s={search_term_string}"},"query-input":{"@type":"PropertyValueSpecification","valueRequired":true,"valueName":"search_term_string"}}],"inLanguage":"es"},{"@type":"Organization","@id":"https:\/\/stoerbikes.com\/#organization","name":"STOER Bicicletas","url":"https:\/\/stoerbikes.com\/","logo":{"@type":"ImageObject","inLanguage":"es","@id":"https:\/\/stoerbikes.com\/#\/schema\/logo\/image\/","url":"https:\/\/stoerbikes.com\/wp-content\/uploads\/2026\/01\/Logo-STOER.png","contentUrl":"https:\/\/stoerbikes.com\/wp-content\/uploads\/2026\/01\/Logo-STOER.png","width":1580,"height":303,"caption":"STOER Bikes"},"image":{"@id":"https:\/\/stoerbikes.com\/#\/schema\/logo\/image\/"},"sameAs":["https:\/\/facebook.com\/stoerbikes","https:\/\/www.instagram.com\/stoerbikes","https:\/\/www.linkedin.com\/company\/stoerbikes\/","https:\/\/www.tiktok.com\/@stoerbikes","https:\/\/www.youtube.com\/channel\/UCMBW5py6Mfoj1GNaRokv17g"]},{"@type":"Person","@id":"https:\/\/stoerbikes.com\/#\/schema\/person\/7502f1423bafa2e4416618b40206f8ff","name":"Autora","image":{"@type":"ImageObject","inLanguage":"es","@id":"https:\/\/secure.gravatar.com\/avatar\/d58fc5f5a46da799c1b1d64215cb0da01fa53300a2b1867b577bac857324b89a?s=96&d=mm&r=g","url":"https:\/\/secure.gravatar.com\/avatar\/d58fc5f5a46da799c1b1d64215cb0da01fa53300a2b1867b577bac857324b89a?s=96&d=mm&r=g","contentUrl":"https:\/\/secure.gravatar.com\/avatar\/d58fc5f5a46da799c1b1d64215cb0da01fa53300a2b1867b577bac857324b89a?s=96&d=mm&r=g","caption":"Authora"}}]}},"_links":{"self":[{"href":"https:\/\/stoerbikes.com\/es\/wp-json\/wp\/v2\/posts\/10940","targetHints":{"allow":["GET"]}}],"collection":[{"href":"https:\/\/stoerbikes.com\/es\/wp-json\/wp\/v2\/posts"}],"about":[{"href":"https:\/\/stoerbikes.com\/es\/wp-json\/wp\/v2\/types\/post"}],"author":[{"embeddable":true,"href":"https:\/\/stoerbikes.com\/es\/wp-json\/wp\/v2\/users\/15"}],"replies":[{"embeddable":true,"href":"https:\/\/stoerbikes.com\/es\/wp-json\/wp\/v2\/comments?post=10940"}],"version-history":[{"count":2,"href":"https:\/\/stoerbikes.com\/es\/wp-json\/wp\/v2\/posts\/10940\/revisions"}],"predecessor-version":[{"id":11088,"href":"https:\/\/stoerbikes.com\/es\/wp-json\/wp\/v2\/posts\/10940\/revisions\/11088"}],"wp:attachment":[{"href":"https:\/\/stoerbikes.com\/es\/wp-json\/wp\/v2\/media?parent=10940"}],"wp:term":[{"taxonomy":"category","embeddable":true,"href":"https:\/\/stoerbikes.com\/es\/wp-json\/wp\/v2\/categories?post=10940"},{"taxonomy":"post_tag","embeddable":true,"href":"https:\/\/stoerbikes.com\/es\/wp-json\/wp\/v2\/tags?post=10940"}],"curies":[{"name":"wp","href":"https:\/\/api.w.org\/{rel}","templated":true}]}}