{"id":10938,"date":"2026-07-18T14:00:00","date_gmt":"2026-07-18T12:00:00","guid":{"rendered":"https:\/\/stoerbikes.com\/nl\/?p=10938"},"modified":"2026-08-12T11:16:11","modified_gmt":"2026-08-12T09:16:11","slug":"como-cargar-la-bateria-de-una-bicicleta-electrica-cuando-hace-helada-asi-lo-haces-de-forma-segura","status":"publish","type":"post","link":"https:\/\/stoerbikes.com\/es\/e-bike-accu-opladen-bij-vorst-zo-doe-je-dat-veilig\/","title":{"rendered":"C\u00f3mo recargar la bater\u00eda de una bicicleta el\u00e9ctrica cuando hace heladas: as\u00ed se hace de forma segura"},"content":{"rendered":"<h1>C\u00f3mo recargar la bater\u00eda de una bicicleta el\u00e9ctrica cuando hace heladas: as\u00ed se hace de forma segura<\/h1>\n<p>Llegas a casa despu\u00e9s de un viaje con fr\u00edo, la bater\u00eda est\u00e1 medio vac\u00eda y ma\u00f1ana por la ma\u00f1ana quieres volver a salir. Entonces surge la tentaci\u00f3n: enchufar el cargador y listo. Cuando hace heladas, eso no siempre es aconsejable. Las celdas fr\u00edas se cargan de forma diferente y, en el peor de los casos, puede acortar la vida \u00fatil de tu bater\u00eda.<\/p>\n<p>Esta gu\u00eda no trata sobre el \u201calmacenamiento invernal\u201d en general, sino sobre el momento en el que realmente tienes que recargar la bater\u00eda en condiciones de fr\u00edo: despu\u00e9s de un trayecto con temperaturas bajo cero, en un cobertizo sin calefacci\u00f3n o durante un viaje. Con unos sencillos h\u00e1bitos, mantendr\u00e1s tu bater\u00eda en mejor estado, evitar\u00e1s aver\u00edas y conservar\u00e1s una mayor autonom\u00eda.<\/p>\n<h2>Por qu\u00e9 hay que prestar especial atenci\u00f3n a la carga cuando hace heladas<\/h2>\n<p>La bater\u00eda de una bicicleta el\u00e9ctrica est\u00e1 compuesta por celdas de iones de litio. A bajas temperaturas, la reacci\u00f3n qu\u00edmica en la celda se ralentiza, lo que hace que tanto la descarga como la recarga se produzcan con menos fluidez. Esto se nota en una menor autonom\u00eda y, en ocasiones, en una ca\u00edda repentina del porcentaje de carga.<\/p>\n<p>La carga es la fase m\u00e1s delicada. Si intentas cargar una bater\u00eda de iones de litio fr\u00eda con una corriente elevada, en condiciones desfavorables pueden producirse dep\u00f3sitos de litio (lo que a menudo se denomina \u201cplacado de litio\u201d). Esto afecta a la capacidad y puede aumentar la resistencia interna.<\/p>\n<p>Los fabricantes incorporan medidas de seguridad, pero estas no siempre est\u00e1n pensadas para hacer frente a todas las situaciones invernales imaginables. Sigue siendo recomendable recargar el coche con cuidado cuando hace fr\u00edo.<\/p>\n<h2>\u00bfA partir de qu\u00e9 temperatura resulta peligroso cargar el dispositivo?<\/h2>\n<p>No existe un l\u00edmite m\u00e1gico que sea el mismo para todas las bater\u00edas, pero como regla general se aplica lo siguiente: cargar a temperaturas inferiores a 0 \u00b0C no es recomendable. Muchas bater\u00edas y cargadores est\u00e1n dise\u00f1ados para cargarse \u201ccorrectamente\u201d solo a temperaturas comprendidas, aproximadamente, entre 10 \u00b0C y 25 \u00b0C.<\/p>\n<p>Importante: se trata de la <strong>temperatura de la bater\u00eda<\/strong>, no la temperatura exterior. Una bater\u00eda que se encuentra en el exterior de la bicicleta puede estar a\u00fan m\u00e1s caliente que el aire despu\u00e9s de un recorrido, o por el contrario enfriarse r\u00e1pidamente si hace viento.<\/p>\n<h3>Comprobaci\u00f3n r\u00e1pida sin equipos de medici\u00f3n<\/h3>\n<ul>\n<li>\u00bfLa bater\u00eda est\u00e1 \u201chelada\u201d al tacto? Espera antes de cargarla.<\/li>\n<li>\u00bfLa bater\u00eda viene directamente del exterior y la temperatura est\u00e1 (casi) por debajo de cero? Asume que hace demasiado fr\u00edo.<\/li>\n<li>\u00bfHa estado la bicicleta toda la noche en un cobertizo sin calefacci\u00f3n? Es muy probable que la bater\u00eda est\u00e9 por debajo de 0 \u00b0C.<\/li>\n<\/ul>\n<h2>Gu\u00eda paso a paso: c\u00f3mo cargar la bater\u00eda de una bicicleta el\u00e9ctrica cuando hace heladas<\/h2>\n<p>El procedimiento que se describe a continuaci\u00f3n lleva poco tiempo, pero marca una gran diferencia en cuanto a seguridad y vida \u00fatil. Consid\u00e9ralo como tu rutina fija de invierno.<\/p>\n<h3>1) Introduce la bater\u00eda<\/h3>\n<p>Si es posible, recarga en el interior, a temperatura ambiente. Un garaje o un cobertizo pueden parecer \u201cligeramente por encima de cero\u201d durante el d\u00eda, pero por la noche la temperatura puede bajar por debajo del punto de congelaci\u00f3n.<\/p>\n<p>\u00bfTienes una bicicleta de carga que aparcas fuera? En ese caso, es muy recomendable que te lleves la bater\u00eda al interior despu\u00e9s de cada recorrido, sobre todo si al d\u00eda siguiente quieres recargarla o salir de nuevo.<\/p>\n<h3>2) Deja que la bater\u00eda alcance primero la temperatura adecuada<\/h3>\n<p>Conectar una bater\u00eda fr\u00eda directamente al cargador es lo que suele provocar muchos da\u00f1os. Deja que la bater\u00eda se caliente poco a poco.<\/p>\n<ul>\n<li>Guarda la bater\u00eda en un lugar seco en el interior, lejos de radiadores y estufas.<\/li>\n<li>Normalmente hay que esperar entre 1 y 3 horas, dependiendo de lo fr\u00edo que estuviera.<\/li>\n<li>Deja la bater\u00eda en su carcasa; no la abras ni la \u201ccalientes\u201d con un secador de pelo.<\/li>\n<\/ul>\n<p>La condensaci\u00f3n es un aspecto a tener en cuenta. Si la bater\u00eda se traslada del exterior al interior, puede producirse condensaci\u00f3n. Por eso, deja que se aclimate primero antes de conectarla.<\/p>\n<h3>3) Carga el dispositivo con calma y en un lugar seguro<\/h3>\n<p>Utiliza una superficie estable, aseg\u00farate de que haya suficiente ventilaci\u00f3n y elige un lugar desde donde puedas supervisar el proceso de carga. No es buena idea cargarlo sobre un sof\u00e1 blando o dentro de un armario cerrado.<\/p>\n<ul>\n<li>Lo mejor es que recargues cuando est\u00e9s en casa.<\/li>\n<li>No coloques ropa ni bolsos sobre la bater\u00eda o el cargador.<\/li>\n<li>Utiliza \u00fanicamente el cargador original o una alternativa homologada por el fabricante.<\/li>\n<\/ul>\n<h3>4) Detente en 80\u201390% si no vas a volver a conducir hasta ma\u00f1ana<\/h3>\n<p>A veces es necesario cargar la bater\u00eda al 100% para un viaje largo, pero para el uso diario, un nivel de carga ligeramente inferior puede ser m\u00e1s respetuoso con las celdas de iones de litio. Sobre todo en invierno, cuando la bater\u00eda ya \u201ctrabaja m\u00e1s\u201d.<\/p>\n<p>\u00bfTienes que salir ma\u00f1ana temprano hacia un lugar lejano? Entonces, carga la bater\u00eda m\u00e1s tarde por la noche hasta alcanzar los 100%, para que no se quede durante horas completamente llena y caliente conectada al cargador.<\/p>\n<h3>5) No vuelvas a colocar la bater\u00eda en la bicicleta hasta que todo est\u00e9 seco<\/h3>\n<p>La humedad y el fr\u00edo, juntos, son perjudiciales para los contactos. Comprueba que los puntos de conexi\u00f3n est\u00e9n secos. Basta con un pa\u00f1o seco; no utilices sprays ni productos de limpieza agresivos.<\/p>\n<h2>Errores habituales al cargar el coche en invierno<\/h2>\n<p>La mayor\u00eda de los problemas con la bater\u00eda durante los periodos de fr\u00edo no se deben a \u201cuna sola helada\u201d, sino a peque\u00f1os errores repetidos. Estos son los m\u00e1s habituales.<\/p>\n<ul>\n<li><strong>Carga inmediata tras un trayecto con temperaturas bajo cero:<\/strong> Las jaulas a\u00fan est\u00e1n fr\u00edas; primero hay que calentarlas dentro.<\/li>\n<li><strong>La bater\u00eda est\u00e1 en el cobertizo, conectada al cargador:<\/strong> La temperatura puede bajar de cero mientras se est\u00e1 cargando.<\/li>\n<li><strong>Calor r\u00e1pido junto a la estufa:<\/strong> Una temperatura demasiado alta y un aumento demasiado r\u00e1pido aumentan el riesgo de condensaci\u00f3n y el desgaste de los materiales.<\/li>\n<li><strong>Cargar siempre hasta 100%:<\/strong> Es pr\u00e1ctico, pero no siempre necesario para trayectos cortos.<\/li>\n<li><strong>Sigue hasta 0%:<\/strong> Una descarga profunda en condiciones de fr\u00edo aumenta el riesgo de ca\u00edda de tensi\u00f3n y de corte de suministro.<\/li>\n<\/ul>\n<h2>P\u00e9rdida de autonom\u00eda por el fr\u00edo: lo que s\u00ed y lo que no puedes solucionar<\/h2>\n<p>Aunque el coche tenga un comportamiento de carga perfecto, en invierno recorrer\u00e1s menos kil\u00f3metros. Es normal. El aire fr\u00edo requiere m\u00e1s energ\u00eda, los neum\u00e1ticos ofrecen m\u00e1s resistencia a la rodadura y la bater\u00eda suministra potencia de forma menos eficiente.<\/p>\n<p>Lo que s\u00ed puedes controlar es en qu\u00e9 medida esa p\u00e9rdida es \u201cinnecesaria\u201d. Una bater\u00eda caliente y correctamente cargada mantiene mejor su tensi\u00f3n y se descarga m\u00e1s lentamente al acelerar.<\/p>\n<h3>Consejos pr\u00e1cticos para ampliar la gama de invierno<\/h3>\n<ul>\n<li>Empieza con una bater\u00eda que se haya calentado en el interior.<\/li>\n<li>Utiliza un apoyo ligeramente m\u00e1s bajo y pedalea con m\u00e1s fuerza al acelerar.<\/li>\n<li>Comprueba la presi\u00f3n de los neum\u00e1ticos (el fr\u00edo reduce la presi\u00f3n).<\/li>\n<li>Evita dejar el coche parado durante mucho tiempo al aire libre con la bater\u00eda medio descargada.<\/li>\n<\/ul>\n<h2>\u00bfSe puede recargar el coche mientras se conduce cuando hace heladas?<\/h2>\n<p>Se puede recargar durante el trayecto, pero resulta m\u00e1s complicado controlar la temperatura de la bater\u00eda. Si puedes recargar en un establecimiento de hosteler\u00eda o en tu lugar de trabajo, intenta meter la bater\u00eda en el interior antes de conectar el cargador.<\/p>\n<p>\u00bfTienes que cargar la bater\u00eda mientras est\u00e1 fr\u00eda, por ejemplo, porque no es extra\u00edble? En ese caso, es especialmente importante que sigas las instrucciones del manual de tu sistema. Algunos sistemas limitan la corriente de carga cuando hace fr\u00edo, mientras que otros muestran un mensaje de error y no permiten la carga.<\/p>\n<h3>Qu\u00e9 hacer si se produce un error de carga cuando hace fr\u00edo<\/h3>\n<ul>\n<li>Desconecta el cargador.<\/li>\n<li>Lleva la bater\u00eda (o la bicicleta) a un lugar m\u00e1s c\u00e1lido y espera un rato.<\/li>\n<li>Int\u00e9ntalo de nuevo con enchufes secos y una toma de corriente que funcione con seguridad.<\/li>\n<li>\u00bfSigue apareciendo el error? Haz que revisen el sistema.<\/li>\n<\/ul>\n<h2>Seguridad: \u00bfqu\u00e9 se considera normal y cu\u00e1ndo hay que intervenir?<\/h2>\n<p>Una bater\u00eda puede calentarse ligeramente durante la carga. Eso es normal. Lo que no es normal es que desprenda mucho calor, tenga olor a productos qu\u00edmicos, se deforme o emita chisporroteos. En ese caso, deja de cargarla inmediatamente y gu\u00e1rdala en un lugar seguro.<\/p>\n<p>Las autoridades ofrecen recomendaciones generales para el manejo seguro de las bater\u00edas de iones de litio. Lee tambi\u00e9n las directrices de los bomberos y las autoridades sobre su uso y recarga en el hogar, tal y como se indica en <a href=\"https:\/\/www.rijksoverheid.nl\/onderwerpen\/brandveiligheid\" rel=\"nofollow\">Administraci\u00f3n central: seguridad contra incendios<\/a>.<\/p>\n<h2>C\u00f3mo lo abordan en la pr\u00e1ctica los ciclistas de STOER Bikes<\/h2>\n<p>Si utilizas a diario una bicicleta el\u00e9ctrica como medio de transporte principal en la ciudad, lo que m\u00e1s te interesa es tener una rutina que puedas mantener. Muchos usuarios hacen lo siguiente: al llegar a casa, se llevan la bater\u00eda al interior, primero se toman un caf\u00e9 y solo entonces la ponen a cargar. Esa hora de diferencia suele ser clave en invierno.<\/p>\n<p>Si utilizas la bicicleta de carga de forma intensiva, por ejemplo, para llevar a los ni\u00f1os o hacer la compra, es recomendable planificar la recarga para los momentos en los que la bater\u00eda ya est\u00e1 en casa. Por ejemplo, al salir del colegio, al salir del trabajo o despu\u00e9s de hacer la compra.<\/p>\n<h3>P\u00e1ginas relevantes en STOER Bikes<\/h3>\n<ul>\n<li>Encontrar\u00e1s m\u00e1s informaci\u00f3n sobre los modelos en la p\u00e1gina <a href=\"https:\/\/stoerbikes.com\/es\/bicicletas\/\">todas las bicicletas de STOER Bikes<\/a>.<\/li>\n<li>\u00bfConduces una bicicleta de carga? Echa un vistazo a la <a href=\"https:\/\/stoerbikes.com\/es\/producto\/cargox\/\">CargoX bicicleta de carga<\/a> y planifica los momentos de recarga en funci\u00f3n de tus desplazamientos diarios.<\/li>\n<li>Para tener m\u00e1s tranquilidad en invierno, tambi\u00e9n puedes leer c\u00f3mo <a href=\"https:\/\/stoerbikes.com\/es\/seguro\/\">un seguro para bicicletas el\u00e9ctricas<\/a> es v\u00e1lido en caso de da\u00f1os o robo.<\/li>\n<\/ul>\n<h2>Lista de comprobaci\u00f3n \u00fatil para la carga en caso de heladas<\/h2>\n<p>Puedes memorizar esta breve lista de comprobaci\u00f3n y tenerla siempre a la vista junto a tu zona de carga.<\/p>\n<ul>\n<li>Se ha retirado la bater\u00eda<\/li>\n<li>Dejar que se aclimate entre 1 y 3 horas<\/li>\n<li>Enchufes y tomas de corriente secos<\/li>\n<li>Zona de carga libre, estable y a la vista<\/li>\n<li>No cargues innecesariamente hasta 100%<\/li>\n<li>Una vez cargada, la bater\u00eda debe guardarse en un lugar fresco y seco<\/li>\n<\/ul>\n<p>\u00bfTienes dudas sobre si tu bater\u00eda sigue funcionando bien tras un periodo de heladas intensas, o quieres consejos sobre la recarga y el uso diario de tu bicicleta? Echa un vistazo a la <a href=\"https:\/\/stoerbikes.com\/es\/#faq\">preguntas m\u00e1s frecuentes<\/a> o p\u00e1sate por uno de los <a href=\"https:\/\/stoerbikes.com\/es\/#dealers\">Distribuidores STOER Bikes<\/a> para una breve revisi\u00f3n y consejos pr\u00e1cticos que se adapten a tus recorridos.<\/p>","protected":false},"excerpt":{"rendered":"<p>E-bike accu opladen bij vorst: zo doe je dat veilig Je komt thuis na een koude rit, de accu is halfleeg en morgenochtend wil je weer op pad. Dan ligt de verleiding op tafel: oplader erin en klaar. Bij vorst is dat niet altijd verstandig. Koude cellen laden anders, en in het slechtste geval kan [&hellip;]<\/p>\n","protected":false},"author":15,"featured_media":0,"comment_status":"closed","ping_status":"closed","sticky":false,"template":"","format":"standard","meta":{"_acf_changed":false,"footnotes":""},"categories":[1],"tags":[],"class_list":["post-10938","post","type-post","status-publish","format-standard","hentry","category-algemeen"],"acf":[],"yoast_head":"<!-- This site is optimized with the Yoast SEO Premium plugin v28.3 (Yoast SEO v28.3) - https:\/\/yoast.com\/product\/yoast-seo-premium-wordpress\/ -->\n<title>E-bike accu opladen bij vorst: veilig in 5 stappen<\/title>\n<meta name=\"description\" content=\"Accu opladen bij vorst vraagt een andere routine. Laat je e-bike accu eerst acclimatiseren, laad veilig en houd meer bereik over in de winter.\" \/>\n<meta name=\"robots\" content=\"index, follow, max-snippet:-1, max-image-preview:large, max-video-preview:-1\" \/>\n<link rel=\"canonical\" href=\"https:\/\/stoerbikes.com\/es\/como-cargar-la-bateria-de-una-bicicleta-electrica-cuando-hace-helada-asi-lo-haces-de-forma-segura\/\" \/>\n<meta property=\"og:locale\" content=\"es_ES\" \/>\n<meta property=\"og:type\" content=\"article\" \/>\n<meta property=\"og:title\" content=\"E-bike accu opladen bij vorst: zo doe je dat veilig\" \/>\n<meta property=\"og:description\" content=\"Accu opladen bij vorst vraagt een andere routine. Laat je e-bike accu eerst acclimatiseren, laad veilig en houd meer bereik over in de winter.\" \/>\n<meta property=\"og:url\" content=\"https:\/\/stoerbikes.com\/es\/como-cargar-la-bateria-de-una-bicicleta-electrica-cuando-hace-helada-asi-lo-haces-de-forma-segura\/\" \/>\n<meta property=\"og:site_name\" content=\"STOER Bikes\" \/>\n<meta property=\"article:publisher\" content=\"https:\/\/facebook.com\/stoerbikes\" \/>\n<meta property=\"article:published_time\" content=\"2026-07-18T12:00:00+00:00\" \/>\n<meta property=\"article:modified_time\" content=\"2026-08-12T09:16:11+00:00\" \/>\n<meta property=\"og:image\" content=\"https:\/\/stoerbikes.com\/wp-content\/uploads\/2024\/05\/image00001-9-scaled.jpeg\" \/>\n\t<meta property=\"og:image:width\" content=\"2560\" \/>\n\t<meta property=\"og:image:height\" content=\"1708\" \/>\n\t<meta property=\"og:image:type\" content=\"image\/jpeg\" \/>\n<meta name=\"author\" content=\"Authora\" \/>\n<meta name=\"twitter:card\" content=\"summary_large_image\" \/>\n<meta name=\"twitter:label1\" content=\"Escrito por\" \/>\n\t<meta name=\"twitter:data1\" content=\"Authora\" \/>\n\t<meta name=\"twitter:label2\" content=\"Tiempo de lectura\" \/>\n\t<meta name=\"twitter:data2\" content=\"15 minutos\" \/>\n<script type=\"application\/ld+json\" class=\"yoast-schema-graph\">{\"@context\":\"https:\\\/\\\/schema.org\",\"@graph\":[{\"@type\":[\"Article\",\"BlogPosting\"],\"@id\":\"https:\\\/\\\/stoerbikes.com\\\/e-bike-accu-opladen-bij-vorst-zo-doe-je-dat-veilig\\\/#article\",\"isPartOf\":{\"@id\":\"https:\\\/\\\/stoerbikes.com\\\/e-bike-accu-opladen-bij-vorst-zo-doe-je-dat-veilig\\\/\"},\"author\":{\"name\":\"Authora\",\"@id\":\"https:\\\/\\\/stoerbikes.com\\\/#\\\/schema\\\/person\\\/7502f1423bafa2e4416618b40206f8ff\"},\"headline\":\"E-bike accu opladen bij vorst: zo doe je dat veilig\",\"datePublished\":\"2026-07-18T12:00:00+00:00\",\"dateModified\":\"2026-08-12T09:16:11+00:00\",\"mainEntityOfPage\":{\"@id\":\"https:\\\/\\\/stoerbikes.com\\\/e-bike-accu-opladen-bij-vorst-zo-doe-je-dat-veilig\\\/\"},\"wordCount\":1373,\"publisher\":{\"@id\":\"https:\\\/\\\/stoerbikes.com\\\/#organization\"},\"articleSection\":[\"Algemeen\"],\"inLanguage\":\"es\"},{\"@type\":\"WebPage\",\"@id\":\"https:\\\/\\\/stoerbikes.com\\\/e-bike-accu-opladen-bij-vorst-zo-doe-je-dat-veilig\\\/\",\"url\":\"https:\\\/\\\/stoerbikes.com\\\/e-bike-accu-opladen-bij-vorst-zo-doe-je-dat-veilig\\\/\",\"name\":\"E-bike accu opladen bij vorst: veilig in 5 stappen\",\"isPartOf\":{\"@id\":\"https:\\\/\\\/stoerbikes.com\\\/#website\"},\"datePublished\":\"2026-07-18T12:00:00+00:00\",\"dateModified\":\"2026-08-12T09:16:11+00:00\",\"description\":\"Accu opladen bij vorst vraagt een andere routine. Laat je e-bike accu eerst acclimatiseren, laad veilig en houd meer bereik over in de winter.\",\"breadcrumb\":{\"@id\":\"https:\\\/\\\/stoerbikes.com\\\/e-bike-accu-opladen-bij-vorst-zo-doe-je-dat-veilig\\\/#breadcrumb\"},\"inLanguage\":\"es\",\"potentialAction\":[{\"@type\":\"ReadAction\",\"target\":[\"https:\\\/\\\/stoerbikes.com\\\/e-bike-accu-opladen-bij-vorst-zo-doe-je-dat-veilig\\\/\"]}]},{\"@type\":\"BreadcrumbList\",\"@id\":\"https:\\\/\\\/stoerbikes.com\\\/e-bike-accu-opladen-bij-vorst-zo-doe-je-dat-veilig\\\/#breadcrumb\",\"itemListElement\":[{\"@type\":\"ListItem\",\"position\":1,\"name\":\"Home\",\"item\":\"https:\\\/\\\/stoerbikes.com\\\/\"},{\"@type\":\"ListItem\",\"position\":2,\"name\":\"E-bike accu opladen bij vorst: zo doe je dat veilig\"}]},{\"@type\":\"WebSite\",\"@id\":\"https:\\\/\\\/stoerbikes.com\\\/#website\",\"url\":\"https:\\\/\\\/stoerbikes.com\\\/\",\"name\":\"STOER Bikes\",\"description\":\"\",\"publisher\":{\"@id\":\"https:\\\/\\\/stoerbikes.com\\\/#organization\"},\"potentialAction\":[{\"@type\":\"SearchAction\",\"target\":{\"@type\":\"EntryPoint\",\"urlTemplate\":\"https:\\\/\\\/stoerbikes.com\\\/?s={search_term_string}\"},\"query-input\":{\"@type\":\"PropertyValueSpecification\",\"valueRequired\":true,\"valueName\":\"search_term_string\"}}],\"inLanguage\":\"es\"},{\"@type\":\"Organization\",\"@id\":\"https:\\\/\\\/stoerbikes.com\\\/#organization\",\"name\":\"STOER Bikes\",\"url\":\"https:\\\/\\\/stoerbikes.com\\\/\",\"logo\":{\"@type\":\"ImageObject\",\"inLanguage\":\"es\",\"@id\":\"https:\\\/\\\/stoerbikes.com\\\/#\\\/schema\\\/logo\\\/image\\\/\",\"url\":\"https:\\\/\\\/stoerbikes.com\\\/wp-content\\\/uploads\\\/2026\\\/01\\\/Logo-STOER.png\",\"contentUrl\":\"https:\\\/\\\/stoerbikes.com\\\/wp-content\\\/uploads\\\/2026\\\/01\\\/Logo-STOER.png\",\"width\":1580,\"height\":303,\"caption\":\"STOER Bikes\"},\"image\":{\"@id\":\"https:\\\/\\\/stoerbikes.com\\\/#\\\/schema\\\/logo\\\/image\\\/\"},\"sameAs\":[\"https:\\\/\\\/facebook.com\\\/stoerbikes\",\"https:\\\/\\\/www.instagram.com\\\/stoerbikes\",\"https:\\\/\\\/www.linkedin.com\\\/company\\\/stoerbikes\\\/\",\"https:\\\/\\\/www.tiktok.com\\\/@stoerbikes\",\"https:\\\/\\\/www.youtube.com\\\/channel\\\/UCMBW5py6Mfoj1GNaRokv17g\"]},{\"@type\":\"Person\",\"@id\":\"https:\\\/\\\/stoerbikes.com\\\/#\\\/schema\\\/person\\\/7502f1423bafa2e4416618b40206f8ff\",\"name\":\"Authora\",\"image\":{\"@type\":\"ImageObject\",\"inLanguage\":\"es\",\"@id\":\"https:\\\/\\\/secure.gravatar.com\\\/avatar\\\/d58fc5f5a46da799c1b1d64215cb0da01fa53300a2b1867b577bac857324b89a?s=96&d=mm&r=g\",\"url\":\"https:\\\/\\\/secure.gravatar.com\\\/avatar\\\/d58fc5f5a46da799c1b1d64215cb0da01fa53300a2b1867b577bac857324b89a?s=96&d=mm&r=g\",\"contentUrl\":\"https:\\\/\\\/secure.gravatar.com\\\/avatar\\\/d58fc5f5a46da799c1b1d64215cb0da01fa53300a2b1867b577bac857324b89a?s=96&d=mm&r=g\",\"caption\":\"Authora\"}}]}<\/script>\n<!-- \/ Yoast SEO Premium plugin. -->","yoast_head_json":{"title":"C\u00f3mo cargar la bater\u00eda de una bicicleta el\u00e9ctrica cuando hace helada: 5 pasos para hacerlo de forma segura","description":"Cargar la bater\u00eda cuando hace heladas requiere una rutina diferente. Deja que la bater\u00eda de tu bicicleta el\u00e9ctrica se aclimate primero, c\u00e1rgala de forma segura y disfruta de una mayor autonom\u00eda en invierno.","robots":{"index":"index","follow":"follow","max-snippet":"max-snippet:-1","max-image-preview":"max-image-preview:large","max-video-preview":"max-video-preview:-1"},"canonical":"https:\/\/stoerbikes.com\/es\/como-cargar-la-bateria-de-una-bicicleta-electrica-cuando-hace-helada-asi-lo-haces-de-forma-segura\/","og_locale":"es_ES","og_type":"article","og_title":"E-bike accu opladen bij vorst: zo doe je dat veilig","og_description":"Accu opladen bij vorst vraagt een andere routine. Laat je e-bike accu eerst acclimatiseren, laad veilig en houd meer bereik over in de winter.","og_url":"https:\/\/stoerbikes.com\/es\/como-cargar-la-bateria-de-una-bicicleta-electrica-cuando-hace-helada-asi-lo-haces-de-forma-segura\/","og_site_name":"STOER Bikes","article_publisher":"https:\/\/facebook.com\/stoerbikes","article_published_time":"2026-07-18T12:00:00+00:00","article_modified_time":"2026-08-12T09:16:11+00:00","og_image":[{"width":2560,"height":1708,"url":"https:\/\/stoerbikes.com\/wp-content\/uploads\/2024\/05\/image00001-9-scaled.jpeg","type":"image\/jpeg"}],"author":"Authora","twitter_card":"summary_large_image","twitter_misc":{"Escrito por":"Authora","Tiempo de lectura":"15 minutos"},"schema":{"@context":"https:\/\/schema.org","@graph":[{"@type":["Article","BlogPosting"],"@id":"https:\/\/stoerbikes.com\/e-bike-accu-opladen-bij-vorst-zo-doe-je-dat-veilig\/#article","isPartOf":{"@id":"https:\/\/stoerbikes.com\/e-bike-accu-opladen-bij-vorst-zo-doe-je-dat-veilig\/"},"author":{"name":"Authora","@id":"https:\/\/stoerbikes.com\/#\/schema\/person\/7502f1423bafa2e4416618b40206f8ff"},"headline":"E-bike accu opladen bij vorst: zo doe je dat veilig","datePublished":"2026-07-18T12:00:00+00:00","dateModified":"2026-08-12T09:16:11+00:00","mainEntityOfPage":{"@id":"https:\/\/stoerbikes.com\/e-bike-accu-opladen-bij-vorst-zo-doe-je-dat-veilig\/"},"wordCount":1373,"publisher":{"@id":"https:\/\/stoerbikes.com\/#organization"},"articleSection":["Algemeen"],"inLanguage":"es"},{"@type":"WebPage","@id":"https:\/\/stoerbikes.com\/e-bike-accu-opladen-bij-vorst-zo-doe-je-dat-veilig\/","url":"https:\/\/stoerbikes.com\/e-bike-accu-opladen-bij-vorst-zo-doe-je-dat-veilig\/","name":"C\u00f3mo cargar la bater\u00eda de una bicicleta el\u00e9ctrica cuando hace helada: 5 pasos para hacerlo de forma segura","isPartOf":{"@id":"https:\/\/stoerbikes.com\/#website"},"datePublished":"2026-07-18T12:00:00+00:00","dateModified":"2026-08-12T09:16:11+00:00","description":"Cargar la bater\u00eda cuando hace heladas requiere una rutina diferente. Deja que la bater\u00eda de tu bicicleta el\u00e9ctrica se aclimate primero, c\u00e1rgala de forma segura y disfruta de una mayor autonom\u00eda en invierno.","breadcrumb":{"@id":"https:\/\/stoerbikes.com\/e-bike-accu-opladen-bij-vorst-zo-doe-je-dat-veilig\/#breadcrumb"},"inLanguage":"es","potentialAction":[{"@type":"ReadAction","target":["https:\/\/stoerbikes.com\/e-bike-accu-opladen-bij-vorst-zo-doe-je-dat-veilig\/"]}]},{"@type":"BreadcrumbList","@id":"https:\/\/stoerbikes.com\/e-bike-accu-opladen-bij-vorst-zo-doe-je-dat-veilig\/#breadcrumb","itemListElement":[{"@type":"ListItem","position":1,"name":"Home","item":"https:\/\/stoerbikes.com\/"},{"@type":"ListItem","position":2,"name":"E-bike accu opladen bij vorst: zo doe je dat veilig"}]},{"@type":"WebSite","@id":"https:\/\/stoerbikes.com\/#website","url":"https:\/\/stoerbikes.com\/","name":"STOER Bicicletas","description":"","publisher":{"@id":"https:\/\/stoerbikes.com\/#organization"},"potentialAction":[{"@type":"SearchAction","target":{"@type":"EntryPoint","urlTemplate":"https:\/\/stoerbikes.com\/?s={search_term_string}"},"query-input":{"@type":"PropertyValueSpecification","valueRequired":true,"valueName":"search_term_string"}}],"inLanguage":"es"},{"@type":"Organization","@id":"https:\/\/stoerbikes.com\/#organization","name":"STOER Bicicletas","url":"https:\/\/stoerbikes.com\/","logo":{"@type":"ImageObject","inLanguage":"es","@id":"https:\/\/stoerbikes.com\/#\/schema\/logo\/image\/","url":"https:\/\/stoerbikes.com\/wp-content\/uploads\/2026\/01\/Logo-STOER.png","contentUrl":"https:\/\/stoerbikes.com\/wp-content\/uploads\/2026\/01\/Logo-STOER.png","width":1580,"height":303,"caption":"STOER Bikes"},"image":{"@id":"https:\/\/stoerbikes.com\/#\/schema\/logo\/image\/"},"sameAs":["https:\/\/facebook.com\/stoerbikes","https:\/\/www.instagram.com\/stoerbikes","https:\/\/www.linkedin.com\/company\/stoerbikes\/","https:\/\/www.tiktok.com\/@stoerbikes","https:\/\/www.youtube.com\/channel\/UCMBW5py6Mfoj1GNaRokv17g"]},{"@type":"Person","@id":"https:\/\/stoerbikes.com\/#\/schema\/person\/7502f1423bafa2e4416618b40206f8ff","name":"Autora","image":{"@type":"ImageObject","inLanguage":"es","@id":"https:\/\/secure.gravatar.com\/avatar\/d58fc5f5a46da799c1b1d64215cb0da01fa53300a2b1867b577bac857324b89a?s=96&d=mm&r=g","url":"https:\/\/secure.gravatar.com\/avatar\/d58fc5f5a46da799c1b1d64215cb0da01fa53300a2b1867b577bac857324b89a?s=96&d=mm&r=g","contentUrl":"https:\/\/secure.gravatar.com\/avatar\/d58fc5f5a46da799c1b1d64215cb0da01fa53300a2b1867b577bac857324b89a?s=96&d=mm&r=g","caption":"Authora"}}]}},"_links":{"self":[{"href":"https:\/\/stoerbikes.com\/es\/wp-json\/wp\/v2\/posts\/10938","targetHints":{"allow":["GET"]}}],"collection":[{"href":"https:\/\/stoerbikes.com\/es\/wp-json\/wp\/v2\/posts"}],"about":[{"href":"https:\/\/stoerbikes.com\/es\/wp-json\/wp\/v2\/types\/post"}],"author":[{"embeddable":true,"href":"https:\/\/stoerbikes.com\/es\/wp-json\/wp\/v2\/users\/15"}],"replies":[{"embeddable":true,"href":"https:\/\/stoerbikes.com\/es\/wp-json\/wp\/v2\/comments?post=10938"}],"version-history":[{"count":2,"href":"https:\/\/stoerbikes.com\/es\/wp-json\/wp\/v2\/posts\/10938\/revisions"}],"predecessor-version":[{"id":11087,"href":"https:\/\/stoerbikes.com\/es\/wp-json\/wp\/v2\/posts\/10938\/revisions\/11087"}],"wp:attachment":[{"href":"https:\/\/stoerbikes.com\/es\/wp-json\/wp\/v2\/media?parent=10938"}],"wp:term":[{"taxonomy":"category","embeddable":true,"href":"https:\/\/stoerbikes.com\/es\/wp-json\/wp\/v2\/categories?post=10938"},{"taxonomy":"post_tag","embeddable":true,"href":"https:\/\/stoerbikes.com\/es\/wp-json\/wp\/v2\/tags?post=10938"}],"curies":[{"name":"wp","href":"https:\/\/api.w.org\/{rel}","templated":true}]}}