{"id":10922,"date":"2026-07-14T08:30:00","date_gmt":"2026-07-14T06:30:00","guid":{"rendered":"https:\/\/stoerbikes.com\/nl\/?p=10922"},"modified":"2026-07-14T12:52:37","modified_gmt":"2026-07-14T10:52:37","slug":"5-errores-que-se-cometen-al-elegir-una-silla-infantil-para-tu-bicicleta-electrica","status":"publish","type":"post","link":"https:\/\/stoerbikes.com\/es\/5-fouten-bij-een-kinderzitje-op-je-e-bike-kiezen\/","title":{"rendered":"5 errores que se cometen al elegir una silla infantil para la bicicleta el\u00e9ctrica"},"content":{"rendered":"<h1>5 errores que se cometen al elegir una silla infantil para la bicicleta el\u00e9ctrica<\/h1>\n<p>A menudo se compra una silla infantil con un objetivo muy pr\u00e1ctico: salir a la calle con tu hijo de forma segura y sin complicaciones. En una bicicleta el\u00e9ctrica se suman factores adicionales, como una mayor velocidad de crucero, bicicletas m\u00e1s pesadas y otros sistemas de transporte. Por eso, en la pr\u00e1ctica, siempre se repiten los mismos errores: una silla que no encaja del todo, una combinaci\u00f3n que da sensaci\u00f3n de inestabilidad o accesorios que faltan hasta que te ves conduciendo bajo la lluvia o en la oscuridad.<\/p>\n<p>La siguiente lista con <strong>fallos en las sillas infantiles para bicicletas el\u00e9ctricas<\/strong> te ayuda a evitar los errores m\u00e1s comunes. No se trata de \u201creglas que den miedo\u201d, sino de aspectos que puedes comprobar de antemano para no tener que improvisar ajustes a posteriori.<\/p>\n<h2>1) Tener en cuenta \u00fanicamente la edad, y no el peso ni la carga total<\/h2>\n<p>Muchos padres empiezan preguntando: \u201c\u00bfEsta sillita es para ni\u00f1os de 9 meses a 6 a\u00f1os?\u201d. Es una referencia \u00fatil, pero la edad dice poco sobre el criterio real: el peso y la carga total de la bicicleta y el portabeb\u00e9s.<\/p>\n<p>En una bicicleta el\u00e9ctrica es m\u00e1s f\u00e1cil llevar una bolsa extra, un candado, un chubasquero o la compra. Todo ese peso se acumula y afecta al manejo y al frenado de la bicicleta.<\/p>\n<h3>D\u00f3nde falla esto<\/h3>\n<ul>\n<li>Tu hijo est\u00e1 casi al l\u00edmite de la capacidad del asiento, mientras que tu mochila portabeb\u00e9s tambi\u00e9n est\u00e1 ya al m\u00e1ximo de su capacidad.<\/li>\n<li>Eliges un asiento trasero sin tener en cuenta el peso m\u00e1ximo de carga del portaequipajes.<\/li>\n<li>Te olvidas de que la propia bicicleta el\u00e9ctrica tambi\u00e9n tiene un peso total m\u00e1ximo (bicicleta + ciclista + equipaje).<\/li>\n<\/ul>\n<h3>Lo que s\u00ed haces<\/h3>\n<ul>\n<li>Compru\u00e9balo <strong>peso m\u00e1ximo del ni\u00f1o<\/strong> del asiento (por ejemplo, 15 o 22 kg, seg\u00fan el modelo).<\/li>\n<li>Compru\u00e9balo <strong>capacidad de carga del portaequipajes<\/strong> (suele aparecer en una pegatina o en el manual de instrucciones de la bicicleta).<\/li>\n<li>Tenga en cuenta <strong>equipaje adicional<\/strong> en el mismo soporte (las bolsas a ambos lados influyen en el comportamiento de la direcci\u00f3n).<\/li>\n<\/ul>\n<p>\u00bfTienes dudas sobre los m\u00e1rgenes? Es mejor dejar un poco de margen: una combinaci\u00f3n que se mantenga dentro de los l\u00edmites resulta notablemente m\u00e1s estable, sobre todo en las curvas o sobre adoquines.<\/p>\n<h2>2) No ajustar el soporte a tu bicicleta (portabicicletas, cuadro o punto de montaje)<\/h2>\n<p>Una silla infantil no es un producto \u201c\u00fanico para todos\u201d. La mayor fuente de frustraci\u00f3n es la compatibilidad: la silla que pides por Internet resulta no ser compatible con tu portaequipajes, la forma del cuadro o los puntos de fijaci\u00f3n.<\/p>\n<p>En las bicicletas el\u00e9ctricas se observa una mayor variedad: portaequipajes traseros integrados, di\u00e1metros de tubo diferentes, tubos del cuadro m\u00e1s gruesos y, en ocasiones, bater\u00edas que ocupan espacio.<\/p>\n<h3>Errores t\u00edpicos de compatibilidad<\/h3>\n<ul>\n<li>Elegir una silla para portabeb\u00e9s cuando tu portabeb\u00e9s es demasiado ancho o, por el contrario, demasiado estrecho.<\/li>\n<li>Elegir un sill\u00edn para montaje en el cuadro cuando los cables, la bater\u00eda o las alforjas estorban.<\/li>\n<li>No compruebes si tu soporte es compatible con sistemas como MIK HD (si es eso lo que buscas).<\/li>\n<\/ul>\n<h3>Una revisi\u00f3n r\u00e1pida antes de comprar<\/h3>\n<ul>\n<li>Mide la anchura y f\u00edjate en el sistema de soporte (soporte est\u00e1ndar frente a sistema integrado).<\/li>\n<li>F\u00edjate d\u00f3nde van los cables y la bater\u00eda de tu bicicleta: \u00bfhay espacio libre cerca del tubo del sill\u00edn o del basculante?<\/li>\n<li>Lee las instrucciones de montaje del asiento (anchura del soporte, di\u00e1metro del tubo, espacio m\u00ednimo).<\/li>\n<\/ul>\n<p>Si tambi\u00e9n utilizas tu bicicleta el\u00e9ctrica como bicicleta familiar y urbana, puede resultarte \u00fatil combinar tus accesorios de forma coherente de una sola vez. En la p\u00e1gina de STOER Bikes con <a href=\"https:\/\/stoerbikes.com\/es\/tienda\/\">accesorios para tu e-bike<\/a> As\u00ed podr\u00e1s ver qu\u00e9 accesorios se suelen elegir juntos (por ejemplo, protectores para los pies, capuchas para la lluvia e iluminaci\u00f3n adicional), para que no tengas que volver a comprarlos m\u00e1s adelante.<\/p>\n<h2>3) No instalar protectores de pies ni protectores de radios<\/h2>\n<p>Este es un error que a menudo solo se nota cuando las cosas est\u00e1n a punto de salir mal. Los pies peque\u00f1os pueden deslizarse hacia la rueda, sobre todo cuando los ni\u00f1os se balancean o se cansan. En una bicicleta el\u00e9ctrica se suele ir un poco m\u00e1s r\u00e1pido, por lo que un peque\u00f1o roce con los radios o la rueda puede resultar doloroso en un santiam\u00e9n.<\/p>\n<p>No todas las sillas ofrecen el mismo grado de protecci\u00f3n. E incluso si la silla cuenta con buenos reposapi\u00e9s, hay combinaciones en las que conviene utilizar protecci\u00f3n adicional.<\/p>\n<h3>Lo que puede pasar si no se cuenta con una protecci\u00f3n adecuada<\/h3>\n<ul>\n<li>Los pies rozan la banda de rodadura al tomar una curva o al pasar por un bache.<\/li>\n<li>Los cordones de los zapatos se acercan a los radios o a la caja de la cadena o la correa.<\/li>\n<li>Los ni\u00f1os se dan un golpe en la rueda con el tal\u00f3n al estirar las piernas.<\/li>\n<\/ul>\n<h3>Soluciones pr\u00e1cticas<\/h3>\n<ul>\n<li>Elige una silla con reposapi\u00e9s resistentes y correas que se puedan ajustar bien.<\/li>\n<li>Plant\u00e9ate comprar protectores de radios o de la chaqueta si tu bicicleta a\u00fan no cuenta con unos adecuados.<\/li>\n<li>Comprueba lo siguiente tras el montaje: haz que tu hijo se siente y comprueba desde un lado que realmente no haya posibilidad alguna de que entre en contacto con la rueda.<\/li>\n<\/ul>\n<p>Este es precisamente el tipo de detalle que a menudo se pasa por alto cuando se elige un asiento \u201ca toda prisa\u201d, aunque, si se configura bien desde el principio, aporta mucha comodidad y tranquilidad.<\/p>\n<h2>4) Subestimar la influencia en el equilibrio y el comportamiento de la direcci\u00f3n<\/h2>\n<p>Un asiento infantil modifica el comportamiento de tu bicicleta el\u00e9ctrica. No solo por el peso, sino tambi\u00e9n por su ubicaci\u00f3n: en alto, en la parte trasera o, por el contrario, en la parte delantera. La diferencia se nota sobre todo al arrancar y al maniobrar lentamente (bordillos, curvas cerradas, aparcamientos para bicicletas).<\/p>\n<p>Muchos padres solo prueban \u201cdar una vuelta por la calle\u201d sobre asfalto liso. En la vida real hay badenes, v\u00edas de tranv\u00eda, adoquines mojados y situaciones inesperadas en las que hay que esquivar obst\u00e1culos.<\/p>\n<h3>Errores habituales en el balance<\/h3>\n<ul>\n<li>El asiento trasero est\u00e1 montado demasiado alto, lo que hace que la bicicleta parezca inestable.<\/li>\n<li>Bolsas pesadas y un ni\u00f1o en el asiento trasero, lo que hace que la rueda delantera se levante.<\/li>\n<li>Combinar un asiento con un soporte que resulte menos estable al subir y bajar del veh\u00edculo.<\/li>\n<\/ul>\n<h3>C\u00f3mo evitarlo<\/h3>\n<ul>\n<li>Prueba tambi\u00e9n con <strong>peso total<\/strong>: con el ni\u00f1o dentro y la bolsa colgada, tal y como vas a ir realmente.<\/li>\n<li>Practica una vez de forma consciente: arrancar, frenar, tomar una curva a baja velocidad, apoyar el pie en el suelo.<\/li>\n<li>Presta atenci\u00f3n a la presi\u00f3n de los neum\u00e1ticos; si el neum\u00e1tico trasero est\u00e1 demasiado desinflado, la direcci\u00f3n se vuelve imprecisa.<\/li>\n<\/ul>\n<p>Si quieres una bicicleta que, por s\u00ed misma, tenga un dise\u00f1o estable para el uso diario en la ciudad, merece la pena fijarse en los modelos pensados para ofrecer comodidad y control. La <a href=\"https:\/\/stoerbikes.com\/es\/producto\/urbanx-2026\/\">Bicicleta el\u00e9ctrica UrbanX<\/a> Es un ejemplo de bicicleta pensada para el tr\u00e1fico con muchas paradas y arranques, algo que se nota enseguida cuando se circula con carga adicional.<\/p>\n<h2>5) Dar por cumplida la seguridad sin tener en cuenta la visibilidad ni el seguro<\/h2>\n<p>Mucha gente asocia la seguridad con los cinturones de seguridad y una carcasa resistente. Eso es importante, pero en una bicicleta el\u00e9ctrica la seguridad tambi\u00e9n tiene que ver con ser visible, conducir de forma previsible y limitar los riesgos econ\u00f3micos en caso de que algo salga mal.<\/p>\n<p>Sobre todo cuando tu hijo va sentado detr\u00e1s, querr\u00e1s que tu bicicleta sea f\u00e1cilmente reconocible en el tr\u00e1fico al frenar y al girar. Y si tu bicicleta el\u00e9ctrica es de valor, es aconsejable pensar en contratar una cobertura contra robo y da\u00f1os.<\/p>\n<h3>Lo que a menudo se olvida<\/h3>\n<ul>\n<li>Mayor visibilidad al atardecer y bajo la lluvia (reflectantes, luces, luz de freno).<\/li>\n<li>Una rutina constante: abrochad siempre el cintur\u00f3n, ajustad las correas de los pies y poneros el casco si lo us\u00e1is.<\/li>\n<li>Contratar un seguro solo despu\u00e9s de que haya pasado algo.<\/li>\n<\/ul>\n<h3>Lo que puedes comprobar<\/h3>\n<ul>\n<li>\u00bfTienes las luces bien ajustadas y con suficiente intensidad, incluso con peso adicional en la parte trasera?<\/li>\n<li>\u00bfNo hay ninguna correa suelta que pueda enredarse en las piezas m\u00f3viles?<\/li>\n<li>\u00bfTu situaci\u00f3n se ajusta a un seguro para bicicletas el\u00e9ctricas (robo, da\u00f1os, asistencia en carretera)?<\/li>\n<\/ul>\n<p>Para conocer los detalles del seguro y las coberturas, te recomendamos que eches un vistazo a la p\u00e1gina sobre <a href=\"https:\/\/stoerbikes.com\/es\/seguro\/\">seguro para bicicletas el\u00e9ctricas<\/a>. As\u00ed evitar\u00e1s sorpresas posteriores con las condiciones, sobre todo si utilizas la bicicleta de forma intensiva para ir al colegio y hacer la compra.<\/p>\n<h2>Una gu\u00eda r\u00e1pida para elegir la silla infantil adecuada<\/h2>\n<p>Cuando est\u00e9s en una tienda (o comparando precios por Internet), es \u00fatil plantearte siempre las mismas preguntas. Esta breve lista de comprobaci\u00f3n evita la mayor\u00eda de las compras err\u00f3neas.<\/p>\n<h3>Lista de comprobaci\u00f3n (gu\u00e1rdala)<\/h3>\n<ul>\n<li><strong>Compatibilidad:<\/strong> \u00bfEl soporte se adapta a tu portabicicletas o cuadro?<\/li>\n<li><strong>Peso:<\/strong> \u00bfEst\u00e1s muy por debajo del l\u00edmite m\u00e1ximo tanto del asiento como del portabeb\u00e9s?<\/li>\n<li><strong>Protecci\u00f3n de los pies:<\/strong> \u00bfEst\u00e1n bien protegidos los pies y los radios?<\/li>\n<li><strong>Equilibrio:<\/strong> \u00bfLo has probado con una carga realista?<\/li>\n<li><strong>Visibilidad:<\/strong> \u00bfSe te ve bien al frenar y al girar?<\/li>\n<\/ul>\n<h2>Por qu\u00e9 se suele citar a Urban Iki como referencia<\/h2>\n<p>Si buscas sillas infantiles para bicicleta, seguro que te encuentras a menudo con Urban Iki, entre otras cosas porque explican con claridad c\u00f3mo se montan, qu\u00e9 piezas incluyen y c\u00f3mo se utilizan. Si comparas sus modelos y los requisitos de montaje con tu bicicleta, te dar\u00e1s cuenta enseguida de si la combinaci\u00f3n tiene sentido.<\/p>\n<p>Para obtener informaci\u00f3n sobre el producto y los manuales, puedes dirigirte al fabricante: <a href=\"https:\/\/www.urbaniki.com\/\" rel=\"nofollow\">Iki Urbano<\/a>. Util\u00edzalo sobre todo como fuente para consultar las especificaciones, no solo para ver \u201cbonitas fotos\u201d.<\/p>\n<h2>Pr\u00f3ximo paso pr\u00e1ctico<\/h2>\n<p>Si ya tienes una bicicleta el\u00e9ctrica: haz una foto del portaequipajes (vista lateral) y anota su capacidad de carga. Con eso podr\u00e1s resolver la mayor\u00eda de las dudas sobre compatibilidad en unos minutos.<\/p>\n<p>\u00bfEst\u00e1s buscando una bicicleta el\u00e9ctrica que se adapte bien al uso familiar y a los accesorios? Entonces echa un vistazo a la <a href=\"https:\/\/stoerbikes.com\/es\/bicicletas\/\">Bicicletas el\u00e9ctricas de STOER Bikes<\/a> El sill\u00edn, los accesorios y el uso (trayectos al colegio, compras, desplazamientos al trabajo) deben estar perfectamente adaptados entre s\u00ed. As\u00ed se conduce con m\u00e1s tranquilidad y no hay que andarse dando vueltas despu\u00e9s para resolver el rompecabezas.<\/p>","protected":false},"excerpt":{"rendered":"<p>5 fouten bij een kinderzitje op je e-bike kiezen Je koopt een kinderzitje vaak met een heel praktisch doel: veilig en zonder gedoe met je kind op pad. Op een e-bike komen daar extra factoren bij, zoals hogere kruissnelheid, zwaardere fietsen en andere dragersystemen. Daardoor zie je in de praktijk steeds dezelfde missers terug: een [&hellip;]<\/p>\n","protected":false},"author":15,"featured_media":0,"comment_status":"closed","ping_status":"closed","sticky":false,"template":"","format":"standard","meta":{"_acf_changed":false,"footnotes":""},"categories":[1],"tags":[],"class_list":["post-10922","post","type-post","status-publish","format-standard","hentry","category-algemeen"],"acf":[],"yoast_head":"<!-- This site is optimized with the Yoast SEO Premium plugin v28.3 (Yoast SEO v28.3) - https:\/\/yoast.com\/product\/yoast-seo-premium-wordpress\/ -->\n<title>Kinderzitje e-bike kiezen: 5 fouten die je moet vermijden - STOER Bikes<\/title>\n<meta name=\"description\" content=\"Een kinderzitje op je e-bike kiezen? Vermijd deze 5 veelgemaakte fouten rond montage, gewicht, balans en veiligheid. Zo zit je kind veilig en rijd je rustig.\" \/>\n<meta name=\"robots\" content=\"index, follow, max-snippet:-1, max-image-preview:large, max-video-preview:-1\" \/>\n<link rel=\"canonical\" href=\"https:\/\/stoerbikes.com\/es\/5-errores-que-se-cometen-al-elegir-una-silla-infantil-para-tu-bicicleta-electrica\/\" \/>\n<meta property=\"og:locale\" content=\"es_ES\" \/>\n<meta property=\"og:type\" content=\"article\" \/>\n<meta property=\"og:title\" content=\"5 fouten bij een kinderzitje op je e-bike kiezen\" \/>\n<meta property=\"og:description\" content=\"Een kinderzitje op je e-bike kiezen? Vermijd deze 5 veelgemaakte fouten rond montage, gewicht, balans en veiligheid. Zo zit je kind veilig en rijd je rustig.\" \/>\n<meta property=\"og:url\" content=\"https:\/\/stoerbikes.com\/es\/5-errores-que-se-cometen-al-elegir-una-silla-infantil-para-tu-bicicleta-electrica\/\" \/>\n<meta property=\"og:site_name\" content=\"STOER Bikes\" \/>\n<meta property=\"article:publisher\" content=\"https:\/\/facebook.com\/stoerbikes\" \/>\n<meta property=\"article:published_time\" content=\"2026-07-14T06:30:00+00:00\" \/>\n<meta property=\"article:modified_time\" content=\"2026-07-14T10:52:37+00:00\" \/>\n<meta property=\"og:image\" content=\"https:\/\/stoerbikes.com\/wp-content\/uploads\/2024\/05\/image00001-9-scaled.jpeg\" \/>\n\t<meta property=\"og:image:width\" content=\"2560\" \/>\n\t<meta property=\"og:image:height\" content=\"1708\" \/>\n\t<meta property=\"og:image:type\" content=\"image\/jpeg\" \/>\n<meta name=\"author\" content=\"Authora\" \/>\n<meta name=\"twitter:card\" content=\"summary_large_image\" \/>\n<meta name=\"twitter:label1\" content=\"Escrito por\" \/>\n\t<meta name=\"twitter:data1\" content=\"Authora\" \/>\n\t<meta name=\"twitter:label2\" content=\"Tiempo de lectura\" \/>\n\t<meta name=\"twitter:data2\" content=\"8 minutos\" \/>\n<script type=\"application\/ld+json\" class=\"yoast-schema-graph\">{\"@context\":\"https:\\\/\\\/schema.org\",\"@graph\":[{\"@type\":[\"Article\",\"BlogPosting\"],\"@id\":\"https:\\\/\\\/stoerbikes.com\\\/5-fouten-bij-een-kinderzitje-op-je-e-bike-kiezen\\\/#article\",\"isPartOf\":{\"@id\":\"https:\\\/\\\/stoerbikes.com\\\/5-fouten-bij-een-kinderzitje-op-je-e-bike-kiezen\\\/\"},\"author\":{\"name\":\"Authora\",\"@id\":\"https:\\\/\\\/stoerbikes.com\\\/#\\\/schema\\\/person\\\/7502f1423bafa2e4416618b40206f8ff\"},\"headline\":\"5 fouten bij een kinderzitje op je e-bike kiezen\",\"datePublished\":\"2026-07-14T06:30:00+00:00\",\"dateModified\":\"2026-07-14T10:52:37+00:00\",\"mainEntityOfPage\":{\"@id\":\"https:\\\/\\\/stoerbikes.com\\\/5-fouten-bij-een-kinderzitje-op-je-e-bike-kiezen\\\/\"},\"wordCount\":1365,\"publisher\":{\"@id\":\"https:\\\/\\\/stoerbikes.com\\\/#organization\"},\"articleSection\":[\"Algemeen\"],\"inLanguage\":\"es\"},{\"@type\":\"WebPage\",\"@id\":\"https:\\\/\\\/stoerbikes.com\\\/5-fouten-bij-een-kinderzitje-op-je-e-bike-kiezen\\\/\",\"url\":\"https:\\\/\\\/stoerbikes.com\\\/5-fouten-bij-een-kinderzitje-op-je-e-bike-kiezen\\\/\",\"name\":\"Kinderzitje e-bike kiezen: 5 fouten die je moet vermijden - STOER Bikes\",\"isPartOf\":{\"@id\":\"https:\\\/\\\/stoerbikes.com\\\/#website\"},\"datePublished\":\"2026-07-14T06:30:00+00:00\",\"dateModified\":\"2026-07-14T10:52:37+00:00\",\"description\":\"Een kinderzitje op je e-bike kiezen? Vermijd deze 5 veelgemaakte fouten rond montage, gewicht, balans en veiligheid. Zo zit je kind veilig en rijd je rustig.\",\"breadcrumb\":{\"@id\":\"https:\\\/\\\/stoerbikes.com\\\/5-fouten-bij-een-kinderzitje-op-je-e-bike-kiezen\\\/#breadcrumb\"},\"inLanguage\":\"es\",\"potentialAction\":[{\"@type\":\"ReadAction\",\"target\":[\"https:\\\/\\\/stoerbikes.com\\\/5-fouten-bij-een-kinderzitje-op-je-e-bike-kiezen\\\/\"]}]},{\"@type\":\"BreadcrumbList\",\"@id\":\"https:\\\/\\\/stoerbikes.com\\\/5-fouten-bij-een-kinderzitje-op-je-e-bike-kiezen\\\/#breadcrumb\",\"itemListElement\":[{\"@type\":\"ListItem\",\"position\":1,\"name\":\"Home\",\"item\":\"https:\\\/\\\/stoerbikes.com\\\/\"},{\"@type\":\"ListItem\",\"position\":2,\"name\":\"5 fouten bij een kinderzitje op je e-bike kiezen\"}]},{\"@type\":\"WebSite\",\"@id\":\"https:\\\/\\\/stoerbikes.com\\\/#website\",\"url\":\"https:\\\/\\\/stoerbikes.com\\\/\",\"name\":\"STOER Bikes\",\"description\":\"\",\"publisher\":{\"@id\":\"https:\\\/\\\/stoerbikes.com\\\/#organization\"},\"potentialAction\":[{\"@type\":\"SearchAction\",\"target\":{\"@type\":\"EntryPoint\",\"urlTemplate\":\"https:\\\/\\\/stoerbikes.com\\\/?s={search_term_string}\"},\"query-input\":{\"@type\":\"PropertyValueSpecification\",\"valueRequired\":true,\"valueName\":\"search_term_string\"}}],\"inLanguage\":\"es\"},{\"@type\":\"Organization\",\"@id\":\"https:\\\/\\\/stoerbikes.com\\\/#organization\",\"name\":\"STOER Bikes\",\"url\":\"https:\\\/\\\/stoerbikes.com\\\/\",\"logo\":{\"@type\":\"ImageObject\",\"inLanguage\":\"es\",\"@id\":\"https:\\\/\\\/stoerbikes.com\\\/#\\\/schema\\\/logo\\\/image\\\/\",\"url\":\"https:\\\/\\\/stoerbikes.com\\\/wp-content\\\/uploads\\\/2026\\\/01\\\/Logo-STOER.png\",\"contentUrl\":\"https:\\\/\\\/stoerbikes.com\\\/wp-content\\\/uploads\\\/2026\\\/01\\\/Logo-STOER.png\",\"width\":1580,\"height\":303,\"caption\":\"STOER Bikes\"},\"image\":{\"@id\":\"https:\\\/\\\/stoerbikes.com\\\/#\\\/schema\\\/logo\\\/image\\\/\"},\"sameAs\":[\"https:\\\/\\\/facebook.com\\\/stoerbikes\",\"https:\\\/\\\/www.instagram.com\\\/stoerbikes\",\"https:\\\/\\\/www.linkedin.com\\\/company\\\/stoerbikes\\\/\",\"https:\\\/\\\/www.tiktok.com\\\/@stoerbikes\",\"https:\\\/\\\/www.youtube.com\\\/channel\\\/UCMBW5py6Mfoj1GNaRokv17g\"]},{\"@type\":\"Person\",\"@id\":\"https:\\\/\\\/stoerbikes.com\\\/#\\\/schema\\\/person\\\/7502f1423bafa2e4416618b40206f8ff\",\"name\":\"Authora\",\"image\":{\"@type\":\"ImageObject\",\"inLanguage\":\"es\",\"@id\":\"https:\\\/\\\/secure.gravatar.com\\\/avatar\\\/d58fc5f5a46da799c1b1d64215cb0da01fa53300a2b1867b577bac857324b89a?s=96&d=mm&r=g\",\"url\":\"https:\\\/\\\/secure.gravatar.com\\\/avatar\\\/d58fc5f5a46da799c1b1d64215cb0da01fa53300a2b1867b577bac857324b89a?s=96&d=mm&r=g\",\"contentUrl\":\"https:\\\/\\\/secure.gravatar.com\\\/avatar\\\/d58fc5f5a46da799c1b1d64215cb0da01fa53300a2b1867b577bac857324b89a?s=96&d=mm&r=g\",\"caption\":\"Authora\"}}]}<\/script>\n<!-- \/ Yoast SEO Premium plugin. -->","yoast_head_json":{"title":"C\u00f3mo elegir una silla infantil para bicicleta el\u00e9ctrica: 5 errores que debes evitar - STOER Bikes","description":"\u00bfQuieres elegir una silla infantil para tu bicicleta el\u00e9ctrica? Evita estos 5 errores habituales relacionados con el montaje, el peso, el equilibrio y la seguridad. As\u00ed, tu hijo viajar\u00e1 seguro y t\u00fa podr\u00e1s circular tranquilo.","robots":{"index":"index","follow":"follow","max-snippet":"max-snippet:-1","max-image-preview":"max-image-preview:large","max-video-preview":"max-video-preview:-1"},"canonical":"https:\/\/stoerbikes.com\/es\/5-errores-que-se-cometen-al-elegir-una-silla-infantil-para-tu-bicicleta-electrica\/","og_locale":"es_ES","og_type":"article","og_title":"5 fouten bij een kinderzitje op je e-bike kiezen","og_description":"Een kinderzitje op je e-bike kiezen? Vermijd deze 5 veelgemaakte fouten rond montage, gewicht, balans en veiligheid. Zo zit je kind veilig en rijd je rustig.","og_url":"https:\/\/stoerbikes.com\/es\/5-errores-que-se-cometen-al-elegir-una-silla-infantil-para-tu-bicicleta-electrica\/","og_site_name":"STOER Bikes","article_publisher":"https:\/\/facebook.com\/stoerbikes","article_published_time":"2026-07-14T06:30:00+00:00","article_modified_time":"2026-07-14T10:52:37+00:00","og_image":[{"width":2560,"height":1708,"url":"https:\/\/stoerbikes.com\/wp-content\/uploads\/2024\/05\/image00001-9-scaled.jpeg","type":"image\/jpeg"}],"author":"Authora","twitter_card":"summary_large_image","twitter_misc":{"Escrito por":"Authora","Tiempo de lectura":"8 minutos"},"schema":{"@context":"https:\/\/schema.org","@graph":[{"@type":["Article","BlogPosting"],"@id":"https:\/\/stoerbikes.com\/5-fouten-bij-een-kinderzitje-op-je-e-bike-kiezen\/#article","isPartOf":{"@id":"https:\/\/stoerbikes.com\/5-fouten-bij-een-kinderzitje-op-je-e-bike-kiezen\/"},"author":{"name":"Authora","@id":"https:\/\/stoerbikes.com\/#\/schema\/person\/7502f1423bafa2e4416618b40206f8ff"},"headline":"5 fouten bij een kinderzitje op je e-bike kiezen","datePublished":"2026-07-14T06:30:00+00:00","dateModified":"2026-07-14T10:52:37+00:00","mainEntityOfPage":{"@id":"https:\/\/stoerbikes.com\/5-fouten-bij-een-kinderzitje-op-je-e-bike-kiezen\/"},"wordCount":1365,"publisher":{"@id":"https:\/\/stoerbikes.com\/#organization"},"articleSection":["Algemeen"],"inLanguage":"es"},{"@type":"WebPage","@id":"https:\/\/stoerbikes.com\/5-fouten-bij-een-kinderzitje-op-je-e-bike-kiezen\/","url":"https:\/\/stoerbikes.com\/5-fouten-bij-een-kinderzitje-op-je-e-bike-kiezen\/","name":"C\u00f3mo elegir una silla infantil para bicicleta el\u00e9ctrica: 5 errores que debes evitar - STOER Bikes","isPartOf":{"@id":"https:\/\/stoerbikes.com\/#website"},"datePublished":"2026-07-14T06:30:00+00:00","dateModified":"2026-07-14T10:52:37+00:00","description":"\u00bfQuieres elegir una silla infantil para tu bicicleta el\u00e9ctrica? Evita estos 5 errores habituales relacionados con el montaje, el peso, el equilibrio y la seguridad. As\u00ed, tu hijo viajar\u00e1 seguro y t\u00fa podr\u00e1s circular tranquilo.","breadcrumb":{"@id":"https:\/\/stoerbikes.com\/5-fouten-bij-een-kinderzitje-op-je-e-bike-kiezen\/#breadcrumb"},"inLanguage":"es","potentialAction":[{"@type":"ReadAction","target":["https:\/\/stoerbikes.com\/5-fouten-bij-een-kinderzitje-op-je-e-bike-kiezen\/"]}]},{"@type":"BreadcrumbList","@id":"https:\/\/stoerbikes.com\/5-fouten-bij-een-kinderzitje-op-je-e-bike-kiezen\/#breadcrumb","itemListElement":[{"@type":"ListItem","position":1,"name":"Home","item":"https:\/\/stoerbikes.com\/"},{"@type":"ListItem","position":2,"name":"5 fouten bij een kinderzitje op je e-bike kiezen"}]},{"@type":"WebSite","@id":"https:\/\/stoerbikes.com\/#website","url":"https:\/\/stoerbikes.com\/","name":"STOER Bicicletas","description":"","publisher":{"@id":"https:\/\/stoerbikes.com\/#organization"},"potentialAction":[{"@type":"SearchAction","target":{"@type":"EntryPoint","urlTemplate":"https:\/\/stoerbikes.com\/?s={search_term_string}"},"query-input":{"@type":"PropertyValueSpecification","valueRequired":true,"valueName":"search_term_string"}}],"inLanguage":"es"},{"@type":"Organization","@id":"https:\/\/stoerbikes.com\/#organization","name":"STOER Bicicletas","url":"https:\/\/stoerbikes.com\/","logo":{"@type":"ImageObject","inLanguage":"es","@id":"https:\/\/stoerbikes.com\/#\/schema\/logo\/image\/","url":"https:\/\/stoerbikes.com\/wp-content\/uploads\/2026\/01\/Logo-STOER.png","contentUrl":"https:\/\/stoerbikes.com\/wp-content\/uploads\/2026\/01\/Logo-STOER.png","width":1580,"height":303,"caption":"STOER Bikes"},"image":{"@id":"https:\/\/stoerbikes.com\/#\/schema\/logo\/image\/"},"sameAs":["https:\/\/facebook.com\/stoerbikes","https:\/\/www.instagram.com\/stoerbikes","https:\/\/www.linkedin.com\/company\/stoerbikes\/","https:\/\/www.tiktok.com\/@stoerbikes","https:\/\/www.youtube.com\/channel\/UCMBW5py6Mfoj1GNaRokv17g"]},{"@type":"Person","@id":"https:\/\/stoerbikes.com\/#\/schema\/person\/7502f1423bafa2e4416618b40206f8ff","name":"Autora","image":{"@type":"ImageObject","inLanguage":"es","@id":"https:\/\/secure.gravatar.com\/avatar\/d58fc5f5a46da799c1b1d64215cb0da01fa53300a2b1867b577bac857324b89a?s=96&d=mm&r=g","url":"https:\/\/secure.gravatar.com\/avatar\/d58fc5f5a46da799c1b1d64215cb0da01fa53300a2b1867b577bac857324b89a?s=96&d=mm&r=g","contentUrl":"https:\/\/secure.gravatar.com\/avatar\/d58fc5f5a46da799c1b1d64215cb0da01fa53300a2b1867b577bac857324b89a?s=96&d=mm&r=g","caption":"Authora"}}]}},"_links":{"self":[{"href":"https:\/\/stoerbikes.com\/es\/wp-json\/wp\/v2\/posts\/10922","targetHints":{"allow":["GET"]}}],"collection":[{"href":"https:\/\/stoerbikes.com\/es\/wp-json\/wp\/v2\/posts"}],"about":[{"href":"https:\/\/stoerbikes.com\/es\/wp-json\/wp\/v2\/types\/post"}],"author":[{"embeddable":true,"href":"https:\/\/stoerbikes.com\/es\/wp-json\/wp\/v2\/users\/15"}],"replies":[{"embeddable":true,"href":"https:\/\/stoerbikes.com\/es\/wp-json\/wp\/v2\/comments?post=10922"}],"version-history":[{"count":2,"href":"https:\/\/stoerbikes.com\/es\/wp-json\/wp\/v2\/posts\/10922\/revisions"}],"predecessor-version":[{"id":10997,"href":"https:\/\/stoerbikes.com\/es\/wp-json\/wp\/v2\/posts\/10922\/revisions\/10997"}],"wp:attachment":[{"href":"https:\/\/stoerbikes.com\/es\/wp-json\/wp\/v2\/media?parent=10922"}],"wp:term":[{"taxonomy":"category","embeddable":true,"href":"https:\/\/stoerbikes.com\/es\/wp-json\/wp\/v2\/categories?post=10922"},{"taxonomy":"post_tag","embeddable":true,"href":"https:\/\/stoerbikes.com\/es\/wp-json\/wp\/v2\/tags?post=10922"}],"curies":[{"name":"wp","href":"https:\/\/api.w.org\/{rel}","templated":true}]}}