{"id":10948,"date":"2026-07-20T11:30:00","date_gmt":"2026-07-20T09:30:00","guid":{"rendered":"https:\/\/stoerbikes.com\/nl\/?p=10948"},"modified":"2026-08-13T15:09:03","modified_gmt":"2026-08-13T13:09:03","slug":"kindersitz-am-urbanx-e-bike-montieren","status":"publish","type":"post","link":"https:\/\/stoerbikes.com\/de\/kinderzitje-monteren-op-urbanx-e-bike\/","title":{"rendered":"Kindersitz am UrbanX-E-Bike montieren"},"content":{"rendered":"<h1>Kindersitz am UrbanX-E-Bike montieren<\/h1>\n<p>Du hast ein STOER UrbanX und m\u00f6chtest einen Kindersitz daran befestigen, willst aber auch sicher sein, dass alles passt, fest sitzt und im t\u00e4glichen Stadtverkehr sicher bleibt. Beim UrbanX gibt es einige praktische Unterschiede zu anderen E-Bikes: Dazu geh\u00f6ren beispielsweise die Rahmengeometrie, die Wahl zwischen Gep\u00e4cktr\u00e4ger- oder Sattelrohrmontage sowie der Platz um das Hinterrad herum.<\/p>\n<p>Dieser Leitfaden hilft dir Schritt f\u00fcr Schritt dabei, herauszufinden, welchen Kindersitz du einbauen kannst und wie du dies ordnungsgem\u00e4\u00df und sicher tust. Hier geht es um den Einbau im UrbanX; allgemeine Ranglisten zum Thema \u201cWelcher Kindersitz ist der beste?\u201d lassen wir au\u00dfer Acht und konzentrieren uns auf das, was du beim Einbau wirklich brauchst.<\/p>\n<h2>Bevor du loslegst: \u00dcberpr\u00fcfe Folgendes an deinem UrbanX<\/h2>\n<p>Eine ordentliche Montage beginnt mit einer kurzen \u00dcberpr\u00fcfung deines Fahrrads. Nimm dir 5 Minuten Zeit, um dies zu \u00fcberpr\u00fcfen; das erspart dir \u00c4rger auf halbem Weg.<\/p>\n<ul>\n<li><strong>Ist ein Gep\u00e4cktr\u00e4ger vorhanden?<\/strong> Manche Kindersitze m\u00fcssen auf einer Halterung mit einer bestimmten Breite und einem bestimmten Rohrdurchmesser eingerastet werden.<\/li>\n<li><strong>Rahmentyp und Sattelrohrabstand<\/strong> (f\u00fcr die Rahmenmontage): Es muss ausreichend Freiraum f\u00fcr die Halterung sowie f\u00fcr die Bewegung der Beine beim Radfahren vorhanden sein.<\/li>\n<li><strong>Typ der Bremse<\/strong>: Bei Scheibenbremsen muss oft etwas mehr Platz am Bremssattel ber\u00fccksichtigt werden, insbesondere bei der Montage an einem Tr\u00e4ger.<\/li>\n<li><strong>Reifengr\u00f6\u00dfe und Kotfl\u00fcgel<\/strong>: Achten Sie darauf, dass die Fu\u00dfst\u00fctzen nicht in die N\u00e4he des Reifens oder des Kotfl\u00fcgels kommen.<\/li>\n<li><strong>Maximale Tragkraft<\/strong> Gep\u00e4cktr\u00e4ger und Fahrrad: Das Gesamtgewicht aus Kind + Kindersitz + eventueller Tasche muss innerhalb der zul\u00e4ssigen Grenzen bleiben.<\/li>\n<\/ul>\n<p>Bist du dir bez\u00fcglich der Konfiguration deines Modells unsicher? Dann schau doch mal unter <a href=\"https:\/\/stoerbikes.com\/de\/produkt\/urbanx-2026\/\">UrbanX \u2013 Produktspezifikationen<\/a> damit du wei\u00dft, welche Ausf\u00fchrung du hast.<\/p>\n<h2>Welche Montage passt am besten zum UrbanX?<\/h2>\n<p>Kindersitze f\u00fcr den Heckbereich werden in der Regel auf zwei Arten befestigt: am Gep\u00e4cktr\u00e4ger oder mit einer Rahmenhalterung am Sattelrohr. Der UrbanX bietet oft beide M\u00f6glichkeiten, doch die beste Wahl h\u00e4ngt von deinem Einsatzzweck ab.<\/p>\n<h3>Montage des Gep\u00e4cktr\u00e4gers (schnellerer Wechsel)<\/h3>\n<p>Ein Tragesitz ist praktisch, wenn du den Sitz regelm\u00e4\u00dfig abnehmen oder an einem anderen Fahrrad verwenden m\u00f6chtest. Er wird meist mit einem Adapter befestigt, wodurch der Wechsel in der Praxis schneller vonstattengeht.<\/p>\n<ul>\n<li>Vorteil: In der Regel stabil und \u201cPlug-and-Play\u201d, sofern das Tr\u00e4germedium kompatibel ist.<\/li>\n<li>Bitte beachten Sie: Die Halterung muss f\u00fcr das System Ihres Kindersitzes geeignet sein.<\/li>\n<li>Hinweis: \u00dcberpr\u00fcfen Sie die <em>zul\u00e4ssige Belastung<\/em> des Tragegestells, nicht nur des Sitzes.<\/li>\n<\/ul>\n<h3>Rahmenmontage am Sattelrohr (oft unabh\u00e4ngiger vom Tr\u00e4ger)<\/h3>\n<p>Bei der Rahmenmontage wird eine Halterung um das Sattelrohr geklemmt. Das kann praktisch sein, wenn dein Gep\u00e4cktr\u00e4ger nicht zu einem bestimmten Klicksystem passt oder wenn du den Gep\u00e4cktr\u00e4ger f\u00fcr Taschen frei halten m\u00f6chtest.<\/p>\n<ul>\n<li>Vorteil: Geringere Abh\u00e4ngigkeit von der Tr\u00e4gerbreite und dem Rohrdurchmesser.<\/li>\n<li>Bitte beachten Sie: Sie ben\u00f6tigen ausreichend Platz im Sattelrohr, ohne dass Kabel oder Akkuteile im Weg sind.<\/li>\n<li>Zu beachten: Es sollten keine Druckstellen an den Kabeln oder Lacksch\u00e4den durch das Verrutschen der Halterung entstehen.<\/li>\n<\/ul>\n<h2>Checkliste: Werkzeuge und Ersatzteile<\/h2>\n<p>Mit dem richtigen Werkzeug verhindern Sie, dass sich Schrauben durchdrehen oder dass der Sitz schief sitzt.<\/p>\n<ul>\n<li>Inbusschl\u00fcssel (meist 4\u20136 mm, je nach Sattelmarke)<\/li>\n<li>Drehmomentschl\u00fcssel (empfohlen), um die Schrauben weder zu fest noch zu locker anzuziehen<\/li>\n<li>Gegebenenfalls Torx-Schl\u00fcssel (bei einigen Adaptern wird Torx verwendet)<\/li>\n<li>Ma\u00dfband oder Schieblehre (f\u00fcr Tr\u00e4gerbreite und Rohrdurchmesser)<\/li>\n<li>Sauberes Tuch und Entfetter (f\u00fcr Kontaktfl\u00e4chen)<\/li>\n<li>Gegebenenfalls Gewindesicherungsmittel (mild), jedoch nur, wenn der Hersteller dies zul\u00e4sst<\/li>\n<\/ul>\n<h2>Schritt f\u00fcr Schritt: Kindersitz am Gep\u00e4cktr\u00e4ger befestigen<\/h2>\n<p>Die genauen Schritte unterscheiden sich je nach Marke, aber die Reihenfolge ist fast immer dieselbe. Schlagen Sie in der Bedienungsanleitung Ihres Kindersitzes nach; diese ist ma\u00dfgebend.<\/p>\n<h3>1) \u00dcberpr\u00fcfe, ob dein Halter kompatibel ist<\/h3>\n<p>Messen Sie die Breite des Tragegestells und pr\u00fcfen Sie, ob der Adapter\/die Schiene des Kindersitzes daf\u00fcr geeignet ist. Achten Sie auch auf die Form: Manche Tragegestelle sind schr\u00e4g verlaufend oder weisen Verdickungen auf, die ein Klicksystem blockieren k\u00f6nnen.<\/p>\n<h3>2) Befestigen Sie den Adapter oder die Klemme am Halter.<\/h3>\n<p>Setzen Sie den Adapter mittig auf den Halter. Gehen Sie dabei kreuzweise vor: erst links leicht festziehen, dann rechts leicht festziehen und erst danach endg\u00fcltig festziehen. So verhindern Sie, dass sich der Adapter verzieht.<\/p>\n<h3>3) Setzen Sie den Sitz ein und verriegeln Sie das System<\/h3>\n<p>Klicken Sie den Kindersitz in den Adapter ein und \u00fcberpr\u00fcfen Sie, ob die Verriegelung wirklich \u201ceinrastet\u201d. Ziehen Sie anschlie\u00dfend kr\u00e4ftig am Kindersitz: nach hinten, nach vorne und zur Seite. Es darf kein Spiel sp\u00fcrbar sein.<\/p>\n<h3>4) Fu\u00dfst\u00fctzen und Sicherheitsgurte einstellen<\/h3>\n<p>Stellen Sie die Fu\u00dfst\u00fctzen so ein, dass die Knie nicht zu hoch liegen und die F\u00fc\u00dfe nicht in die N\u00e4he von Speichen, Reifen oder Kotfl\u00fcgel gelangen. Stellen Sie die Gurte auf eine H\u00f6he ein, bei der Ihr Kind aufrecht sitzt, ohne aus dem Gurtzeug rutschen zu k\u00f6nnen.<\/p>\n<h3>5) Kurze Probefahrt ohne Kind<\/h3>\n<p>Fahre eine Runde von 2\u20133 Minuten. Brems ein paar Mal kr\u00e4ftig, fahre \u00fcber eine Schwelle und achte darauf, ob du Knacken oder Klicken h\u00f6rst. \u00dcberpr\u00fcfe anschlie\u00dfend noch einmal alle Schrauben.<\/p>\n<h2>Schritt f\u00fcr Schritt: Kindersitz mit Rahmenhalterung montieren<\/h2>\n<p>Bei der Rahmenmontage muss man etwas mehr auf die Ausrichtung und den Platz rund um das Sattelrohr achten, aber das Ergebnis kann sehr stabil sein.<\/p>\n<h3>1) Bestimmen Sie die Position am Sattelrohr<\/h3>\n<p>Die Halterung muss an einem geraden Abschnitt des Sattelrohrs befestigt werden. Achte darauf, dass du keine Kabel oder Leitungen einklemmst. Wenn Kabel am Sattelrohr entlang verlaufen, verlege sie nicht einfach so; pr\u00fcfe zun\u00e4chst, ob es sichere F\u00fchrungsvorrichtungen oder Klemmen gibt.<\/p>\n<h3>2) Sch\u00fctzen Sie den Rahmen, wo n\u00f6tig<\/h3>\n<p>Viele Systeme werden mit einer Schutzleiste oder einer Gummieinlage geliefert. Verwenden Sie diese. Das verhindert ein Verrutschen und sch\u00fctzt den Lack, insbesondere bei Regen und Schmutz.<\/p>\n<h3>3) Montieren Sie die Halterung und ziehen Sie sie mit dem entsprechenden Drehmoment fest<\/h3>\n<p>Ziehen Sie die Schrauben gleichm\u00e4\u00dfig fest. Zu festes Anziehen kann den Rahmen oder die Klemme \u00fcberlasten, zu lockeres Anziehen f\u00fchrt zu Spiel. Halten Sie sich an die in der Bedienungsanleitung des Sitzes angegebenen Anzugsmomente.<\/p>\n<h3>4) H\u00e4ngen Sie den Kindersitz in die Halterung ein und \u00fcberpr\u00fcfen Sie den Freiraum<\/h3>\n<p>\u00dcberpr\u00fcfe den Abstand zum Hinterrad, zum Schutzblech und zu einem eventuellen Gep\u00e4cktr\u00e4ger. Dr\u00fccke das Fahrrad leicht nach unten (falls es eine Federung hat) oder simuliere eine Belastung, indem du dich kurz auf den Sattel setzt. Der Sattel darf nirgendwo ansto\u00dfen.<\/p>\n<h3>5) Einstellung und Probefahrt<\/h3>\n<p>Wiederholen Sie die gleiche Probefahrt wie bei der Montage auf dem Tr\u00e4ger. Achten Sie besonders darauf, ob der Kindersitz \u201cschwankt\u201d. Wenn Sie eine Bewegung sp\u00fcren, sitzt die Klemme oft nicht gleichm\u00e4\u00dfig oder ist der Kindersitz nicht vollst\u00e4ndig verriegelt.<\/p>\n<h2>H\u00e4ufige Fehler bei der Montage von UrbanX<\/h2>\n<p>Die meisten Probleme sind nicht auf den Sitz selbst zur\u00fcckzuf\u00fchren, sondern auf kleine Entscheidungen bei der Montage.<\/p>\n<ul>\n<li><strong>Zu fest anziehen<\/strong>: Zuerst ausrichten, dann erst endg\u00fcltig festziehen.<\/li>\n<li><strong>Spielraum akzeptieren<\/strong>: \u201cEin kleines bisschen\u201d sorgt bei Vokalen schnell f\u00fcr viel Bewegung.<\/li>\n<li><strong>Fu\u00dfst\u00fctzen zu niedrig<\/strong>: Erh\u00f6ht die Gefahr, dass das Rad den Kotfl\u00fcgel oder die Speichenschutzvorrichtungen ber\u00fchrt.<\/li>\n<li><strong>Nach der ersten Fahrt nicht \u00fcberpr\u00fcfen<\/strong>: Eine neu montierte Baugruppe kann sich noch setzen; nach 10\u201320 km immer nachpr\u00fcfen.<\/li>\n<li><strong>Falsche Kombination aus Halterung und Adapter<\/strong>: Es rastet zwar ein, rastet aber nicht vollst\u00e4ndig ein.<\/li>\n<\/ul>\n<h2>Schnell\u00fcbersicht: Halterung oder Rahmenhalterung?<\/h2>\n<p>Diese Tabelle hilft dir dabei, anhand deiner t\u00e4glichen Nutzung die richtige Wahl zu treffen. Es handelt sich dabei nicht um eine Markenempfehlung, sondern um eine praktische Orientierungshilfe.<\/p>\n<table>\n<thead>\n<tr>\n<th>Situation<\/th>\n<th>Meistens praktisch<\/th>\n<th>Warum<\/th>\n<\/tr>\n<\/thead>\n<tbody>\n<tr>\n<td>Den Sitz h\u00e4ufig abnehmen oder Teile davon<\/td>\n<td>Montage des Gep\u00e4cktr\u00e4gers<\/td>\n<td>Schneller klicken und wechseln<\/td>\n<\/tr>\n<tr>\n<td>Unsicher, ob das Ger\u00e4t kompatibel ist<\/td>\n<td>Rahmenmontage<\/td>\n<td>Geringere Abh\u00e4ngigkeit von der Tr\u00e4gergr\u00f6\u00dfe<\/td>\n<\/tr>\n<tr>\n<td>Viel Gep\u00e4ck auf dem Gep\u00e4cktr\u00e4ger<\/td>\n<td>Rahmenmontage<\/td>\n<td>Der Tr\u00e4ger bleibt frei f\u00fcr Taschen\/Kisten<\/td>\n<\/tr>\n<tr>\n<td>Der Fokus liegt auf \u2018schlicht\u2019 und kompakt<\/td>\n<td>Montage des Gep\u00e4cktr\u00e4gers<\/td>\n<td>Oft ein flacheres Profil und eine elegantere Linie<\/td>\n<\/tr>\n<\/tbody>\n<\/table>\n<h2>Sicherheits\u00fcberpr\u00fcfungen, die du nicht \u00fcberspringen solltest<\/h2>\n<p>Ein Kindersitz ist ein Sicherheitsprodukt. Machen Sie diese \u00dcberpr\u00fcfungen zu einer Routine, insbesondere wenn Sie t\u00e4glich im dichten Verkehr unterwegs sind.<\/p>\n<ul>\n<li><strong>W\u00f6chentlich<\/strong>: Schrauben nachziehen, Verriegelung pr\u00fcfen, Sicherheitsgurte auf Verschlei\u00df \u00fcberpr\u00fcfen.<\/li>\n<li><strong>Nach Regen oder Streusalz<\/strong>: Die Klemmen reinigen und erneut auf Rost oder festsitzenden Sand \u00fcberpr\u00fcfen.<\/li>\n<li><strong>Nach einem Sturz oder einem Schlag<\/strong>: Sitzfl\u00e4che und Befestigung sofort \u00fcberpr\u00fcfen; Kunststoff kann Haarrisse bekommen.<\/li>\n<li><strong>F\u00fcr jede Fahrt<\/strong>: Sicherheitsgurt anlegen, F\u00fc\u00dfe festhalten, keine losen Jacken oder Schn\u00fcre in der N\u00e4he des Hinterrads.<\/li>\n<\/ul>\n<p>Allgemeine Richtlinien zum sicheren Transport von Kindern mit dem Fahrrad findest du auch in den Informationen der Beh\u00f6rden, beispielsweise zum Thema Fahrradsicherheit unter <a href=\"https:\/\/www.rijksoverheid.nl\/onderwerpen\/verkeersveiligheid\" rel=\"nofollow\">Zentralregierung<\/a>.<\/p>\n<h2>Praktische Tipps f\u00fcr mehr Komfort auf dem UrbanX<\/h2>\n<p>Sobald der Kindersitz befestigt ist, kannst du den Komfort f\u00fcr dich und dein Kind durch kleine Anpassungen noch weiter verbessern.<\/p>\n<ul>\n<li><strong>Lenkung<\/strong>: Wenn sich hinten zus\u00e4tzliches Gewicht befindet, l\u00e4sst sich das Fahrrad anders lenken. Fahren Sie Kurven weiter au\u00dfen und bremsen Sie fr\u00fcher.<\/li>\n<li><strong>Reifendruck<\/strong>: Halten Sie sich an den empfohlenen Reifendruck; zu weicher Reifendruck f\u00fchrt zu Instabilit\u00e4t, wenn ein Kind auf dem R\u00fccksitz sitzt.<\/li>\n<li><strong>Eintrag<\/strong>: \u00dcben Sie ein paar Mal das Auf- und Absteigen mit einem Fu\u00df auf dem Boden, ohne Kind.<\/li>\n<li><strong>Wetterschutz<\/strong>: Pr\u00fcfe, ob eine Regenh\u00fclle f\u00fcr deinen Kindersitz passt, ohne das R\u00fccklicht zu verdecken.<\/li>\n<\/ul>\n<h2>Wenn du mich besser mal einen Blick darauf werfen l\u00e4sst<\/h2>\n<p>Wenn Sie Zweifel hinsichtlich der Kompatibilit\u00e4t oder der Belastungsgrenzen haben oder Spiel bzw. Knarren h\u00f6ren, das Sie nicht beseitigen k\u00f6nnen, lassen Sie die Montage \u00fcberpr\u00fcfen. Das gilt auch, wenn Sie zwischen Tr\u00e4ger- und Rahmenbefestigung wechseln oder wenn Sie Zubeh\u00f6rteile haben, die den Raum um die Montage herum beeintr\u00e4chtigen.<\/p>\n<p>M\u00f6chtest du sichergehen, dass deine Konfiguration f\u00fcr den t\u00e4glichen Familiengebrauch auf dem UrbanX passt? Schau dir die <a href=\"https:\/\/stoerbikes.com\/de\/shop\/\">Zubeh\u00f6r f\u00fcr STOER Bikes<\/a> und \u00fcberpr\u00fcfen Sie auch die <a href=\"https:\/\/stoerbikes.com\/de\/#faq\">h\u00e4ufig gestellte Fragen<\/a> f\u00fcr praktische Informationen zur Nutzung und Wartung. Wenn du es vorziehst, dass ein Fachmann die Montage oder \u00dcberpr\u00fcfung \u00fcbernimmt, kannst du \u00fcber <a href=\"https:\/\/stoerbikes.com\/de\/#dealers\">ein STOER-H\u00e4ndler in der N\u00e4he<\/a> Hilfe ganz einfach organisieren.<\/p>","protected":false},"excerpt":{"rendered":"<p>Kinderzitje monteren op UrbanX e-bike Je hebt een STOER UrbanX en wilt er een kinderzitje op zetten, maar je wilt ook zeker weten dat alles past, stevig zit en veilig blijft in dagelijks stadsgebruik. Op de UrbanX zitten er een paar praktische verschillen ten opzichte van andere e-bikes: denk aan de geometrie van het frame, [&hellip;]<\/p>\n","protected":false},"author":15,"featured_media":0,"comment_status":"closed","ping_status":"closed","sticky":false,"template":"","format":"standard","meta":{"_acf_changed":false,"footnotes":""},"categories":[1],"tags":[],"class_list":["post-10948","post","type-post","status-publish","format-standard","hentry","category-algemeen"],"acf":[],"yoast_head":"<!-- This site is optimized with the Yoast SEO Premium plugin v28.3 (Yoast SEO v28.3) - https:\/\/yoast.com\/product\/yoast-seo-premium-wordpress\/ -->\n<title>Kinderzitje monteren op je e-bike UrbanX: stap voor stap<\/title>\n<meta name=\"description\" content=\"Benieuwd hoe je een kinderzitje op je UrbanX monteert? Lees stap voor stap hoe je kiest tussen drager en framebeugel, en het zitje veilig afstelt.\" \/>\n<meta name=\"robots\" content=\"index, follow, max-snippet:-1, max-image-preview:large, max-video-preview:-1\" \/>\n<link rel=\"canonical\" href=\"https:\/\/stoerbikes.com\/de\/kindersitz-am-urbanx-e-bike-montieren\/\" \/>\n<meta property=\"og:locale\" content=\"de_DE\" \/>\n<meta property=\"og:type\" content=\"article\" \/>\n<meta property=\"og:title\" content=\"Kinderzitje monteren op UrbanX e-bike\" \/>\n<meta property=\"og:description\" content=\"Benieuwd hoe je een kinderzitje op je UrbanX monteert? Lees stap voor stap hoe je kiest tussen drager en framebeugel, en het zitje veilig afstelt.\" \/>\n<meta property=\"og:url\" content=\"https:\/\/stoerbikes.com\/de\/kindersitz-am-urbanx-e-bike-montieren\/\" \/>\n<meta property=\"og:site_name\" content=\"STOER Bikes\" \/>\n<meta property=\"article:publisher\" content=\"https:\/\/facebook.com\/stoerbikes\" \/>\n<meta property=\"article:published_time\" content=\"2026-07-20T09:30:00+00:00\" \/>\n<meta property=\"article:modified_time\" content=\"2026-08-13T13:09:03+00:00\" \/>\n<meta property=\"og:image\" content=\"https:\/\/stoerbikes.com\/wp-content\/uploads\/2024\/05\/image00001-9-scaled.jpeg\" \/>\n\t<meta property=\"og:image:width\" content=\"2560\" \/>\n\t<meta property=\"og:image:height\" content=\"1708\" \/>\n\t<meta property=\"og:image:type\" content=\"image\/jpeg\" \/>\n<meta name=\"author\" content=\"Authora\" \/>\n<meta name=\"twitter:card\" content=\"summary_large_image\" \/>\n<meta name=\"twitter:label1\" content=\"Verfasst von\" \/>\n\t<meta name=\"twitter:data1\" content=\"Authora\" \/>\n\t<meta name=\"twitter:label2\" content=\"Gesch\u00e4tzte Lesezeit\" \/>\n\t<meta name=\"twitter:data2\" content=\"15\u00a0Minuten\" \/>\n<script type=\"application\/ld+json\" class=\"yoast-schema-graph\">{\"@context\":\"https:\\\/\\\/schema.org\",\"@graph\":[{\"@type\":[\"Article\",\"BlogPosting\"],\"@id\":\"https:\\\/\\\/stoerbikes.com\\\/kinderzitje-monteren-op-urbanx-e-bike\\\/#article\",\"isPartOf\":{\"@id\":\"https:\\\/\\\/stoerbikes.com\\\/kinderzitje-monteren-op-urbanx-e-bike\\\/\"},\"author\":{\"name\":\"Authora\",\"@id\":\"https:\\\/\\\/stoerbikes.com\\\/#\\\/schema\\\/person\\\/7502f1423bafa2e4416618b40206f8ff\"},\"headline\":\"Kinderzitje monteren op UrbanX e-bike\",\"datePublished\":\"2026-07-20T09:30:00+00:00\",\"dateModified\":\"2026-08-13T13:09:03+00:00\",\"mainEntityOfPage\":{\"@id\":\"https:\\\/\\\/stoerbikes.com\\\/kinderzitje-monteren-op-urbanx-e-bike\\\/\"},\"wordCount\":1403,\"publisher\":{\"@id\":\"https:\\\/\\\/stoerbikes.com\\\/#organization\"},\"articleSection\":[\"Algemeen\"],\"inLanguage\":\"de\"},{\"@type\":\"WebPage\",\"@id\":\"https:\\\/\\\/stoerbikes.com\\\/kinderzitje-monteren-op-urbanx-e-bike\\\/\",\"url\":\"https:\\\/\\\/stoerbikes.com\\\/kinderzitje-monteren-op-urbanx-e-bike\\\/\",\"name\":\"Kinderzitje monteren op je e-bike UrbanX: stap voor stap\",\"isPartOf\":{\"@id\":\"https:\\\/\\\/stoerbikes.com\\\/#website\"},\"datePublished\":\"2026-07-20T09:30:00+00:00\",\"dateModified\":\"2026-08-13T13:09:03+00:00\",\"description\":\"Benieuwd hoe je een kinderzitje op je UrbanX monteert? Lees stap voor stap hoe je kiest tussen drager en framebeugel, en het zitje veilig afstelt.\",\"breadcrumb\":{\"@id\":\"https:\\\/\\\/stoerbikes.com\\\/kinderzitje-monteren-op-urbanx-e-bike\\\/#breadcrumb\"},\"inLanguage\":\"de\",\"potentialAction\":[{\"@type\":\"ReadAction\",\"target\":[\"https:\\\/\\\/stoerbikes.com\\\/kinderzitje-monteren-op-urbanx-e-bike\\\/\"]}]},{\"@type\":\"BreadcrumbList\",\"@id\":\"https:\\\/\\\/stoerbikes.com\\\/kinderzitje-monteren-op-urbanx-e-bike\\\/#breadcrumb\",\"itemListElement\":[{\"@type\":\"ListItem\",\"position\":1,\"name\":\"Home\",\"item\":\"https:\\\/\\\/stoerbikes.com\\\/\"},{\"@type\":\"ListItem\",\"position\":2,\"name\":\"Kinderzitje monteren op UrbanX e-bike\"}]},{\"@type\":\"WebSite\",\"@id\":\"https:\\\/\\\/stoerbikes.com\\\/#website\",\"url\":\"https:\\\/\\\/stoerbikes.com\\\/\",\"name\":\"STOER Bikes\",\"description\":\"\",\"publisher\":{\"@id\":\"https:\\\/\\\/stoerbikes.com\\\/#organization\"},\"potentialAction\":[{\"@type\":\"SearchAction\",\"target\":{\"@type\":\"EntryPoint\",\"urlTemplate\":\"https:\\\/\\\/stoerbikes.com\\\/?s={search_term_string}\"},\"query-input\":{\"@type\":\"PropertyValueSpecification\",\"valueRequired\":true,\"valueName\":\"search_term_string\"}}],\"inLanguage\":\"de\"},{\"@type\":\"Organization\",\"@id\":\"https:\\\/\\\/stoerbikes.com\\\/#organization\",\"name\":\"STOER Bikes\",\"url\":\"https:\\\/\\\/stoerbikes.com\\\/\",\"logo\":{\"@type\":\"ImageObject\",\"inLanguage\":\"de\",\"@id\":\"https:\\\/\\\/stoerbikes.com\\\/#\\\/schema\\\/logo\\\/image\\\/\",\"url\":\"https:\\\/\\\/stoerbikes.com\\\/wp-content\\\/uploads\\\/2026\\\/01\\\/Logo-STOER.png\",\"contentUrl\":\"https:\\\/\\\/stoerbikes.com\\\/wp-content\\\/uploads\\\/2026\\\/01\\\/Logo-STOER.png\",\"width\":1580,\"height\":303,\"caption\":\"STOER Bikes\"},\"image\":{\"@id\":\"https:\\\/\\\/stoerbikes.com\\\/#\\\/schema\\\/logo\\\/image\\\/\"},\"sameAs\":[\"https:\\\/\\\/facebook.com\\\/stoerbikes\",\"https:\\\/\\\/www.instagram.com\\\/stoerbikes\",\"https:\\\/\\\/www.linkedin.com\\\/company\\\/stoerbikes\\\/\",\"https:\\\/\\\/www.tiktok.com\\\/@stoerbikes\",\"https:\\\/\\\/www.youtube.com\\\/channel\\\/UCMBW5py6Mfoj1GNaRokv17g\"]},{\"@type\":\"Person\",\"@id\":\"https:\\\/\\\/stoerbikes.com\\\/#\\\/schema\\\/person\\\/7502f1423bafa2e4416618b40206f8ff\",\"name\":\"Authora\",\"image\":{\"@type\":\"ImageObject\",\"inLanguage\":\"de\",\"@id\":\"https:\\\/\\\/secure.gravatar.com\\\/avatar\\\/d58fc5f5a46da799c1b1d64215cb0da01fa53300a2b1867b577bac857324b89a?s=96&d=mm&r=g\",\"url\":\"https:\\\/\\\/secure.gravatar.com\\\/avatar\\\/d58fc5f5a46da799c1b1d64215cb0da01fa53300a2b1867b577bac857324b89a?s=96&d=mm&r=g\",\"contentUrl\":\"https:\\\/\\\/secure.gravatar.com\\\/avatar\\\/d58fc5f5a46da799c1b1d64215cb0da01fa53300a2b1867b577bac857324b89a?s=96&d=mm&r=g\",\"caption\":\"Authora\"}}]}<\/script>\n<!-- \/ Yoast SEO Premium plugin. -->","yoast_head_json":{"title":"So montierst du einen Kindersitz an deinem UrbanX-E-Bike: Schritt f\u00fcr Schritt","description":"M\u00f6chten Sie wissen, wie Sie einen Kindersitz an Ihrem UrbanX befestigen? Lesen Sie hier Schritt f\u00fcr Schritt, wie Sie zwischen Tragevorrichtung und Rahmenhalterung w\u00e4hlen und den Sitz sicher einstellen.","robots":{"index":"index","follow":"follow","max-snippet":"max-snippet:-1","max-image-preview":"max-image-preview:large","max-video-preview":"max-video-preview:-1"},"canonical":"https:\/\/stoerbikes.com\/de\/kindersitz-am-urbanx-e-bike-montieren\/","og_locale":"de_DE","og_type":"article","og_title":"Kinderzitje monteren op UrbanX e-bike","og_description":"Benieuwd hoe je een kinderzitje op je UrbanX monteert? Lees stap voor stap hoe je kiest tussen drager en framebeugel, en het zitje veilig afstelt.","og_url":"https:\/\/stoerbikes.com\/de\/kindersitz-am-urbanx-e-bike-montieren\/","og_site_name":"STOER Bikes","article_publisher":"https:\/\/facebook.com\/stoerbikes","article_published_time":"2026-07-20T09:30:00+00:00","article_modified_time":"2026-08-13T13:09:03+00:00","og_image":[{"width":2560,"height":1708,"url":"https:\/\/stoerbikes.com\/wp-content\/uploads\/2024\/05\/image00001-9-scaled.jpeg","type":"image\/jpeg"}],"author":"Authora","twitter_card":"summary_large_image","twitter_misc":{"Verfasst von":"Authora","Gesch\u00e4tzte Lesezeit":"15\u00a0Minuten"},"schema":{"@context":"https:\/\/schema.org","@graph":[{"@type":["Article","BlogPosting"],"@id":"https:\/\/stoerbikes.com\/kinderzitje-monteren-op-urbanx-e-bike\/#article","isPartOf":{"@id":"https:\/\/stoerbikes.com\/kinderzitje-monteren-op-urbanx-e-bike\/"},"author":{"name":"Authora","@id":"https:\/\/stoerbikes.com\/#\/schema\/person\/7502f1423bafa2e4416618b40206f8ff"},"headline":"Kinderzitje monteren op UrbanX e-bike","datePublished":"2026-07-20T09:30:00+00:00","dateModified":"2026-08-13T13:09:03+00:00","mainEntityOfPage":{"@id":"https:\/\/stoerbikes.com\/kinderzitje-monteren-op-urbanx-e-bike\/"},"wordCount":1403,"publisher":{"@id":"https:\/\/stoerbikes.com\/#organization"},"articleSection":["Algemeen"],"inLanguage":"de"},{"@type":"WebPage","@id":"https:\/\/stoerbikes.com\/kinderzitje-monteren-op-urbanx-e-bike\/","url":"https:\/\/stoerbikes.com\/kinderzitje-monteren-op-urbanx-e-bike\/","name":"So montierst du einen Kindersitz an deinem UrbanX-E-Bike: Schritt f\u00fcr Schritt","isPartOf":{"@id":"https:\/\/stoerbikes.com\/#website"},"datePublished":"2026-07-20T09:30:00+00:00","dateModified":"2026-08-13T13:09:03+00:00","description":"M\u00f6chten Sie wissen, wie Sie einen Kindersitz an Ihrem UrbanX befestigen? Lesen Sie hier Schritt f\u00fcr Schritt, wie Sie zwischen Tragevorrichtung und Rahmenhalterung w\u00e4hlen und den Sitz sicher einstellen.","breadcrumb":{"@id":"https:\/\/stoerbikes.com\/kinderzitje-monteren-op-urbanx-e-bike\/#breadcrumb"},"inLanguage":"de","potentialAction":[{"@type":"ReadAction","target":["https:\/\/stoerbikes.com\/kinderzitje-monteren-op-urbanx-e-bike\/"]}]},{"@type":"BreadcrumbList","@id":"https:\/\/stoerbikes.com\/kinderzitje-monteren-op-urbanx-e-bike\/#breadcrumb","itemListElement":[{"@type":"ListItem","position":1,"name":"Home","item":"https:\/\/stoerbikes.com\/"},{"@type":"ListItem","position":2,"name":"Kinderzitje monteren op UrbanX e-bike"}]},{"@type":"WebSite","@id":"https:\/\/stoerbikes.com\/#website","url":"https:\/\/stoerbikes.com\/","name":"STOER Fahrr\u00e4der","description":"","publisher":{"@id":"https:\/\/stoerbikes.com\/#organization"},"potentialAction":[{"@type":"SearchAction","target":{"@type":"EntryPoint","urlTemplate":"https:\/\/stoerbikes.com\/?s={search_term_string}"},"query-input":{"@type":"PropertyValueSpecification","valueRequired":true,"valueName":"search_term_string"}}],"inLanguage":"de"},{"@type":"Organization","@id":"https:\/\/stoerbikes.com\/#organization","name":"STOER Fahrr\u00e4der","url":"https:\/\/stoerbikes.com\/","logo":{"@type":"ImageObject","inLanguage":"de","@id":"https:\/\/stoerbikes.com\/#\/schema\/logo\/image\/","url":"https:\/\/stoerbikes.com\/wp-content\/uploads\/2026\/01\/Logo-STOER.png","contentUrl":"https:\/\/stoerbikes.com\/wp-content\/uploads\/2026\/01\/Logo-STOER.png","width":1580,"height":303,"caption":"STOER Bikes"},"image":{"@id":"https:\/\/stoerbikes.com\/#\/schema\/logo\/image\/"},"sameAs":["https:\/\/facebook.com\/stoerbikes","https:\/\/www.instagram.com\/stoerbikes","https:\/\/www.linkedin.com\/company\/stoerbikes\/","https:\/\/www.tiktok.com\/@stoerbikes","https:\/\/www.youtube.com\/channel\/UCMBW5py6Mfoj1GNaRokv17g"]},{"@type":"Person","@id":"https:\/\/stoerbikes.com\/#\/schema\/person\/7502f1423bafa2e4416618b40206f8ff","name":"Authora","image":{"@type":"ImageObject","inLanguage":"de","@id":"https:\/\/secure.gravatar.com\/avatar\/d58fc5f5a46da799c1b1d64215cb0da01fa53300a2b1867b577bac857324b89a?s=96&d=mm&r=g","url":"https:\/\/secure.gravatar.com\/avatar\/d58fc5f5a46da799c1b1d64215cb0da01fa53300a2b1867b577bac857324b89a?s=96&d=mm&r=g","contentUrl":"https:\/\/secure.gravatar.com\/avatar\/d58fc5f5a46da799c1b1d64215cb0da01fa53300a2b1867b577bac857324b89a?s=96&d=mm&r=g","caption":"Authora"}}]}},"_links":{"self":[{"href":"https:\/\/stoerbikes.com\/de\/wp-json\/wp\/v2\/posts\/10948","targetHints":{"allow":["GET"]}}],"collection":[{"href":"https:\/\/stoerbikes.com\/de\/wp-json\/wp\/v2\/posts"}],"about":[{"href":"https:\/\/stoerbikes.com\/de\/wp-json\/wp\/v2\/types\/post"}],"author":[{"embeddable":true,"href":"https:\/\/stoerbikes.com\/de\/wp-json\/wp\/v2\/users\/15"}],"replies":[{"embeddable":true,"href":"https:\/\/stoerbikes.com\/de\/wp-json\/wp\/v2\/comments?post=10948"}],"version-history":[{"count":4,"href":"https:\/\/stoerbikes.com\/de\/wp-json\/wp\/v2\/posts\/10948\/revisions"}],"predecessor-version":[{"id":11098,"href":"https:\/\/stoerbikes.com\/de\/wp-json\/wp\/v2\/posts\/10948\/revisions\/11098"}],"wp:attachment":[{"href":"https:\/\/stoerbikes.com\/de\/wp-json\/wp\/v2\/media?parent=10948"}],"wp:term":[{"taxonomy":"category","embeddable":true,"href":"https:\/\/stoerbikes.com\/de\/wp-json\/wp\/v2\/categories?post=10948"},{"taxonomy":"post_tag","embeddable":true,"href":"https:\/\/stoerbikes.com\/de\/wp-json\/wp\/v2\/tags?post=10948"}],"curies":[{"name":"wp","href":"https:\/\/api.w.org\/{rel}","templated":true}]}}