{"id":10942,"date":"2026-07-19T18:15:00","date_gmt":"2026-07-19T16:15:00","guid":{"rendered":"https:\/\/stoerbikes.com\/nl\/?p=10942"},"modified":"2026-08-13T14:54:31","modified_gmt":"2026-08-13T12:54:31","slug":"lastenfahrrad-oder-fahrradanhanger-fur-den-einkauf-in-der-stadt","status":"publish","type":"post","link":"https:\/\/stoerbikes.com\/de\/bakfiets-of-fietskar-voor-boodschappen-in-de-stad\/","title":{"rendered":"Lastenfahrrad oder Fahrradanh\u00e4nger f\u00fcr den Einkauf in der Stadt?"},"content":{"rendered":"<h1>Lastenfahrrad oder Fahrradanh\u00e4nger f\u00fcr den Einkauf in der Stadt?<\/h1>\n<p>Du m\u00f6chtest ohne Auto einkaufen gehen, aber dennoch bequem und ohne \u00c4rger mit Ampeln, Bodenschwellen und schmalen Radwegen. Dann kommen schnell zwei Optionen in Frage: ein Lastenfahrrad oder ein Fahrradanh\u00e4nger. Beide scheinen sinnvoll zu sein, aber in der Praxis f\u00fchlen sie sich ganz unterschiedlich an.<\/p>\n<p>Dieser Vergleich wurde f\u00fcr den t\u00e4glichen Stadtverkehr verfasst: Fahrten zum Supermarkt, zum Markt, zur Paketannahmestelle und vielleicht noch eine zus\u00e4tzliche T\u00fcte aus der Drogerie. Bei der Wahl geht es oft nicht darum, \u201cwas am meisten Platz bietet\u201d, sondern um Stabilit\u00e4t, Parkm\u00f6glichkeiten, Wendigkeit und darum, wie oft man dieses zus\u00e4tzliche Volumen tats\u00e4chlich ben\u00f6tigt.<\/p>\n<h2>Was ist der Unterschied im t\u00e4glichen Gebrauch?<\/h2>\n<p>Ein Lastenfahrrad bildet eine Einheit: Die Ladung befindet sich entweder vor oder zwischen den R\u00e4dern (bei einem Dreirad) oder vor dem Lenker (bei einem \u201eLong John\u201c). Ein Fahrradanh\u00e4nger wird hinter dem Fahrrad angeh\u00e4ngt und wird \u00fcber die Kupplung mitgef\u00fchrt.<\/p>\n<p>In der Stadt merkt man diesen Unterschied sofort beim Anfahren, Aussteigen und Man\u00f6vrieren im dichten Verkehr. Es geht weniger um die Theorie als vielmehr darum, wie es sich in der Hauptverkehrszeit anf\u00fchlt.<\/p>\n<h3>Wann ist ein Lastenfahrrad sinnvoll?<\/h3>\n<ul>\n<li>Du kaufst oft in gro\u00dfen Mengen ein (Wocheneinkauf, Kisten, Gro\u00dfpackungen).<\/li>\n<li>Du m\u00f6chtest alles in einem Fahrzeug haben, ohne an- und abkuppeln zu m\u00fcssen.<\/li>\n<li>Du m\u00f6chtest gerne schnell parken: Einfach ausklappen und fertig.<\/li>\n<li>Du m\u00f6chtest auch Dinge mitnehmen, die nicht in einen Einkaufswagen passen (breite Kartons, Pflanzen).<\/li>\n<\/ul>\n<h3>Wann ist ein Fahrradanh\u00e4nger eigentlich praktisch?<\/h3>\n<ul>\n<li>Du m\u00f6chtest weiterhin dein normales Stadtfahrrad nutzen und nur gelegentlich zus\u00e4tzlichen Stauraum haben.<\/li>\n<li>Du f\u00e4hrst auf engen Strecken (Poller, enge Gassen) und m\u00f6chtest ein schlankeres Gesamtprofil als bei vielen Lastenfahrr\u00e4dern.<\/li>\n<li>Wenn du mit leichtem Gep\u00e4ck reist, m\u00f6chtest du den Wagen zu Hause lassen.<\/li>\n<li>Sie suchen nach einer L\u00f6sung mit geringeren Einstiegskosten und weniger Lagerplatzbedarf.<\/li>\n<\/ul>\n<h2>Stabilit\u00e4t und Fahrverhalten unter Last<\/h2>\n<p>Stabilit\u00e4t ist meist der entscheidende Faktor beim Einkaufen. Die Einkaufstaschen verrutschen, Flaschen klirren, und bei nasser Fahrbahn m\u00f6chte man sicher lenken und bremsen k\u00f6nnen.<\/p>\n<h3>Lastenfahrrad: stabil beim Anhalten und Beladen<\/h3>\n<p>Ein Lastenfahrrad (mit Doppelst\u00e4nder oder Dreiradgestell) steht beim Beladen oft sehr stabil. Das ist ein gro\u00dfer Vorteil, wenn man mit schweren Taschen arbeitet.<\/p>\n<p>Das Fahrverhalten h\u00e4ngt vom Typ ab. Ein zweir\u00e4driges Lastenfahrrad l\u00e4sst sich anders lenken als ein normales Fahrrad, aber viele Menschen gew\u00f6hnen sich nach ein paar Fahrten daran.<\/p>\n<h3>Fahrradanh\u00e4nger: stabil hinter dir, aber Kurven erfordern Aufmerksamkeit<\/h3>\n<p>Ein Zweirad-Fahrradanh\u00e4nger f\u00e4hrt auf geraden Strecken oft \u00fcberraschend ruhig hinter einem her. In Kurven, auf Stra\u00dfenbahnschienen oder bei schnellen Ausweichman\u00f6vern kann das zus\u00e4tzliche Gewicht hinter einem jedoch zu einem \u2018Schub\u2019 f\u00fchren.<\/p>\n<p>Auch das Absteigen verl\u00e4uft anders: Das Fahrrad kann umkippen, w\u00e4hrend der Anh\u00e4nger stehen bleibt, oder umgekehrt. Das ist kein Problem, aber man sollte es ber\u00fccksichtigen, wenn man h\u00e4ufig anh\u00e4lt.<\/p>\n<h2>Ladevolumen und was man tats\u00e4chlich mitnimmt<\/h2>\n<p>Auf dem Papier kann ein Einkaufswagen viele Liter fassen. In der Praxis entscheiden Form, Zug\u00e4nglichkeit und Stapelbarkeit dar\u00fcber, ob er sich beim Einkaufen gut handhaben l\u00e4sst.<\/p>\n<p>Die folgende Tabelle hilft Ihnen bei der Auswahl anhand typischer Eink\u00e4ufe in der Stadt.<\/p>\n<table>\n<thead>\n<tr>\n<th>Situation<\/th>\n<th>Bakfiets<\/th>\n<th>Fahrradanh\u00e4nger<\/th>\n<\/tr>\n<\/thead>\n<tbody>\n<tr>\n<td>W\u00f6chentliche Eink\u00e4ufe f\u00fcr 2\u20134 Personen<\/td>\n<td>Passt oft auf einmal hinein, l\u00e4sst sich \u00fcbersichtlich stapeln<\/td>\n<td>Das passt meistens auch, aber Taschen k\u00f6nnen schneller verrutschen<\/td>\n<\/tr>\n<tr>\n<td>Breite oder sperrige Gegenst\u00e4nde (Kiste, Pflanze, Karton)<\/td>\n<td>Oft einfacher dank offener Backform<\/td>\n<td>Je nach Wagenform und H\u00f6he; manchmal eingeschr\u00e4nkt<\/td>\n<\/tr>\n<tr>\n<td>Viele kurze Fahrten (Markt, verschiedene Gesch\u00e4fte)<\/td>\n<td>Das Be- und Entladen geht schnell, der Laderaum bleibt zug\u00e4nglich<\/td>\n<td>Man l\u00e4uft \u00f6fter um den Wagen herum, manchmal muss man ihn an den St\u00e4llen abkoppeln<\/td>\n<\/tr>\n<tr>\n<td>Kombination mit einem Kindersitz auf dem R\u00fccksitz<\/td>\n<td>Das geht zwar, aber insgesamt wird es l\u00e4nger und anstrengender.<\/td>\n<td>Das geht, vorausgesetzt, dein Fahrrad bleibt beim Anfahren stabil<\/td>\n<\/tr>\n<\/tbody>\n<\/table>\n<h2>Wendigkeit in der Stadt<\/h2>\n<p>In engen Stra\u00dfen spielen Wendekreis und L\u00e4nge eine wichtige Rolle. Auch der \u2018Platz\u2019, den man zum Einparken oder zum Passieren von Pollern ben\u00f6tigt, spielt eine Rolle.<\/p>\n<h3>Lastenfahrrad: vorhersehbar, ben\u00f6tigt aber Platz<\/h3>\n<p>Mit einem Lastenfahrrad muss man nur ein Fahrzeug im Blick behalten. Im dichten Verkehr ist das oft angenehm: Man wei\u00df genau, wo sich die Vorderseite befindet, und kann in aller Ruhe die Fahrspur w\u00e4hlen.<\/p>\n<p>Der Nachteil ist die L\u00e4nge und manchmal auch die Breite. Das Abstellen in einem \u00fcberf\u00fcllten Fahrradabstellplatz kann schwieriger sein, vor allem bei Gesch\u00e4ften, wo es ohnehin schon eng ist.<\/p>\n<h3>Fahrradanh\u00e4nger: zus\u00e4tzliche L\u00e4nge und ein \u2018Drehpunkt\u2019<\/h3>\n<p>Ein Fahrradanh\u00e4nger verl\u00e4ngert Ihr Gespann. Das merkt man sofort, wenn man auf einem schmalen B\u00fcrgersteig wendet oder in einem Kellerabstellraum eine Kurve f\u00e4hrt.<\/p>\n<p>Auch Pfosten und enge Durchfahrten k\u00f6nnen sogar schwieriger werden, da man nicht nur dem Lenker folgt, sondern auch die Fahrbahn des Wagens \u201cmitlesen\u201d muss.<\/p>\n<h2>Parken und Parken<\/h2>\n<p>In der Stadt ist das Parken oft eine t\u00e4gliche Frustration. Nicht nur einmal, sondern jedes Mal. Hier setzt sich meist die L\u00f6sung durch, die man ohne gro\u00df nachzudenken w\u00e4hlt.<\/p>\n<h3>Abstellen von Lastenfahrr\u00e4dern<\/h3>\n<p>Ein Lastenfahrrad ben\u00f6tigt zwar mehr Stellplatz, aber man ist mit einem Handgriff fertig. Man muss nichts abmontieren und beh\u00e4lt die Kontrolle \u00fcber die Ladung.<\/p>\n<p>Wenn du oft vor Superm\u00e4rkten stehst, deren Regale voll sind, ist es ratsam, nachzuschauen, ob es in der N\u00e4he Stellpl\u00e4tze f\u00fcr Lastenfahrr\u00e4der gibt.<\/p>\n<h3>Fahrradanh\u00e4nger abstellen<\/h3>\n<p>Manchmal kann man einen Anh\u00e4nger abkoppeln und separat abstellen. Das kann praktisch sein, wenn man zwar Platz f\u00fcr das Fahrrad hat, f\u00fcr den Anh\u00e4nger aber nicht.<\/p>\n<p>In der Praxis bedeutet das allerdings zus\u00e4tzlichen Aufwand. Und wenn man den Wagen einfach so abstellt, m\u00f6chte man sicher sein, dass er stabil steht und nicht einfach weggenommen werden kann.<\/p>\n<h2>Wartung, Verschlei\u00df und Zuverl\u00e4ssigkeit<\/h2>\n<p>Ein Lastenfahrrad ist ein komplettes System. Ein Fahrradanh\u00e4nger ist ein zus\u00e4tzliches Teil, das man an sein vorhandenes Fahrrad ankoppelt. Dieser Unterschied macht sich bei der Wartung und beim Verschlei\u00df bemerkbar.<\/p>\n<h3>Bakfiets<\/h3>\n<ul>\n<li>Weniger \u00c4rger mit Verbindungsst\u00fccken und losen Teilen.<\/li>\n<li>Bremsen und Antrieb sind auf Gewicht und Einsatzzweck abgestimmt.<\/li>\n<li>Nun ja: Mehr Bauteile an einem Fahrzeug, daher f\u00e4llt die Wartung \u201cin denselben Topf\u201d.<\/li>\n<\/ul>\n<h3>Fahrradanh\u00e4nger<\/h3>\n<ul>\n<li>Kupplung, Befestigungspunkte und Reifendruck des Wagens m\u00fcssen regelm\u00e4\u00dfig \u00fcberpr\u00fcft werden.<\/li>\n<li>Dein Citybike wird st\u00e4rker beansprucht: Bremsen, Reifen und Kette bzw. Riemen verschlei\u00dfen bei anspruchsvollen Fahrten schneller.<\/li>\n<li>Du kannst den Einkaufswagen zu Hause lassen, das schont ihn an Tagen, an denen du ihn nicht brauchst.<\/li>\n<\/ul>\n<h2>Sicherheit und Sichtbarkeit<\/h2>\n<p>Mit zus\u00e4tzlicher Ladung ist es besonders wichtig, gut sichtbar zu sein und sicher bremsen zu k\u00f6nnen. Auch Beleuchtung und Reflektoren sind wichtig, wenn du im Winter im Dunkeln mit dem Fahrrad zur\u00fcckf\u00e4hrst.<\/p>\n<p>Allgemeine Vorschriften zur Fahrradbeleuchtung und zu den Sichtbarkeitsanforderungen findest du auf der Website der niederl\u00e4ndischen Regierung. <a href=\"https:\/\/www.rijksoverheid.nl\/onderwerpen\/verkeersveiligheid\/vraag-en-antwoord\/welke-verlichting-moet-ik-op-mijn-fiets-hebben\" rel=\"nofollow\">(Fahrradbeleuchtung: Was ist vorgeschrieben?)<\/a>.<\/p>\n<h3>Praktische Sicherheitstipps f\u00fcr beide Optionen<\/h3>\n<ul>\n<li>Transportieren Sie schwere Taschen so tief wie m\u00f6glich; hohe Stapel beeintr\u00e4chtigen das Lenken und Bremsen.<\/li>\n<li>Verwenden Sie Spanngurte oder eine Kiste\/Box, damit die Taschen an Schwellen nicht umkippen.<\/li>\n<li>Testen Sie Ihren Bremsweg auf einer ruhigen Stra\u00dfe, wenn Sie zum ersten Mal mit schwerer Ladung fahren.<\/li>\n<li>Achten Sie besonders auf Stra\u00dfenbahnschienen und nasse Kanaldeckel; mit zus\u00e4tzlichem Gewicht kann man schneller ausrutschen.<\/li>\n<\/ul>\n<h2>Kosten und Versicherung<\/h2>\n<p>Ein Fahrradanh\u00e4nger ist in der Anschaffung meist g\u00fcnstiger. Ein Lastenfahrrad ist zwar eine gr\u00f6\u00dfere Investition, kann aber beim Einkaufen, beim Transport von Paketen und bei allt\u00e4glichen Fahrten die Funktion eines Autos \u00fcbernehmen.<\/p>\n<p>Vergessen Sie nicht, eine Versicherung abzuschlie\u00dfen. Gerade in der Stadt kann das Diebstahlrisiko bei Ihrer Entscheidung eine Rolle spielen. Lesen Sie auf der Seite \u00fcber STOER Bikes, wie das funktioniert. <a href=\"https:\/\/stoerbikes.com\/de\/versicherung\/\">Versicherung f\u00fcr Ihr E-Bike<\/a>.<\/p>\n<h2>Welche Option passt zu deiner Situation?<\/h2>\n<p>Wenn du dir unsicher bist, hilft es, deine Fahrten einer Woche im Kopf noch einmal durchzugehen. Nicht die au\u00dfergew\u00f6hnlich lange Tour, sondern eine ganz normale Woche.<\/p>\n<h3>Entscheide dich lieber f\u00fcr ein Lastenfahrrad, wenn dir das bekannt vorkommt<\/h3>\n<ul>\n<li>Du gehst oft gro\u00df einkaufen und m\u00f6chtest dich nicht mit Einkaufstaschen herum\u00e4rgern.<\/li>\n<li>Sie m\u00f6chten schnell be- und entladen k\u00f6nnen und sich im dichten Verkehr nicht wie mit einem Anh\u00e4nger f\u00fchlen.<\/li>\n<li>Du suchst nach einer L\u00f6sung, die auch an anderen Tagen n\u00fctzlich ist.<\/li>\n<\/ul>\n<h3>Entscheide dich lieber f\u00fcr einen Fahrradanh\u00e4nger, wenn dir das bekannt vorkommt<\/h3>\n<ul>\n<li>Du hast bereits ein tolles City-Fahrrad und m\u00f6chtest nur manchmal etwas mehr Stauraum.<\/li>\n<li>Du hast zu Hause wenig Platz und m\u00f6chtest den Wagen separat verstauen k\u00f6nnen.<\/li>\n<li>Deine Fahrten sind oft kurz und nicht jeden Tag schwer beladen.<\/li>\n<\/ul>\n<h2>Ein praktischer Mittelweg: Das Lastenfahrrad als \u2018feste Basis\u2019<\/h2>\n<p>Viele Menschen fangen mit einem Handwagen an und steigen sp\u00e4ter doch auf ein Lastenfahrrad um, weil die Bequemlichkeit in der Stadt mehr z\u00e4hlt als die Flexibilit\u00e4t. Vor allem, wenn man merkt, dass man fast jeden Tag \u201cmal kurz zum Supermarkt\u201d f\u00e4hrt.<\/p>\n<p>Wenn Sie einmal vergleichen m\u00f6chten, wie ein modernes Elektro-Lastenfahrrad hinsichtlich Ladekapazit\u00e4t, Stabilit\u00e4t und Stadtfahrten ausgelegt ist, schauen Sie sich das <a href=\"https:\/\/stoerbikes.com\/de\/produkt\/cargox\/\">STOER CargoX Lastenfahrrad<\/a>. Eine \u00dcbersicht \u00fcber alle Modelle findest du auch auf der Seite <a href=\"https:\/\/stoerbikes.com\/de\/fahrrader\/\">alle STOER Fahrr\u00e4der<\/a> Ansicht.<\/p>\n<p>Bist du noch unentschlossen? Vereinbare eine Probefahrt bei einer Filiale in deiner N\u00e4he \u00fcber <a href=\"https:\/\/stoerbikes.com\/de\/#dealers\">die STOER Bikes-H\u00e4ndler<\/a> Und bring ruhig deine eigene Einkaufstasche mit. Dann sp\u00fcrst du in f\u00fcnf Minuten, was sich auf Papier nur schwer erkl\u00e4ren l\u00e4sst.<\/p>","protected":false},"excerpt":{"rendered":"<p>Bakfiets of fietskar voor boodschappen in de stad? Je wilt boodschappen doen zonder auto, maar wel met comfort en zonder gedoe bij stoplichten, drempels en smalle fietspaden. Dan kom je al snel uit bij twee opties: een bakfiets of een fietskar. Ze lijken allebei logisch, maar in de praktijk voelen ze heel anders aan. Deze [&hellip;]<\/p>\n","protected":false},"author":15,"featured_media":0,"comment_status":"closed","ping_status":"closed","sticky":false,"template":"","format":"standard","meta":{"_acf_changed":false,"footnotes":""},"categories":[1],"tags":[],"class_list":["post-10942","post","type-post","status-publish","format-standard","hentry","category-algemeen"],"acf":[],"yoast_head":"<!-- This site is optimized with the Yoast SEO Premium plugin v28.3 (Yoast SEO v28.3) - https:\/\/yoast.com\/product\/yoast-seo-premium-wordpress\/ -->\n<title>Bakfiets of fietskar: wat werkt beter in de stad?<\/title>\n<meta name=\"description\" content=\"Benieuwd of een bakfiets of fietskar beter bij je past? Lees hoe ze verschillen in stabiliteit, wendbaarheid, stallen en kosten in het stadsverkeer.\" \/>\n<meta name=\"robots\" content=\"index, follow, max-snippet:-1, max-image-preview:large, max-video-preview:-1\" \/>\n<link rel=\"canonical\" href=\"https:\/\/stoerbikes.com\/de\/lastenfahrrad-oder-fahrradanhanger-fur-den-einkauf-in-der-stadt\/\" \/>\n<meta property=\"og:locale\" content=\"de_DE\" \/>\n<meta property=\"og:type\" content=\"article\" \/>\n<meta property=\"og:title\" content=\"Bakfiets of fietskar voor boodschappen in de stad?\" \/>\n<meta property=\"og:description\" content=\"Benieuwd of een bakfiets of fietskar beter bij je past? Lees hoe ze verschillen in stabiliteit, wendbaarheid, stallen en kosten in het stadsverkeer.\" \/>\n<meta property=\"og:url\" content=\"https:\/\/stoerbikes.com\/de\/lastenfahrrad-oder-fahrradanhanger-fur-den-einkauf-in-der-stadt\/\" \/>\n<meta property=\"og:site_name\" content=\"STOER Bikes\" \/>\n<meta property=\"article:publisher\" content=\"https:\/\/facebook.com\/stoerbikes\" \/>\n<meta property=\"article:published_time\" content=\"2026-07-19T16:15:00+00:00\" \/>\n<meta property=\"article:modified_time\" content=\"2026-08-13T12:54:31+00:00\" \/>\n<meta property=\"og:image\" content=\"https:\/\/stoerbikes.com\/wp-content\/uploads\/2024\/05\/image00001-9-scaled.jpeg\" \/>\n\t<meta property=\"og:image:width\" content=\"2560\" \/>\n\t<meta property=\"og:image:height\" content=\"1708\" \/>\n\t<meta property=\"og:image:type\" content=\"image\/jpeg\" \/>\n<meta name=\"author\" content=\"Authora\" \/>\n<meta name=\"twitter:card\" content=\"summary_large_image\" \/>\n<meta name=\"twitter:label1\" content=\"Verfasst von\" \/>\n\t<meta name=\"twitter:data1\" content=\"Authora\" \/>\n\t<meta name=\"twitter:label2\" content=\"Gesch\u00e4tzte Lesezeit\" \/>\n\t<meta name=\"twitter:data2\" content=\"8\u00a0Minuten\" \/>\n<script type=\"application\/ld+json\" class=\"yoast-schema-graph\">{\"@context\":\"https:\\\/\\\/schema.org\",\"@graph\":[{\"@type\":[\"Article\",\"BlogPosting\"],\"@id\":\"https:\\\/\\\/stoerbikes.com\\\/bakfiets-of-fietskar-voor-boodschappen-in-de-stad\\\/#article\",\"isPartOf\":{\"@id\":\"https:\\\/\\\/stoerbikes.com\\\/bakfiets-of-fietskar-voor-boodschappen-in-de-stad\\\/\"},\"author\":{\"name\":\"Authora\",\"@id\":\"https:\\\/\\\/stoerbikes.com\\\/#\\\/schema\\\/person\\\/7502f1423bafa2e4416618b40206f8ff\"},\"headline\":\"Bakfiets of fietskar voor boodschappen in de stad?\",\"datePublished\":\"2026-07-19T16:15:00+00:00\",\"dateModified\":\"2026-08-13T12:54:31+00:00\",\"mainEntityOfPage\":{\"@id\":\"https:\\\/\\\/stoerbikes.com\\\/bakfiets-of-fietskar-voor-boodschappen-in-de-stad\\\/\"},\"wordCount\":1341,\"publisher\":{\"@id\":\"https:\\\/\\\/stoerbikes.com\\\/#organization\"},\"articleSection\":[\"Algemeen\"],\"inLanguage\":\"de\"},{\"@type\":\"WebPage\",\"@id\":\"https:\\\/\\\/stoerbikes.com\\\/bakfiets-of-fietskar-voor-boodschappen-in-de-stad\\\/\",\"url\":\"https:\\\/\\\/stoerbikes.com\\\/bakfiets-of-fietskar-voor-boodschappen-in-de-stad\\\/\",\"name\":\"Bakfiets of fietskar: wat werkt beter in de stad?\",\"isPartOf\":{\"@id\":\"https:\\\/\\\/stoerbikes.com\\\/#website\"},\"datePublished\":\"2026-07-19T16:15:00+00:00\",\"dateModified\":\"2026-08-13T12:54:31+00:00\",\"description\":\"Benieuwd of een bakfiets of fietskar beter bij je past? Lees hoe ze verschillen in stabiliteit, wendbaarheid, stallen en kosten in het stadsverkeer.\",\"breadcrumb\":{\"@id\":\"https:\\\/\\\/stoerbikes.com\\\/bakfiets-of-fietskar-voor-boodschappen-in-de-stad\\\/#breadcrumb\"},\"inLanguage\":\"de\",\"potentialAction\":[{\"@type\":\"ReadAction\",\"target\":[\"https:\\\/\\\/stoerbikes.com\\\/bakfiets-of-fietskar-voor-boodschappen-in-de-stad\\\/\"]}]},{\"@type\":\"BreadcrumbList\",\"@id\":\"https:\\\/\\\/stoerbikes.com\\\/bakfiets-of-fietskar-voor-boodschappen-in-de-stad\\\/#breadcrumb\",\"itemListElement\":[{\"@type\":\"ListItem\",\"position\":1,\"name\":\"Home\",\"item\":\"https:\\\/\\\/stoerbikes.com\\\/\"},{\"@type\":\"ListItem\",\"position\":2,\"name\":\"Bakfiets of fietskar voor boodschappen in de stad?\"}]},{\"@type\":\"WebSite\",\"@id\":\"https:\\\/\\\/stoerbikes.com\\\/#website\",\"url\":\"https:\\\/\\\/stoerbikes.com\\\/\",\"name\":\"STOER Bikes\",\"description\":\"\",\"publisher\":{\"@id\":\"https:\\\/\\\/stoerbikes.com\\\/#organization\"},\"potentialAction\":[{\"@type\":\"SearchAction\",\"target\":{\"@type\":\"EntryPoint\",\"urlTemplate\":\"https:\\\/\\\/stoerbikes.com\\\/?s={search_term_string}\"},\"query-input\":{\"@type\":\"PropertyValueSpecification\",\"valueRequired\":true,\"valueName\":\"search_term_string\"}}],\"inLanguage\":\"de\"},{\"@type\":\"Organization\",\"@id\":\"https:\\\/\\\/stoerbikes.com\\\/#organization\",\"name\":\"STOER Bikes\",\"url\":\"https:\\\/\\\/stoerbikes.com\\\/\",\"logo\":{\"@type\":\"ImageObject\",\"inLanguage\":\"de\",\"@id\":\"https:\\\/\\\/stoerbikes.com\\\/#\\\/schema\\\/logo\\\/image\\\/\",\"url\":\"https:\\\/\\\/stoerbikes.com\\\/wp-content\\\/uploads\\\/2026\\\/01\\\/Logo-STOER.png\",\"contentUrl\":\"https:\\\/\\\/stoerbikes.com\\\/wp-content\\\/uploads\\\/2026\\\/01\\\/Logo-STOER.png\",\"width\":1580,\"height\":303,\"caption\":\"STOER Bikes\"},\"image\":{\"@id\":\"https:\\\/\\\/stoerbikes.com\\\/#\\\/schema\\\/logo\\\/image\\\/\"},\"sameAs\":[\"https:\\\/\\\/facebook.com\\\/stoerbikes\",\"https:\\\/\\\/www.instagram.com\\\/stoerbikes\",\"https:\\\/\\\/www.linkedin.com\\\/company\\\/stoerbikes\\\/\",\"https:\\\/\\\/www.tiktok.com\\\/@stoerbikes\",\"https:\\\/\\\/www.youtube.com\\\/channel\\\/UCMBW5py6Mfoj1GNaRokv17g\"]},{\"@type\":\"Person\",\"@id\":\"https:\\\/\\\/stoerbikes.com\\\/#\\\/schema\\\/person\\\/7502f1423bafa2e4416618b40206f8ff\",\"name\":\"Authora\",\"image\":{\"@type\":\"ImageObject\",\"inLanguage\":\"de\",\"@id\":\"https:\\\/\\\/secure.gravatar.com\\\/avatar\\\/d58fc5f5a46da799c1b1d64215cb0da01fa53300a2b1867b577bac857324b89a?s=96&d=mm&r=g\",\"url\":\"https:\\\/\\\/secure.gravatar.com\\\/avatar\\\/d58fc5f5a46da799c1b1d64215cb0da01fa53300a2b1867b577bac857324b89a?s=96&d=mm&r=g\",\"contentUrl\":\"https:\\\/\\\/secure.gravatar.com\\\/avatar\\\/d58fc5f5a46da799c1b1d64215cb0da01fa53300a2b1867b577bac857324b89a?s=96&d=mm&r=g\",\"caption\":\"Authora\"}}]}<\/script>\n<!-- \/ Yoast SEO Premium plugin. -->","yoast_head_json":{"title":"Lastenfahrrad oder Fahrradanh\u00e4nger: Was eignet sich besser f\u00fcr die Stadt?","description":"M\u00f6chtest du wissen, ob ein Lastenfahrrad oder ein Fahrradanh\u00e4nger besser zu dir passt? Erfahre, wie sie sich hinsichtlich Stabilit\u00e4t, Wendigkeit, Abstellm\u00f6glichkeiten und Kosten im Stadtverkehr unterscheiden.","robots":{"index":"index","follow":"follow","max-snippet":"max-snippet:-1","max-image-preview":"max-image-preview:large","max-video-preview":"max-video-preview:-1"},"canonical":"https:\/\/stoerbikes.com\/de\/lastenfahrrad-oder-fahrradanhanger-fur-den-einkauf-in-der-stadt\/","og_locale":"de_DE","og_type":"article","og_title":"Bakfiets of fietskar voor boodschappen in de stad?","og_description":"Benieuwd of een bakfiets of fietskar beter bij je past? Lees hoe ze verschillen in stabiliteit, wendbaarheid, stallen en kosten in het stadsverkeer.","og_url":"https:\/\/stoerbikes.com\/de\/lastenfahrrad-oder-fahrradanhanger-fur-den-einkauf-in-der-stadt\/","og_site_name":"STOER Bikes","article_publisher":"https:\/\/facebook.com\/stoerbikes","article_published_time":"2026-07-19T16:15:00+00:00","article_modified_time":"2026-08-13T12:54:31+00:00","og_image":[{"width":2560,"height":1708,"url":"https:\/\/stoerbikes.com\/wp-content\/uploads\/2024\/05\/image00001-9-scaled.jpeg","type":"image\/jpeg"}],"author":"Authora","twitter_card":"summary_large_image","twitter_misc":{"Verfasst von":"Authora","Gesch\u00e4tzte Lesezeit":"8\u00a0Minuten"},"schema":{"@context":"https:\/\/schema.org","@graph":[{"@type":["Article","BlogPosting"],"@id":"https:\/\/stoerbikes.com\/bakfiets-of-fietskar-voor-boodschappen-in-de-stad\/#article","isPartOf":{"@id":"https:\/\/stoerbikes.com\/bakfiets-of-fietskar-voor-boodschappen-in-de-stad\/"},"author":{"name":"Authora","@id":"https:\/\/stoerbikes.com\/#\/schema\/person\/7502f1423bafa2e4416618b40206f8ff"},"headline":"Bakfiets of fietskar voor boodschappen in de stad?","datePublished":"2026-07-19T16:15:00+00:00","dateModified":"2026-08-13T12:54:31+00:00","mainEntityOfPage":{"@id":"https:\/\/stoerbikes.com\/bakfiets-of-fietskar-voor-boodschappen-in-de-stad\/"},"wordCount":1341,"publisher":{"@id":"https:\/\/stoerbikes.com\/#organization"},"articleSection":["Algemeen"],"inLanguage":"de"},{"@type":"WebPage","@id":"https:\/\/stoerbikes.com\/bakfiets-of-fietskar-voor-boodschappen-in-de-stad\/","url":"https:\/\/stoerbikes.com\/bakfiets-of-fietskar-voor-boodschappen-in-de-stad\/","name":"Lastenfahrrad oder Fahrradanh\u00e4nger: Was eignet sich besser f\u00fcr die Stadt?","isPartOf":{"@id":"https:\/\/stoerbikes.com\/#website"},"datePublished":"2026-07-19T16:15:00+00:00","dateModified":"2026-08-13T12:54:31+00:00","description":"M\u00f6chtest du wissen, ob ein Lastenfahrrad oder ein Fahrradanh\u00e4nger besser zu dir passt? Erfahre, wie sie sich hinsichtlich Stabilit\u00e4t, Wendigkeit, Abstellm\u00f6glichkeiten und Kosten im Stadtverkehr unterscheiden.","breadcrumb":{"@id":"https:\/\/stoerbikes.com\/bakfiets-of-fietskar-voor-boodschappen-in-de-stad\/#breadcrumb"},"inLanguage":"de","potentialAction":[{"@type":"ReadAction","target":["https:\/\/stoerbikes.com\/bakfiets-of-fietskar-voor-boodschappen-in-de-stad\/"]}]},{"@type":"BreadcrumbList","@id":"https:\/\/stoerbikes.com\/bakfiets-of-fietskar-voor-boodschappen-in-de-stad\/#breadcrumb","itemListElement":[{"@type":"ListItem","position":1,"name":"Home","item":"https:\/\/stoerbikes.com\/"},{"@type":"ListItem","position":2,"name":"Bakfiets of fietskar voor boodschappen in de stad?"}]},{"@type":"WebSite","@id":"https:\/\/stoerbikes.com\/#website","url":"https:\/\/stoerbikes.com\/","name":"STOER Fahrr\u00e4der","description":"","publisher":{"@id":"https:\/\/stoerbikes.com\/#organization"},"potentialAction":[{"@type":"SearchAction","target":{"@type":"EntryPoint","urlTemplate":"https:\/\/stoerbikes.com\/?s={search_term_string}"},"query-input":{"@type":"PropertyValueSpecification","valueRequired":true,"valueName":"search_term_string"}}],"inLanguage":"de"},{"@type":"Organization","@id":"https:\/\/stoerbikes.com\/#organization","name":"STOER Fahrr\u00e4der","url":"https:\/\/stoerbikes.com\/","logo":{"@type":"ImageObject","inLanguage":"de","@id":"https:\/\/stoerbikes.com\/#\/schema\/logo\/image\/","url":"https:\/\/stoerbikes.com\/wp-content\/uploads\/2026\/01\/Logo-STOER.png","contentUrl":"https:\/\/stoerbikes.com\/wp-content\/uploads\/2026\/01\/Logo-STOER.png","width":1580,"height":303,"caption":"STOER Bikes"},"image":{"@id":"https:\/\/stoerbikes.com\/#\/schema\/logo\/image\/"},"sameAs":["https:\/\/facebook.com\/stoerbikes","https:\/\/www.instagram.com\/stoerbikes","https:\/\/www.linkedin.com\/company\/stoerbikes\/","https:\/\/www.tiktok.com\/@stoerbikes","https:\/\/www.youtube.com\/channel\/UCMBW5py6Mfoj1GNaRokv17g"]},{"@type":"Person","@id":"https:\/\/stoerbikes.com\/#\/schema\/person\/7502f1423bafa2e4416618b40206f8ff","name":"Authora","image":{"@type":"ImageObject","inLanguage":"de","@id":"https:\/\/secure.gravatar.com\/avatar\/d58fc5f5a46da799c1b1d64215cb0da01fa53300a2b1867b577bac857324b89a?s=96&d=mm&r=g","url":"https:\/\/secure.gravatar.com\/avatar\/d58fc5f5a46da799c1b1d64215cb0da01fa53300a2b1867b577bac857324b89a?s=96&d=mm&r=g","contentUrl":"https:\/\/secure.gravatar.com\/avatar\/d58fc5f5a46da799c1b1d64215cb0da01fa53300a2b1867b577bac857324b89a?s=96&d=mm&r=g","caption":"Authora"}}]}},"_links":{"self":[{"href":"https:\/\/stoerbikes.com\/de\/wp-json\/wp\/v2\/posts\/10942","targetHints":{"allow":["GET"]}}],"collection":[{"href":"https:\/\/stoerbikes.com\/de\/wp-json\/wp\/v2\/posts"}],"about":[{"href":"https:\/\/stoerbikes.com\/de\/wp-json\/wp\/v2\/types\/post"}],"author":[{"embeddable":true,"href":"https:\/\/stoerbikes.com\/de\/wp-json\/wp\/v2\/users\/15"}],"replies":[{"embeddable":true,"href":"https:\/\/stoerbikes.com\/de\/wp-json\/wp\/v2\/comments?post=10942"}],"version-history":[{"count":3,"href":"https:\/\/stoerbikes.com\/de\/wp-json\/wp\/v2\/posts\/10942\/revisions"}],"predecessor-version":[{"id":11096,"href":"https:\/\/stoerbikes.com\/de\/wp-json\/wp\/v2\/posts\/10942\/revisions\/11096"}],"wp:attachment":[{"href":"https:\/\/stoerbikes.com\/de\/wp-json\/wp\/v2\/media?parent=10942"}],"wp:term":[{"taxonomy":"category","embeddable":true,"href":"https:\/\/stoerbikes.com\/de\/wp-json\/wp\/v2\/categories?post=10942"},{"taxonomy":"post_tag","embeddable":true,"href":"https:\/\/stoerbikes.com\/de\/wp-json\/wp\/v2\/tags?post=10942"}],"curies":[{"name":"wp","href":"https:\/\/api.w.org\/{rel}","templated":true}]}}