{"id":10940,"date":"2026-07-18T14:45:00","date_gmt":"2026-07-18T12:45:00","guid":{"rendered":"https:\/\/stoerbikes.com\/nl\/?p=10940"},"modified":"2026-08-12T11:18:58","modified_gmt":"2026-08-12T09:18:58","slug":"regeln-fur-die-mitnahme-von-lastenfahrradern-im-zug-eine-erlauterung","status":"publish","type":"post","link":"https:\/\/stoerbikes.com\/de\/bakfiets-meenemen-in-de-trein-regels-uitgelegd\/","title":{"rendered":"Regeln f\u00fcr die Mitnahme von Lastenfahrr\u00e4dern im Zug \u2013 eine Erl\u00e4uterung"},"content":{"rendered":"<h1>Regeln f\u00fcr die Mitnahme von Lastenfahrr\u00e4dern im Zug \u2013 eine Erl\u00e4uterung<\/h1>\n<p>Du hast deine Route durch die Stadt perfekt ausgearbeitet, doch dann stellt sich die Frage: Kannst du mit einem Lastenfahrrad auch noch schnell in den Zug einsteigen? F\u00fcr Eltern mit Kindern, Pendler mit einer Ladung voller Sachen oder Unternehmer, die etwas ausliefern m\u00fcssen, ist das ein bekanntes Dilemma. Die kurze Antwort lautet: Es ist oft schwieriger als mit einem normalen Fahrrad, und \u201cIst das erlaubt?\u201d ist nicht immer dasselbe wie \u201cIst das sinnvoll?\u201d.<\/p>\n<p>In diesem Artikel erf\u00e4hrst du alles \u00fcber die praktischen Vorschriften zu diesem Thema <strong>Regeln f\u00fcr die Mitnahme von Lastenr\u00e4dern im Zug<\/strong>, wo es in der Praxis zu Problemen kommt (Menschenmassen, Aufz\u00fcge, Bahnsteige) und welche Alternativen meist besser funktionieren.<\/p>\n<h2>Warum ein Lastenfahrrad im Zug so ein Sonderfall ist<\/h2>\n<p>Ein Lastenfahrrad ist kein gew\u00f6hnliches Fahrrad. Aufgrund seiner L\u00e4nge, Breite und seines Wendekreises nimmt es schnell mehr Platz ein, als f\u00fcr Zugwagen, G\u00e4nge und T\u00fcren vorgesehen ist.<\/p>\n<p>Deshalb betrachten Verkehrsbetriebe nicht einfach nur \u201cFahrrad = Fahrrad\u201d, sondern achten auch auf Abmessungen, Sicherheit und Verkehrsfluss. Gerade bei einem langen Lastenfahrrad oder einem elektrischen Lastenfahrrad mit schwerer Ladung kann es schnell unhandlich oder unsicher werden.<\/p>\n<h2>Die Grundregeln: Wann darf man ein Fahrrad im Zug mitnehmen?<\/h2>\n<p>In den Niederlanden gilt generell: Ein normales Fahrrad darf in der Regel mitgenommen werden. <em>au\u00dferhalb der Hauptverkehrszeiten<\/em>, mit einem g\u00fcltigen Fahrradfahrschein und nur, wenn es im Zug Platz findet, ohne andere zu behindern. F\u00fcr Lastenfahrr\u00e4der gelten oft zus\u00e4tzliche Einschr\u00e4nkungen oder die Mitnahme wird in der Praxis verweigert.<\/p>\n<p>Die aktuellsten und offiziellen Vorschriften (einschlie\u00dflich Ausnahmen je nach Strecke und Zugtyp) findest du beim Verkehrsunternehmen selbst. Bei der NS kannst du die Richtlinien auf der offiziellen Seite zum Thema Fahrradmitnahme im Zug nachlesen: <a href=\"https:\/\/www.ns.nl\/reisinformatie\/fiets-in-de-trein.html\" rel=\"nofollow\">NS \u2013 Fahrrad im Zug<\/a>.<\/p>\n<h3>Sto\u00dfzeiten: die erste H\u00fcrde<\/h3>\n<p>Zu den Sto\u00dfzeiten ist es in den meisten Z\u00fcgen nicht gestattet, Fahrr\u00e4der mitzunehmen. Die genauen Zeiten k\u00f6nnen je nach Verkehrsunternehmen variieren, aber rechnen Sie an Werktagen mit der Morgen- und Abendspitzenzeit.<\/p>\n<p>F\u00fcr ein Lastenfahrrad ist die Hauptverkehrszeit in der Praxis noch schwieriger: Selbst wenn man au\u00dferhalb der Hauptverkehrszeit unterwegs ist, kann ein Schaffner entscheiden, dass kein Platz ist oder die Sicherheit gef\u00e4hrdet ist.<\/p>\n<h3>Fahrradfahrkarte und Zuschl\u00e4ge<\/h3>\n<p>F\u00fcr ein normales Fahrrad ben\u00f6tigt man in der Regel eine separate Fahrradfahrkarte. Ein Lastenfahrrad f\u00e4llt nicht immer unter dieselbe Kategorie, vor allem nicht, wenn es aufgrund seiner Gr\u00f6\u00dfe nicht als \u201cnormales Fahrrad\u201d angesehen wird.<\/p>\n<p>Gehen Sie also nicht automatisch davon aus, dass ein normales Fahrrad-Ticket ausreicht, um mit einem Lastenfahrrad einsteigen zu d\u00fcrfen.<\/p>\n<h2>Regeln f\u00fcr die Mitnahme von Lastenfahrr\u00e4dern im Zug \u2013 wie sie in der Praxis funktionieren<\/h2>\n<p>Selbst wenn man irgendwo liest, dass es \u201cerlaubt\u201d ist, entscheidet die Praxis dar\u00fcber, ob man es auch wirklich schafft. Man denke nur an Bahnsteige ohne Aufzug, schmale T\u00fcren und einen Zug, der schon halb voll ist.<\/p>\n<p>Folgende Faktoren machen es besonders schwierig:<\/p>\n<ul>\n<li><strong>Breite der T\u00fcren<\/strong> (Einstieg und Drehbewegung).<\/li>\n<li><strong>H\u00f6henunterschied<\/strong> zwischen Bahnsteig und Zug, vor allem mit schweren E-Bike-Lastenr\u00e4dern.<\/li>\n<li><strong>Gangbreite<\/strong> sowie Fahrradstellpl\u00e4tze, die f\u00fcr 1\u20132 Standardfahrr\u00e4der vorgesehen sind.<\/li>\n<li><strong>Trubel auf dem Bahnsteig<\/strong> was es schwierig macht, ohne Risiko zu man\u00f6vrieren.<\/li>\n<\/ul>\n<h3>Wann wird ein Lastenfahrrad in der Regel abgelehnt?<\/h3>\n<p>In folgenden Situationen ist es wahrscheinlicher, dass du nicht mitkommen kannst:<\/p>\n<ul>\n<li>Wenn das Lastenfahrrad nicht durch die T\u00fcr passt, ohne sich zu kippen oder zu verrenken.<\/li>\n<li>Wenn der Fahrradstellplatz bereits belegt ist und du in den Durchgang ger\u00e4tst.<\/li>\n<li>Wenn du mit Kindern in den Beh\u00e4lter steigen m\u00f6chtest (Sicherheitsrisiko).<\/li>\n<li>Wenn du einen Zug mit kurzen Haltezeiten hast, wodurch das Einsteigen zu lange dauert.<\/li>\n<\/ul>\n<p>Eine wichtige Tatsache: Ein Schaffner beurteilt die Situation vor Ort. Das kann von Fahrt zu Fahrt unterschiedlich ausfallen.<\/p>\n<h2>Sicherheit und Haftung: Was passiert, wenn etwas schiefgeht?<\/h2>\n<p>Ein Lastenfahrrad ist schwerer und weist h\u00e4ufig hervorstehende Teile auf (Ladekastenrand, Planenhalterungen, Lenker). Bei einer Notbremsung oder einem Zusammensto\u00df im Einstiegsbereich kann dies zu Sch\u00e4den an Personen oder Sachsch\u00e4den f\u00fchren.<\/p>\n<p>Pr\u00fcfen Sie daher im Voraus, wie Sie gegen Sch\u00e4den und Diebstahl versichert sind, insbesondere wenn Sie h\u00e4ufiger mit einem E-Bike oder Lastenfahrrad unterwegs sind. Auf der Website von STOER Bikes gibt es eine Seite zum Thema <a href=\"https:\/\/stoerbikes.com\/de\/versicherung\/\">Fahrradversicherung f\u00fcr Ihr E-Bike oder Lastenrad<\/a> das dir dabei hilft, die Grundlagen auf den Weg zu bringen.<\/p>\n<h2>Praktische Checkliste vor der Abreise<\/h2>\n<p>Mit dieser Checkliste vermeidest du den klassischen Stress auf dem Bahnsteig. Betrachte sie als einen schnellen Realit\u00e4tscheck, ob es heute wirklich eine gute Idee ist.<\/p>\n<ul>\n<li>Reist du <strong>au\u00dferhalb der Hauptverkehrszeiten<\/strong> gem\u00e4\u00df den Bestimmungen deines Bef\u00f6rderungsunternehmens?<\/li>\n<li>Ist dein Lastenfahrrad <strong>leer<\/strong> oder leicht beladen, damit man es heben und lenken kann?<\/li>\n<li>Wei\u00dft du, ob es an deinem Bahnhof <strong>ein Aufzug<\/strong> Ist das gro\u00df genug?<\/li>\n<li>Hast du ein <strong>Alternativplan<\/strong> Was tun, wenn das Einsteigen nicht klappt (\u00d6PNV-Fahrrad, Taxi, Umsteigen in U-Bahn\/Stra\u00dfenbahn)?<\/li>\n<li>Kannst du bei gro\u00dfem Andrang <strong>einen Zug sp\u00e4ter<\/strong> ... ohne in Schwierigkeiten zu geraten?<\/li>\n<\/ul>\n<h2>Alternativen, die oft besser funktionieren als ein Lastenfahrrad im Zug<\/h2>\n<p>F\u00fcr st\u00e4dtische Familien und Pendler ist der Zug oft nur eine Etappe. Wenn es fraglich ist, ob man das Lastenfahrrad mitnehmen kann, sind dies Optionen, die in der Regel reibungsloser ablaufen.<\/p>\n<h3>1) Stell dein Lastenfahrrad am Bahnhof ab und reise weiter<\/h3>\n<p>Wenn sich dein Weg zur Arbeit oder zur Schule um einen Bahnhof herum abspielt, kann ein fester Abstellplatz oder ein bewachter Fahrradabstellplatz viel \u00c4rger ersparen. Du f\u00e4hrst dann bis zum Bahnhof, stellst dein Fahrrad ab und f\u00e4hrst mit den \u00f6ffentlichen Verkehrsmitteln weiter.<\/p>\n<p>Wer t\u00e4glich mit Kindern und Gep\u00e4ck unterwegs ist, sollte sich nach einem Lastenfahrrad umsehen, das stabil steht und sich in der Stadt angenehm lenken l\u00e4sst. Das <a href=\"https:\/\/stoerbikes.com\/de\/produkt\/cargox\/\">STOER CargoX Lastenfahrrad<\/a> wurde beispielsweise f\u00fcr den intensiven Einsatz in der Stadt und hohe Belastungen entwickelt, was praktisch ist, wenn man die \u201cStationstour\u201d jeden Tag absolviert.<\/p>\n<h3>2) Nimm kein Lastenfahrrad, sondern w\u00e4hle am anderen Ende ein Citybike<\/h3>\n<p>Ein normales Citybike l\u00e4sst sich leichter mitnehmen (und wird h\u00e4ufiger akzeptiert). Wenn es bei deinem Ziel vor allem auf Wendigkeit ankommt, kann ein kompaktes E-Bike oder Citybike praktischer sein als das Lastenrad selbst.<\/p>\n<p>Wenn du nach einer M\u00f6glichkeit suchst, in der Stadt ohne Auto zu wohnen und zur Arbeit zu pendeln, schau dir die Modelle auf der Seite an <a href=\"https:\/\/stoerbikes.com\/de\/fahrrader\/\">alle E-Bikes von STOER Bikes<\/a> und finde heraus, welche Geometrie und Sitzposition am besten zu deinen Fahrten passt.<\/p>\n<h3>3) Plane deine Fahrt so, dass du den Andrang umgehst<\/h3>\n<p>Das Gedr\u00e4nge ist oft das eigentliche Problem, nicht nur die Vorschrift. Ein Lastenfahrrad durch einen \u00fcberf\u00fcllten Zug zu schieben, funktioniert selten gut, selbst au\u00dferhalb der Hauptverkehrszeiten.<\/p>\n<p>Praktische Tipps:<\/p>\n<ul>\n<li>W\u00e4hlen Sie Z\u00fcge mit <strong>ger\u00e4umigerer Einstieg<\/strong> und mehr Fahrradstellpl\u00e4tze (je nach Fahrzeugtyp unterschiedlich).<\/li>\n<li>Vermeiden Sie <strong>Freitagnachmittag<\/strong> und Tage mit Veranstaltungen.<\/li>\n<li>Steigen Sie ein bei einem <strong>ruhigerer Bahnhof<\/strong> eine Haltestelle fr\u00fcher, wenn m\u00f6glich.<\/li>\n<\/ul>\n<h2>H\u00e4ufige Fehler bei der Nutzung von Lastenfahrr\u00e4dern und Z\u00fcgen<\/h2>\n<p>Das sind Fehler, die fast immer zu Unannehmlichkeiten auf dem Bahnsteig oder zu Diskussionen im Zug f\u00fchren.<\/p>\n<ul>\n<li><strong>Mit Kindern in den Wagen einsteigen.<\/strong> Das ist unsicher und wird oft sofort abgelehnt.<\/li>\n<li><strong>Die Ladung an Ort und Stelle belassen.<\/strong> Ein schweres Lastenfahrrad l\u00e4sst sich an Einstiegsschwellen nur schwer lenken.<\/li>\n<li><strong>Zu sp\u00e4t auf dem Bahnsteig ankommen.<\/strong> Du brauchst etwas mehr Zeit, um dich an der richtigen T\u00fcr zu positionieren.<\/li>\n<li><strong>Kein Plan B.<\/strong> Manchmal ist die einzig kluge Entscheidung: nicht mitzumachen und eine andere L\u00f6sung zu w\u00e4hlen.<\/li>\n<\/ul>\n<h2>Was ist, wenn man ein Lastenfahrrad wirklich mit \u00f6ffentlichen Verkehrsmitteln kombinieren muss?<\/h2>\n<p>Wenn es nicht nur darum geht, es \u201ceinmal auszuprobieren\u201d, sondern um eine feste Routine, dann lohnt es sich, anders zu denken: Das Lastenfahrrad ist dein Fortbewegungsmittel in der Stadt, der Zug deine Verbindung zwischen den St\u00e4dten. Das bedeutet in der Regel, dass du das Lastenfahrrad <em>nicht<\/em> mitnimmt, aber geschickt parkt oder ein zweites Fahrrad nutzt.<\/p>\n<p>F\u00fcr Familien kann es hilfreich sein, die Ausstattung des Lastenfahrrads mit Zubeh\u00f6r anzupassen, das den t\u00e4glichen Einsatz in der Stadt erleichtert (Regen, Sicherheit, Gep\u00e4ck). Schauen Sie doch mal bei <a href=\"https:\/\/stoerbikes.com\/de\/shop\/\">Zubeh\u00f6r f\u00fcr Lastenr\u00e4der und E-Bikes<\/a> wenn du deine Fahrten zur Schule, zur Kindertagesst\u00e4tte und zum Bahnhof bequemer gestalten m\u00f6chtest.<\/p>\n<h2>Letzte \u00dcberlegung, bevor du einsteigst<\/h2>\n<p>Der Kern der <strong>Regeln f\u00fcr die Mitnahme von Lastenr\u00e4dern im Zug<\/strong> Das ist ganz einfach: Der Platz und die Sicherheit im Zug bestimmen, was m\u00f6glich ist. Die offiziellen Vorschriften geben den Rahmen vor, aber oft entscheidet die jeweilige Situation (Andrang, Zugtyp, Bahnsteig).<\/p>\n<p>Wenn du deine t\u00e4glichen Fahrten so gestalten m\u00f6chtest, dass du weniger davon abh\u00e4ngig bist, ob \u201ces heute passt\u201d, dann orientiere dich an einer L\u00f6sung, die in der Stadt rund um den Bahnhof gut funktioniert. Auf <a href=\"https:\/\/stoerbikes.com\/de\/#dealers\">STOER Bikes H\u00e4ndler<\/a> Sie k\u00f6nnen eine Probefahrt vereinbaren und pr\u00fcfen, welche L\u00f6sung am besten zu Ihrer Route, Ihrer Ladung und Ihrem Parkplatz passt, ohne dass Sie gleich alles mit dem Zug erledigen m\u00fcssen.<\/p>","protected":false},"excerpt":{"rendered":"<p>Bakfiets meenemen in de trein regels uitgelegd Je hebt je route door de stad perfect uitgedokterd, maar dan komt de vraag: kan je met een bakfiets \u00f3\u00f3k nog even de trein in? Voor ouders met kinderen, forenzen met een bak vol spullen of ondernemers die iets moeten afleveren, is het een herkenbaar dilemma. Het korte [&hellip;]<\/p>\n","protected":false},"author":15,"featured_media":0,"comment_status":"closed","ping_status":"closed","sticky":false,"template":"","format":"standard","meta":{"_acf_changed":false,"footnotes":""},"categories":[1],"tags":[],"class_list":["post-10940","post","type-post","status-publish","format-standard","hentry","category-algemeen"],"acf":[],"yoast_head":"<!-- This site is optimized with the Yoast SEO Premium plugin v28.3 (Yoast SEO v28.3) - https:\/\/yoast.com\/product\/yoast-seo-premium-wordpress\/ -->\n<title>Bakfiets in de trein: mag het en wanneer lukt het?<\/title>\n<meta name=\"description\" content=\"Bakfiets in de trein meenemen: dit zijn de regels, waar het in de praktijk misgaat bij spits, perron en instap, en welke alternatieven beter werken.\" \/>\n<meta name=\"robots\" content=\"index, follow, max-snippet:-1, max-image-preview:large, max-video-preview:-1\" \/>\n<link rel=\"canonical\" href=\"https:\/\/stoerbikes.com\/de\/regeln-fur-die-mitnahme-von-lastenfahrradern-im-zug-eine-erlauterung\/\" \/>\n<meta property=\"og:locale\" content=\"de_DE\" \/>\n<meta property=\"og:type\" content=\"article\" \/>\n<meta property=\"og:title\" content=\"Bakfiets meenemen in de trein regels uitgelegd\" \/>\n<meta property=\"og:description\" content=\"Bakfiets in de trein meenemen: dit zijn de regels, waar het in de praktijk misgaat bij spits, perron en instap, en welke alternatieven beter werken.\" \/>\n<meta property=\"og:url\" content=\"https:\/\/stoerbikes.com\/de\/regeln-fur-die-mitnahme-von-lastenfahrradern-im-zug-eine-erlauterung\/\" \/>\n<meta property=\"og:site_name\" content=\"STOER Bikes\" \/>\n<meta property=\"article:publisher\" content=\"https:\/\/facebook.com\/stoerbikes\" \/>\n<meta property=\"article:published_time\" content=\"2026-07-18T12:45:00+00:00\" \/>\n<meta property=\"article:modified_time\" content=\"2026-08-12T09:18:58+00:00\" \/>\n<meta property=\"og:image\" content=\"https:\/\/stoerbikes.com\/wp-content\/uploads\/2024\/05\/image00001-9-scaled.jpeg\" \/>\n\t<meta property=\"og:image:width\" content=\"2560\" \/>\n\t<meta property=\"og:image:height\" content=\"1708\" \/>\n\t<meta property=\"og:image:type\" content=\"image\/jpeg\" \/>\n<meta name=\"author\" content=\"Authora\" \/>\n<meta name=\"twitter:card\" content=\"summary_large_image\" \/>\n<meta name=\"twitter:label1\" content=\"Verfasst von\" \/>\n\t<meta name=\"twitter:data1\" content=\"Authora\" \/>\n\t<meta name=\"twitter:label2\" content=\"Gesch\u00e4tzte Lesezeit\" \/>\n\t<meta name=\"twitter:data2\" content=\"14\u00a0Minuten\" \/>\n<script type=\"application\/ld+json\" class=\"yoast-schema-graph\">{\"@context\":\"https:\\\/\\\/schema.org\",\"@graph\":[{\"@type\":[\"Article\",\"BlogPosting\"],\"@id\":\"https:\\\/\\\/stoerbikes.com\\\/bakfiets-meenemen-in-de-trein-regels-uitgelegd\\\/#article\",\"isPartOf\":{\"@id\":\"https:\\\/\\\/stoerbikes.com\\\/bakfiets-meenemen-in-de-trein-regels-uitgelegd\\\/\"},\"author\":{\"name\":\"Authora\",\"@id\":\"https:\\\/\\\/stoerbikes.com\\\/#\\\/schema\\\/person\\\/7502f1423bafa2e4416618b40206f8ff\"},\"headline\":\"Bakfiets meenemen in de trein regels uitgelegd\",\"datePublished\":\"2026-07-18T12:45:00+00:00\",\"dateModified\":\"2026-08-12T09:18:58+00:00\",\"mainEntityOfPage\":{\"@id\":\"https:\\\/\\\/stoerbikes.com\\\/bakfiets-meenemen-in-de-trein-regels-uitgelegd\\\/\"},\"wordCount\":1313,\"publisher\":{\"@id\":\"https:\\\/\\\/stoerbikes.com\\\/#organization\"},\"articleSection\":[\"Algemeen\"],\"inLanguage\":\"de\"},{\"@type\":\"WebPage\",\"@id\":\"https:\\\/\\\/stoerbikes.com\\\/bakfiets-meenemen-in-de-trein-regels-uitgelegd\\\/\",\"url\":\"https:\\\/\\\/stoerbikes.com\\\/bakfiets-meenemen-in-de-trein-regels-uitgelegd\\\/\",\"name\":\"Bakfiets in de trein: mag het en wanneer lukt het?\",\"isPartOf\":{\"@id\":\"https:\\\/\\\/stoerbikes.com\\\/#website\"},\"datePublished\":\"2026-07-18T12:45:00+00:00\",\"dateModified\":\"2026-08-12T09:18:58+00:00\",\"description\":\"Bakfiets in de trein meenemen: dit zijn de regels, waar het in de praktijk misgaat bij spits, perron en instap, en welke alternatieven beter werken.\",\"breadcrumb\":{\"@id\":\"https:\\\/\\\/stoerbikes.com\\\/bakfiets-meenemen-in-de-trein-regels-uitgelegd\\\/#breadcrumb\"},\"inLanguage\":\"de\",\"potentialAction\":[{\"@type\":\"ReadAction\",\"target\":[\"https:\\\/\\\/stoerbikes.com\\\/bakfiets-meenemen-in-de-trein-regels-uitgelegd\\\/\"]}]},{\"@type\":\"BreadcrumbList\",\"@id\":\"https:\\\/\\\/stoerbikes.com\\\/bakfiets-meenemen-in-de-trein-regels-uitgelegd\\\/#breadcrumb\",\"itemListElement\":[{\"@type\":\"ListItem\",\"position\":1,\"name\":\"Home\",\"item\":\"https:\\\/\\\/stoerbikes.com\\\/\"},{\"@type\":\"ListItem\",\"position\":2,\"name\":\"Bakfiets meenemen in de trein regels uitgelegd\"}]},{\"@type\":\"WebSite\",\"@id\":\"https:\\\/\\\/stoerbikes.com\\\/#website\",\"url\":\"https:\\\/\\\/stoerbikes.com\\\/\",\"name\":\"STOER Bikes\",\"description\":\"\",\"publisher\":{\"@id\":\"https:\\\/\\\/stoerbikes.com\\\/#organization\"},\"potentialAction\":[{\"@type\":\"SearchAction\",\"target\":{\"@type\":\"EntryPoint\",\"urlTemplate\":\"https:\\\/\\\/stoerbikes.com\\\/?s={search_term_string}\"},\"query-input\":{\"@type\":\"PropertyValueSpecification\",\"valueRequired\":true,\"valueName\":\"search_term_string\"}}],\"inLanguage\":\"de\"},{\"@type\":\"Organization\",\"@id\":\"https:\\\/\\\/stoerbikes.com\\\/#organization\",\"name\":\"STOER Bikes\",\"url\":\"https:\\\/\\\/stoerbikes.com\\\/\",\"logo\":{\"@type\":\"ImageObject\",\"inLanguage\":\"de\",\"@id\":\"https:\\\/\\\/stoerbikes.com\\\/#\\\/schema\\\/logo\\\/image\\\/\",\"url\":\"https:\\\/\\\/stoerbikes.com\\\/wp-content\\\/uploads\\\/2026\\\/01\\\/Logo-STOER.png\",\"contentUrl\":\"https:\\\/\\\/stoerbikes.com\\\/wp-content\\\/uploads\\\/2026\\\/01\\\/Logo-STOER.png\",\"width\":1580,\"height\":303,\"caption\":\"STOER Bikes\"},\"image\":{\"@id\":\"https:\\\/\\\/stoerbikes.com\\\/#\\\/schema\\\/logo\\\/image\\\/\"},\"sameAs\":[\"https:\\\/\\\/facebook.com\\\/stoerbikes\",\"https:\\\/\\\/www.instagram.com\\\/stoerbikes\",\"https:\\\/\\\/www.linkedin.com\\\/company\\\/stoerbikes\\\/\",\"https:\\\/\\\/www.tiktok.com\\\/@stoerbikes\",\"https:\\\/\\\/www.youtube.com\\\/channel\\\/UCMBW5py6Mfoj1GNaRokv17g\"]},{\"@type\":\"Person\",\"@id\":\"https:\\\/\\\/stoerbikes.com\\\/#\\\/schema\\\/person\\\/7502f1423bafa2e4416618b40206f8ff\",\"name\":\"Authora\",\"image\":{\"@type\":\"ImageObject\",\"inLanguage\":\"de\",\"@id\":\"https:\\\/\\\/secure.gravatar.com\\\/avatar\\\/d58fc5f5a46da799c1b1d64215cb0da01fa53300a2b1867b577bac857324b89a?s=96&d=mm&r=g\",\"url\":\"https:\\\/\\\/secure.gravatar.com\\\/avatar\\\/d58fc5f5a46da799c1b1d64215cb0da01fa53300a2b1867b577bac857324b89a?s=96&d=mm&r=g\",\"contentUrl\":\"https:\\\/\\\/secure.gravatar.com\\\/avatar\\\/d58fc5f5a46da799c1b1d64215cb0da01fa53300a2b1867b577bac857324b89a?s=96&d=mm&r=g\",\"caption\":\"Authora\"}}]}<\/script>\n<!-- \/ Yoast SEO Premium plugin. -->","yoast_head_json":{"title":"Lastenfahrrad im Zug: Ist das erlaubt und wann ist das m\u00f6glich?","description":"Transport eines Lastenfahrrads im Zug: Das sind die Regeln, wo es in der Praxis w\u00e4hrend der Hauptverkehrszeit, auf dem Bahnsteig und beim Einsteigen zu Problemen kommt und welche Alternativen besser funktionieren.","robots":{"index":"index","follow":"follow","max-snippet":"max-snippet:-1","max-image-preview":"max-image-preview:large","max-video-preview":"max-video-preview:-1"},"canonical":"https:\/\/stoerbikes.com\/de\/regeln-fur-die-mitnahme-von-lastenfahrradern-im-zug-eine-erlauterung\/","og_locale":"de_DE","og_type":"article","og_title":"Bakfiets meenemen in de trein regels uitgelegd","og_description":"Bakfiets in de trein meenemen: dit zijn de regels, waar het in de praktijk misgaat bij spits, perron en instap, en welke alternatieven beter werken.","og_url":"https:\/\/stoerbikes.com\/de\/regeln-fur-die-mitnahme-von-lastenfahrradern-im-zug-eine-erlauterung\/","og_site_name":"STOER Bikes","article_publisher":"https:\/\/facebook.com\/stoerbikes","article_published_time":"2026-07-18T12:45:00+00:00","article_modified_time":"2026-08-12T09:18:58+00:00","og_image":[{"width":2560,"height":1708,"url":"https:\/\/stoerbikes.com\/wp-content\/uploads\/2024\/05\/image00001-9-scaled.jpeg","type":"image\/jpeg"}],"author":"Authora","twitter_card":"summary_large_image","twitter_misc":{"Verfasst von":"Authora","Gesch\u00e4tzte Lesezeit":"14\u00a0Minuten"},"schema":{"@context":"https:\/\/schema.org","@graph":[{"@type":["Article","BlogPosting"],"@id":"https:\/\/stoerbikes.com\/bakfiets-meenemen-in-de-trein-regels-uitgelegd\/#article","isPartOf":{"@id":"https:\/\/stoerbikes.com\/bakfiets-meenemen-in-de-trein-regels-uitgelegd\/"},"author":{"name":"Authora","@id":"https:\/\/stoerbikes.com\/#\/schema\/person\/7502f1423bafa2e4416618b40206f8ff"},"headline":"Bakfiets meenemen in de trein regels uitgelegd","datePublished":"2026-07-18T12:45:00+00:00","dateModified":"2026-08-12T09:18:58+00:00","mainEntityOfPage":{"@id":"https:\/\/stoerbikes.com\/bakfiets-meenemen-in-de-trein-regels-uitgelegd\/"},"wordCount":1313,"publisher":{"@id":"https:\/\/stoerbikes.com\/#organization"},"articleSection":["Algemeen"],"inLanguage":"de"},{"@type":"WebPage","@id":"https:\/\/stoerbikes.com\/bakfiets-meenemen-in-de-trein-regels-uitgelegd\/","url":"https:\/\/stoerbikes.com\/bakfiets-meenemen-in-de-trein-regels-uitgelegd\/","name":"Lastenfahrrad im Zug: Ist das erlaubt und wann ist das m\u00f6glich?","isPartOf":{"@id":"https:\/\/stoerbikes.com\/#website"},"datePublished":"2026-07-18T12:45:00+00:00","dateModified":"2026-08-12T09:18:58+00:00","description":"Transport eines Lastenfahrrads im Zug: Das sind die Regeln, wo es in der Praxis w\u00e4hrend der Hauptverkehrszeit, auf dem Bahnsteig und beim Einsteigen zu Problemen kommt und welche Alternativen besser funktionieren.","breadcrumb":{"@id":"https:\/\/stoerbikes.com\/bakfiets-meenemen-in-de-trein-regels-uitgelegd\/#breadcrumb"},"inLanguage":"de","potentialAction":[{"@type":"ReadAction","target":["https:\/\/stoerbikes.com\/bakfiets-meenemen-in-de-trein-regels-uitgelegd\/"]}]},{"@type":"BreadcrumbList","@id":"https:\/\/stoerbikes.com\/bakfiets-meenemen-in-de-trein-regels-uitgelegd\/#breadcrumb","itemListElement":[{"@type":"ListItem","position":1,"name":"Home","item":"https:\/\/stoerbikes.com\/"},{"@type":"ListItem","position":2,"name":"Bakfiets meenemen in de trein regels uitgelegd"}]},{"@type":"WebSite","@id":"https:\/\/stoerbikes.com\/#website","url":"https:\/\/stoerbikes.com\/","name":"STOER Fahrr\u00e4der","description":"","publisher":{"@id":"https:\/\/stoerbikes.com\/#organization"},"potentialAction":[{"@type":"SearchAction","target":{"@type":"EntryPoint","urlTemplate":"https:\/\/stoerbikes.com\/?s={search_term_string}"},"query-input":{"@type":"PropertyValueSpecification","valueRequired":true,"valueName":"search_term_string"}}],"inLanguage":"de"},{"@type":"Organization","@id":"https:\/\/stoerbikes.com\/#organization","name":"STOER Fahrr\u00e4der","url":"https:\/\/stoerbikes.com\/","logo":{"@type":"ImageObject","inLanguage":"de","@id":"https:\/\/stoerbikes.com\/#\/schema\/logo\/image\/","url":"https:\/\/stoerbikes.com\/wp-content\/uploads\/2026\/01\/Logo-STOER.png","contentUrl":"https:\/\/stoerbikes.com\/wp-content\/uploads\/2026\/01\/Logo-STOER.png","width":1580,"height":303,"caption":"STOER Bikes"},"image":{"@id":"https:\/\/stoerbikes.com\/#\/schema\/logo\/image\/"},"sameAs":["https:\/\/facebook.com\/stoerbikes","https:\/\/www.instagram.com\/stoerbikes","https:\/\/www.linkedin.com\/company\/stoerbikes\/","https:\/\/www.tiktok.com\/@stoerbikes","https:\/\/www.youtube.com\/channel\/UCMBW5py6Mfoj1GNaRokv17g"]},{"@type":"Person","@id":"https:\/\/stoerbikes.com\/#\/schema\/person\/7502f1423bafa2e4416618b40206f8ff","name":"Authora","image":{"@type":"ImageObject","inLanguage":"de","@id":"https:\/\/secure.gravatar.com\/avatar\/d58fc5f5a46da799c1b1d64215cb0da01fa53300a2b1867b577bac857324b89a?s=96&d=mm&r=g","url":"https:\/\/secure.gravatar.com\/avatar\/d58fc5f5a46da799c1b1d64215cb0da01fa53300a2b1867b577bac857324b89a?s=96&d=mm&r=g","contentUrl":"https:\/\/secure.gravatar.com\/avatar\/d58fc5f5a46da799c1b1d64215cb0da01fa53300a2b1867b577bac857324b89a?s=96&d=mm&r=g","caption":"Authora"}}]}},"_links":{"self":[{"href":"https:\/\/stoerbikes.com\/de\/wp-json\/wp\/v2\/posts\/10940","targetHints":{"allow":["GET"]}}],"collection":[{"href":"https:\/\/stoerbikes.com\/de\/wp-json\/wp\/v2\/posts"}],"about":[{"href":"https:\/\/stoerbikes.com\/de\/wp-json\/wp\/v2\/types\/post"}],"author":[{"embeddable":true,"href":"https:\/\/stoerbikes.com\/de\/wp-json\/wp\/v2\/users\/15"}],"replies":[{"embeddable":true,"href":"https:\/\/stoerbikes.com\/de\/wp-json\/wp\/v2\/comments?post=10940"}],"version-history":[{"count":2,"href":"https:\/\/stoerbikes.com\/de\/wp-json\/wp\/v2\/posts\/10940\/revisions"}],"predecessor-version":[{"id":11088,"href":"https:\/\/stoerbikes.com\/de\/wp-json\/wp\/v2\/posts\/10940\/revisions\/11088"}],"wp:attachment":[{"href":"https:\/\/stoerbikes.com\/de\/wp-json\/wp\/v2\/media?parent=10940"}],"wp:term":[{"taxonomy":"category","embeddable":true,"href":"https:\/\/stoerbikes.com\/de\/wp-json\/wp\/v2\/categories?post=10940"},{"taxonomy":"post_tag","embeddable":true,"href":"https:\/\/stoerbikes.com\/de\/wp-json\/wp\/v2\/tags?post=10940"}],"curies":[{"name":"wp","href":"https:\/\/api.w.org\/{rel}","templated":true}]}}