{"id":10934,"date":"2026-07-17T16:00:00","date_gmt":"2026-07-17T14:00:00","guid":{"rendered":"https:\/\/stoerbikes.com\/nl\/?p=10934"},"modified":"2026-07-22T12:03:50","modified_gmt":"2026-07-22T10:03:50","slug":"das-lastenfahrrad-ohne-grosen-aufwand-im-aufzug-mitnehmen","status":"publish","type":"post","link":"https:\/\/stoerbikes.com\/de\/bakfiets-in-de-lift-meenemen-zonder-gedoe\/","title":{"rendered":"Das Lastenfahrrad ohne gro\u00dfen Aufwand im Aufzug mitnehmen"},"content":{"rendered":"<p>Du wohnst in einer Wohnung, hast keinen Abstellraum im Erdgeschoss und der Eingangsbereich ist gerade zu eng, um ein Lastenfahrrad \u201cmal kurz\u201d abzustellen. Da stellt sich nat\u00fcrlich die Frage: Kann man ein <strong>das Lastenfahrrad im Aufzug mitnehmen<\/strong> Und wie macht man das sicher, ohne den Aufzug, das Fahrrad oder die Nachbarn zu besch\u00e4digen?<\/p>\n<p>Oft ist es durchaus m\u00f6glich, erfordert jedoch Messungen, Planung und eine feste Routine. Im Folgenden findest du praktische Anleitungen zu Abmessungen, Gewicht, Man\u00f6vrieren und dem Umgang mit engen Aufz\u00fcgen in st\u00e4dtischen Geb\u00e4uden.<\/p>\n<h2>Ab wann ist ein Lastenfahrrad realistisch?<\/h2>\n<p>Eine Fahrt mit dem Lastenfahrrad im Aufzug ist vor allem in Geb\u00e4uden mit einem ger\u00e4umigen Personenaufzug oder einem (kleinen) Lastenaufzug m\u00f6glich. In \u00e4lteren Wohnblocks mit Vorbau und einer schmalen Aufzugskabine ist dies schwieriger, insbesondere bei einem langen Ladekasten oder einer breiten Lenkerbreite.<\/p>\n<p>Ber\u00fccksichtige auch den Alltag: Du machst das nicht nur einmal, sondern vielleicht zweimal am Tag. Da kommt es nicht nur darauf an, ob \u201ces passt\u201d, sondern auch, ob \u201ces angenehm und gut zu handhaben ist\u201d.<\/p>\n<ul>\n<li><strong>Gut machbar<\/strong>: Aufzug mit breiter T\u00fcr, ausreichender Kabinentiefe und flachen Schwellen.<\/li>\n<li><strong>Grenzfall<\/strong>: Der Aufzug passt gerade so, aber nur, wenn man ihn dreht und genau ausrichtet.<\/li>\n<li><strong>Nicht n\u00fctzlich<\/strong>: schmale T\u00fcr, hohe Schwelle, scharfe Kurve direkt vor dem Aufzug.<\/li>\n<\/ul>\n<h2>Ma\u00dfplan: Das musst du vorher ausmessen<\/h2>\n<p>Messen erspart \u00c4rger in der Halle. Nehmen Sie ein Ma\u00dfband zur Hand und notieren Sie alles. Messen Sie lieber zweimal, als einmal zu optimistisch zu sein.<\/p>\n<h3>1) Aufzugst\u00fcr und Durchg\u00e4nge<\/h3>\n<p>Die Aufzugst\u00fcr ist oft der Engpass. Nicht nur die Breite, sondern auch der Freiraum um sie herum ist wichtig.<\/p>\n<ul>\n<li><strong>T\u00fcrbreite<\/strong> (Lichte \u00d6ffnung, nicht die Rahmenma\u00dfe).<\/li>\n<li><strong>H\u00f6he der Schwelle<\/strong> und ob es eine schr\u00e4ge Rampe gibt.<\/li>\n<li><strong>Raum vor der T\u00fcr<\/strong>: Kann man geradeaus fahren oder muss man sofort abbiegen?<\/li>\n<li><strong>Gangbreite<\/strong> Richtung Aufzug und eventuelle Kurven.<\/li>\n<\/ul>\n<h3>2) Aufzugskabine: Breite, Tiefe und Winkelraum<\/h3>\n<p>Viele Aufz\u00fcge sind rechteckig. Dein Lastenfahrrad muss nicht nur \u201chineinpassen\u201d, man muss auch noch die T\u00fcr schlie\u00dfen k\u00f6nnen.<\/p>\n<ul>\n<li><strong>Korbh\u00f6he<\/strong>: von der T\u00fcr bis zur R\u00fcckwand.<\/li>\n<li><strong>K\u00e4figbreite<\/strong>: von Seitenwand zu Seitenwand.<\/li>\n<li><strong>Eckraum<\/strong>: Kann man die Vorderseite schr\u00e4g stellen, wenn sie geradeaus nicht passt?<\/li>\n<\/ul>\n<h3>3) Fahrradma\u00dfe, die den Unterschied ausmachen<\/h3>\n<p>Nicht jedes Ma\u00df ist gleicherma\u00dfen relevant. Bei Liften kommt es vor allem auf die L\u00e4nge (der Kabine), die Lenkbreite und den Wendekreis an.<\/p>\n<ul>\n<li><strong>Gesamtl\u00e4nge<\/strong> vom Lastenfahrrad.<\/li>\n<li><strong>Breite des Lenkers<\/strong> (sowie Spiegel\/Griffe, sofern diese hervorstehen).<\/li>\n<li><strong>Breite des Beh\u00e4lters<\/strong> einschlie\u00dflich Rahmen oder Zubeh\u00f6r.<\/li>\n<li><strong>Wendekreis<\/strong> Im Flur: Wie viel Platz hast du zum \u201cEinr\u00e4umen\u201d?<\/li>\n<\/ul>\n<p>Tipp: Markieren Sie mit Klebeband auf dem Boden Ihres Flurs oder Abstellraums ein Rechteck in den Abmessungen der Aufzugskabine. So k\u00f6nnen Sie schon zu Hause ausprobieren, wie Sie sich drehen m\u00fcssen.<\/p>\n<h2>Gewicht und Tragf\u00e4higkeit: Worauf muss man achten?<\/h2>\n<p>Ein Elektro-Lastenfahrrad ist schwerer als ein Citybike. Beim Transport im Aufzug kommt es nicht nur auf deine Kraft an, sondern auch auf die maximale Tragkraft des Aufzugs. Diese ist in der Regel auf einem Schild im Aufzug angegeben (zum Beispiel 400 kg oder 630 kg).<\/p>\n<p>Ber\u00fccksichtigen Sie die Gesamtlast: Fahrrad + Sie selbst + eventuelles Gep\u00e4ck. Nehmen Sie keine Kinder oder schwere Eink\u00e4ufe in den Korb im Aufzug mit; das erschwert das Man\u00f6vrieren und ist unsicherer.<\/p>\n<h3>Praktische Faustregeln<\/h3>\n<ul>\n<li>Los <strong>nur<\/strong> Mit dem Lastenfahrrad in den Aufzug, wenn du dich eng drehen musst.<\/li>\n<li>Holen <strong>Einzelne T\u00fcten<\/strong> aus der Halterung nehmen, bevor du mit dem Man\u00f6vrieren beginnst.<\/li>\n<li>Verwenden Sie <strong>niedrige Geschwindigkeit<\/strong> und verhindern Sie, dass das Fahrrad auf einem leicht geneigten Boden \u201cwegrollt\u201d.<\/li>\n<\/ul>\n<p>M\u00f6chtest du wissen, wie Aufz\u00fcge in Wohngeb\u00e4uden hinsichtlich Sicherheit und Nutzung konzipiert werden? Die grundlegenden Vorschriften zu Aufz\u00fcgen und Sicherheit findest du bei der niederl\u00e4ndischen Beh\u00f6rde (Inspectie SZW): <a href=\"https:\/\/www.nlarbeidsinspectie.nl\/onderwerpen\/liften\" rel=\"nofollow\">https:\/\/www.nlarbeidsinspectie.nl\/onderwerpen\/liften<\/a>.<\/p>\n<h2>Schritt f\u00fcr Schritt: Das Lastenfahrrad sicher in den Aufzug hinein- und herausfahren<\/h2>\n<p>Die gr\u00f6\u00dften Fehler passieren meist in den ersten 30 Sekunden: Einfahren, Drehpunkt und Schwelle. Mit einer festen Abfolge beh\u00e4ltst du die Kontrolle.<\/p>\n<h3>Bevor du einsteigst<\/h3>\n<ul>\n<li>Stelle die <strong>Unterst\u00fctzung<\/strong> (Standard) vollst\u00e4ndig einklappen und nichts ausklappen, was sich verhaken k\u00f6nnte.<\/li>\n<li>\u00dcberpr\u00fcfe, ob du <strong>Lenkrad geradeaus<\/strong> steht und die Pedale nicht hervorstehen.<\/li>\n<li>Starte den Motor <strong>aus<\/strong> wenn du keine Laufhilfe ben\u00f6tigst.<\/li>\n<li>Verwenden Sie die <strong>Vorderradbremse<\/strong> als \u2018Anker\u2019, wenn man an einer Schwelle stehen bleibt.<\/li>\n<\/ul>\n<h3>Einstecken: die stabilste Methode<\/h3>\n<p>In den meisten Aufz\u00fcgen funktioniert das \u201cR\u00fcckw\u00e4rts-Einfahren\u201d besser, da man beim Aussteigen dann vorw\u00e4rts fahren kann und eine bessere Sicht hat. Das erspart Stress in Sto\u00dfzeiten.<\/p>\n<ul>\n<li>Fahren Sie bis kurz vor die T\u00fcr\u00f6ffnung und <strong>Halte das Fahrrad an<\/strong> mit der Vorderradbremse.<\/li>\n<li>Schieb das Lastenfahrrad <strong>r\u00fcckw\u00e4rts<\/strong> Steig in den Aufzug ein, wobei deine H\u00fcfte neben dem Sattel bleibt, um die Kontrolle zu behalten.<\/li>\n<li>Drehen Sie den Lenker ein wenig schr\u00e4g, um die <strong>Lenkerbreite<\/strong> geschickt zu positionieren.<\/li>\n<li>Parken Sie bei Bedarf schr\u00e4g, aber achten Sie darauf, dass die <strong>T\u00fcr frei<\/strong> kann schlie\u00dfen.<\/li>\n<\/ul>\n<h3>Aussteigen<\/h3>\n<ul>\n<li>Warten Sie, bis die T\u00fcr vollst\u00e4ndig ge\u00f6ffnet ist.<\/li>\n<li>Reihe <strong>vorw\u00e4rts<\/strong> aus dem Aufzug, ruhig und gerade \u00fcber die Schwelle.<\/li>\n<li>Halten Sie erst hinter der Schwelle an; so verhindern Sie, dass sich ein Rad verf\u00e4ngt.<\/li>\n<\/ul>\n<h2>H\u00e4ufige Probleme und schnelle L\u00f6sungen<\/h2>\n<h3>Die Aufzugst\u00fcr schlie\u00dft zu schnell<\/h3>\n<p>Wenn Sie oft knapp an Zeit sind, fragen Sie die Eigent\u00fcmergemeinschaft oder den Verwalter, ob sich die \u00d6ffnungsverz\u00f6gerung einstellen l\u00e4sst. Manchmal reicht schon eine kleine Anpassung.<\/p>\n<h3>Man bleibt mit dem Lenker oder dem Rand der Box h\u00e4ngen<\/h3>\n<p>Entfernen oder versetzen Sie Zubeh\u00f6rteile, die die Breite vergr\u00f6\u00dfern, wie beispielsweise hervorstehende Spiegel oder breite Griffverl\u00e4ngerungen. Achten Sie au\u00dferdem darauf, dass ein Kindersitz auf dem R\u00fccksitz den Wendekreis nicht beeintr\u00e4chtigt.<\/p>\n<h3>Der Boden ist glatt oder leicht geneigt<\/h3>\n<p>Verwenden Sie die Bremsen als \u2018Parkhilfe\u2019 und lassen Sie das Lastenfahrrad niemals in einem offenen Aufzug los. Schon ein geringes Rollmoment kann ausreichen, um gegen die Wand zu sto\u00dfen.<\/p>\n<h2>Sch\u00fctze deinen Aufzug und dein Lastenfahrrad<\/h2>\n<p>In einem Mehrfamilienhaus m\u00f6chte man keine Diskussionen \u00fcber Kratzer und Sto\u00dfsch\u00e4den. Mit einfachen Schutzma\u00dfnahmen lassen sich Risiken minimieren.<\/p>\n<ul>\n<li><strong>Rahmenschutz<\/strong> oder eine weiche Sto\u00dfleiste an den Kontaktstellen.<\/li>\n<li><strong>Backrandschutz<\/strong> wenn du in engen Kurven oft an W\u00e4nden entlangschleifst.<\/li>\n<li><strong>Gummimatte<\/strong> im Lift (nur wenn das erlaubt ist) f\u00fcr Grip und D\u00e4mpfung.<\/li>\n<\/ul>\n<p>Tipp: Auf der Seite mit \u2026 erf\u00e4hrst du, welches Zubeh\u00f6r f\u00fcr den t\u00e4glichen Stadtgebrauch praktisch ist. <a href=\"https:\/\/stoerbikes.com\/de\/shop\/\">Zubeh\u00f6r f\u00fcr dein Lastenfahrrad<\/a>.<\/p>\n<h2>Was, wenn es gerade so passt: Mach es dir leichter<\/h2>\n<p>Wenn der Lift gerade gro\u00df genug ist, kommt es vor allem auf Routine und kleine Verbesserungen an. Denk daran, wo du deine H\u00e4nde platzierst, wie du den Lenker neigst und wie du das Fahrrad mit der Bremse \u201cfesth\u00e4ltst\u201d.<\/p>\n<h3>Checkliste f\u00fcr deine t\u00e4gliche Fahrt<\/h3>\n<ul>\n<li>Beh\u00e4lter leer oder Gegenst\u00e4nde niedrig gestapelt<\/li>\n<li>Lenke in den besten Winkel zum Einlenken<\/li>\n<li>Bei Schwellen die Vorderbremse bet\u00e4tigen<\/li>\n<li>Keine Fahrg\u00e4ste in der Aufzugskabine<\/li>\n<li>Ruhiges Tempo, in engen R\u00e4umen keine Motorleistung einsetzen<\/li>\n<\/ul>\n<h2>Welches Lastenfahrrad ist sinnvoll, wenn man oft mit dem Auto mitf\u00e4hrt?<\/h2>\n<p>Nicht jedes Lastenfahrrad eignet sich gleicherma\u00dfen f\u00fcr den Einsatz im Aufzug. Wenn du dies t\u00e4glich tun musst, solltest du bei deiner Wahl besonders auf Wendigkeit, Beleuchtung (f\u00fcr dunkle Eingangsbereiche) und darauf achten, wie \u201cruhig\u201d sich das Fahrrad bei niedriger Geschwindigkeit lenken l\u00e4sst.<\/p>\n<p>F\u00fcr Familien und den Einsatz in der Stadt empfiehlt es sich, ein Modell in Betracht zu ziehen, bei dem Stabilit\u00e4t und Kontrolle im Vordergrund stehen, wie beispielsweise das <a href=\"https:\/\/stoerbikes.com\/de\/produkt\/cargox\/\">STOER CargoX Lastenfahrrad<\/a>. Nicht, weil ein Aufzug pl\u00f6tzlich gr\u00f6\u00dfer wird, sondern weil vorhersehbares Lenken und kr\u00e4ftiges Bremsen das Man\u00f6vrieren auf engstem Raum erleichtern.<\/p>\n<p>Sie nutzen keinen Kinderwagen, m\u00f6chten aber ein kompaktes E-Bike f\u00fcr einen liftfreundlicheren Alltag in der Stadt? Dann schauen Sie sich auch das <a href=\"https:\/\/stoerbikes.com\/de\/produkt\/cityx\/\">CityX E-Bike<\/a> als Alternative f\u00fcr den Weg zur Arbeit und zum Einkaufen.<\/p>\n<h2>Versicherung und Schadensf\u00e4lle: K\u00fcmmern Sie sich darum, bevor etwas schiefgeht<\/h2>\n<p>Ein kleiner Sto\u00df gegen die Aufzugswand ist oft nur ein Sch\u00f6nheitsfehler. Ein Sturz im Eingangsbereich kann hingegen teurer werden. Denken Sie dabei an Sch\u00e4den an Ihrem Fahrrad, aber auch an der Umgebung oder an Dritten.<\/p>\n<p>Pr\u00fcfen Sie daher, was abgedeckt ist und was nicht. Auf der Website finden Sie Erl\u00e4uterungen zu <a href=\"https:\/\/stoerbikes.com\/de\/versicherung\/\">Versicherung und Versicherungsschutz f\u00fcr Lastenfahrr\u00e4der<\/a>, damit du nicht erst nach einem Vorfall herausfindest, wie die Lage ist.<\/p>\n<h2>Wenn es wirklich nicht geht: drei praktische Alternativen<\/h2>\n<p>Manchmal ist der Aufzug einfach zu klein oder der Weg dorthin zu umst\u00e4ndlich. Dann kannst du dir trotzdem eine L\u00f6sung \u00e0 la Lastenfahrrad organisieren.<\/p>\n<ul>\n<li><strong>Stall im Erdgeschoss<\/strong>: Treffen Sie mit der Eigent\u00fcmergemeinschaft Vereinbarungen \u00fcber einen festen Stellplatz mit B\u00fcgelschloss.<\/li>\n<li><strong>Umstieg auf ein kompakteres Modell<\/strong>: Ein City-E-Bike f\u00fcr den t\u00e4glichen Gebrauch und gelegentlich als Mitfahr-Lastenfahrrad oder f\u00fcr Lieferdienste.<\/li>\n<li><strong>Logistik anpassen<\/strong>: Schwere Eink\u00e4ufe liefern lassen und das Fahrrad vor allem f\u00fcr Kinder und kurze Strecken nutzen.<\/li>\n<\/ul>\n<p>Sind Sie sich nicht sicher, ob Ihr Flur und Ihr Aufzug daf\u00fcr geeignet sind, oder w\u00fcnschen Sie eine Beratung, welche Konfiguration in Ihrem Geb\u00e4ude am besten funktioniert? Sehen Sie sich die Modelle unter <a href=\"https:\/\/stoerbikes.com\/de\/fahrrader\/\">alle STOER Fahrr\u00e4der<\/a> Wenden Sie sich anschlie\u00dfend ganz unverbindlich an einen H\u00e4ndler, um eine konkrete Einsch\u00e4tzung Ihrer individuellen Situation zu erhalten.<\/p>","protected":false},"excerpt":{"rendered":"<p>Je woont in een appartement, je hebt geen schuur op de begane grond en de entree is net te krap om een bakfiets \u201ceven\u201d te parkeren. Dan komt de vraag vanzelf: kun je een bakfiets in de lift meenemen en hoe doe je dat veilig, zonder schade aan lift, fiets of buren? Het kan vaak [&hellip;]<\/p>\n","protected":false},"author":15,"featured_media":0,"comment_status":"closed","ping_status":"closed","sticky":false,"template":"","format":"standard","meta":{"_acf_changed":false,"footnotes":""},"categories":[1],"tags":[],"class_list":["post-10934","post","type-post","status-publish","format-standard","hentry","category-algemeen"],"acf":[],"yoast_head":"<!-- This site is optimized with the Yoast SEO Premium plugin v28.3 (Yoast SEO v28.3) - https:\/\/yoast.com\/product\/yoast-seo-premium-wordpress\/ -->\n<title>Bakfiets in de lift: veilig meten, tillen en manoeuvreren - STOER Bikes<\/title>\n<meta name=\"description\" content=\"Woon je in een appartement? Zo krijg je een bakfiets in de lift veilig mee, met meetplan, stappenplan en tips tegen schade.\" \/>\n<meta name=\"robots\" content=\"index, follow, max-snippet:-1, max-image-preview:large, max-video-preview:-1\" \/>\n<link rel=\"canonical\" href=\"https:\/\/stoerbikes.com\/de\/das-lastenfahrrad-ohne-grosen-aufwand-im-aufzug-mitnehmen\/\" \/>\n<meta property=\"og:locale\" content=\"de_DE\" \/>\n<meta property=\"og:type\" content=\"article\" \/>\n<meta property=\"og:title\" content=\"Bakfiets in de lift meenemen zonder gedoe\" \/>\n<meta property=\"og:description\" content=\"Woon je in een appartement? Zo krijg je een bakfiets in de lift veilig mee, met meetplan, stappenplan en tips tegen schade.\" \/>\n<meta property=\"og:url\" content=\"https:\/\/stoerbikes.com\/de\/das-lastenfahrrad-ohne-grosen-aufwand-im-aufzug-mitnehmen\/\" \/>\n<meta property=\"og:site_name\" content=\"STOER Bikes\" \/>\n<meta property=\"article:publisher\" content=\"https:\/\/facebook.com\/stoerbikes\" \/>\n<meta property=\"article:published_time\" content=\"2026-07-17T14:00:00+00:00\" \/>\n<meta property=\"article:modified_time\" content=\"2026-07-22T10:03:50+00:00\" \/>\n<meta property=\"og:image\" content=\"https:\/\/stoerbikes.com\/wp-content\/uploads\/2024\/05\/image00001-9-scaled.jpeg\" \/>\n\t<meta property=\"og:image:width\" content=\"2560\" \/>\n\t<meta property=\"og:image:height\" content=\"1708\" \/>\n\t<meta property=\"og:image:type\" content=\"image\/jpeg\" \/>\n<meta name=\"author\" content=\"Authora\" \/>\n<meta name=\"twitter:card\" content=\"summary_large_image\" \/>\n<meta name=\"twitter:label1\" content=\"Verfasst von\" \/>\n\t<meta name=\"twitter:data1\" content=\"Authora\" \/>\n\t<meta name=\"twitter:label2\" content=\"Gesch\u00e4tzte Lesezeit\" \/>\n\t<meta name=\"twitter:data2\" content=\"8\u00a0Minuten\" \/>\n<script type=\"application\/ld+json\" class=\"yoast-schema-graph\">{\"@context\":\"https:\\\/\\\/schema.org\",\"@graph\":[{\"@type\":[\"Article\",\"BlogPosting\"],\"@id\":\"https:\\\/\\\/stoerbikes.com\\\/bakfiets-in-de-lift-meenemen-zonder-gedoe\\\/#article\",\"isPartOf\":{\"@id\":\"https:\\\/\\\/stoerbikes.com\\\/bakfiets-in-de-lift-meenemen-zonder-gedoe\\\/\"},\"author\":{\"name\":\"Authora\",\"@id\":\"https:\\\/\\\/stoerbikes.com\\\/#\\\/schema\\\/person\\\/7502f1423bafa2e4416618b40206f8ff\"},\"headline\":\"Bakfiets in de lift meenemen zonder gedoe\",\"datePublished\":\"2026-07-17T14:00:00+00:00\",\"dateModified\":\"2026-07-22T10:03:50+00:00\",\"mainEntityOfPage\":{\"@id\":\"https:\\\/\\\/stoerbikes.com\\\/bakfiets-in-de-lift-meenemen-zonder-gedoe\\\/\"},\"wordCount\":1321,\"publisher\":{\"@id\":\"https:\\\/\\\/stoerbikes.com\\\/#organization\"},\"articleSection\":[\"Algemeen\"],\"inLanguage\":\"de\"},{\"@type\":\"WebPage\",\"@id\":\"https:\\\/\\\/stoerbikes.com\\\/bakfiets-in-de-lift-meenemen-zonder-gedoe\\\/\",\"url\":\"https:\\\/\\\/stoerbikes.com\\\/bakfiets-in-de-lift-meenemen-zonder-gedoe\\\/\",\"name\":\"Bakfiets in de lift: veilig meten, tillen en manoeuvreren - STOER Bikes\",\"isPartOf\":{\"@id\":\"https:\\\/\\\/stoerbikes.com\\\/#website\"},\"datePublished\":\"2026-07-17T14:00:00+00:00\",\"dateModified\":\"2026-07-22T10:03:50+00:00\",\"description\":\"Woon je in een appartement? Zo krijg je een bakfiets in de lift veilig mee, met meetplan, stappenplan en tips tegen schade.\",\"breadcrumb\":{\"@id\":\"https:\\\/\\\/stoerbikes.com\\\/bakfiets-in-de-lift-meenemen-zonder-gedoe\\\/#breadcrumb\"},\"inLanguage\":\"de\",\"potentialAction\":[{\"@type\":\"ReadAction\",\"target\":[\"https:\\\/\\\/stoerbikes.com\\\/bakfiets-in-de-lift-meenemen-zonder-gedoe\\\/\"]}]},{\"@type\":\"BreadcrumbList\",\"@id\":\"https:\\\/\\\/stoerbikes.com\\\/bakfiets-in-de-lift-meenemen-zonder-gedoe\\\/#breadcrumb\",\"itemListElement\":[{\"@type\":\"ListItem\",\"position\":1,\"name\":\"Home\",\"item\":\"https:\\\/\\\/stoerbikes.com\\\/\"},{\"@type\":\"ListItem\",\"position\":2,\"name\":\"Bakfiets in de lift meenemen zonder gedoe\"}]},{\"@type\":\"WebSite\",\"@id\":\"https:\\\/\\\/stoerbikes.com\\\/#website\",\"url\":\"https:\\\/\\\/stoerbikes.com\\\/\",\"name\":\"STOER Bikes\",\"description\":\"\",\"publisher\":{\"@id\":\"https:\\\/\\\/stoerbikes.com\\\/#organization\"},\"potentialAction\":[{\"@type\":\"SearchAction\",\"target\":{\"@type\":\"EntryPoint\",\"urlTemplate\":\"https:\\\/\\\/stoerbikes.com\\\/?s={search_term_string}\"},\"query-input\":{\"@type\":\"PropertyValueSpecification\",\"valueRequired\":true,\"valueName\":\"search_term_string\"}}],\"inLanguage\":\"de\"},{\"@type\":\"Organization\",\"@id\":\"https:\\\/\\\/stoerbikes.com\\\/#organization\",\"name\":\"STOER Bikes\",\"url\":\"https:\\\/\\\/stoerbikes.com\\\/\",\"logo\":{\"@type\":\"ImageObject\",\"inLanguage\":\"de\",\"@id\":\"https:\\\/\\\/stoerbikes.com\\\/#\\\/schema\\\/logo\\\/image\\\/\",\"url\":\"https:\\\/\\\/stoerbikes.com\\\/wp-content\\\/uploads\\\/2026\\\/01\\\/Logo-STOER.png\",\"contentUrl\":\"https:\\\/\\\/stoerbikes.com\\\/wp-content\\\/uploads\\\/2026\\\/01\\\/Logo-STOER.png\",\"width\":1580,\"height\":303,\"caption\":\"STOER Bikes\"},\"image\":{\"@id\":\"https:\\\/\\\/stoerbikes.com\\\/#\\\/schema\\\/logo\\\/image\\\/\"},\"sameAs\":[\"https:\\\/\\\/facebook.com\\\/stoerbikes\",\"https:\\\/\\\/www.instagram.com\\\/stoerbikes\",\"https:\\\/\\\/www.linkedin.com\\\/company\\\/stoerbikes\\\/\",\"https:\\\/\\\/www.tiktok.com\\\/@stoerbikes\",\"https:\\\/\\\/www.youtube.com\\\/channel\\\/UCMBW5py6Mfoj1GNaRokv17g\"]},{\"@type\":\"Person\",\"@id\":\"https:\\\/\\\/stoerbikes.com\\\/#\\\/schema\\\/person\\\/7502f1423bafa2e4416618b40206f8ff\",\"name\":\"Authora\",\"image\":{\"@type\":\"ImageObject\",\"inLanguage\":\"de\",\"@id\":\"https:\\\/\\\/secure.gravatar.com\\\/avatar\\\/d58fc5f5a46da799c1b1d64215cb0da01fa53300a2b1867b577bac857324b89a?s=96&d=mm&r=g\",\"url\":\"https:\\\/\\\/secure.gravatar.com\\\/avatar\\\/d58fc5f5a46da799c1b1d64215cb0da01fa53300a2b1867b577bac857324b89a?s=96&d=mm&r=g\",\"contentUrl\":\"https:\\\/\\\/secure.gravatar.com\\\/avatar\\\/d58fc5f5a46da799c1b1d64215cb0da01fa53300a2b1867b577bac857324b89a?s=96&d=mm&r=g\",\"caption\":\"Authora\"}}]}<\/script>\n<!-- \/ Yoast SEO Premium plugin. -->","yoast_head_json":{"title":"Lastenfahrr\u00e4der auf dem Vormarsch: Sicheres Messen, Heben und Man\u00f6vrieren \u2013 STOER Bikes","description":"Wohnst du in einer Wohnung? So transportierst du ein Lastenfahrrad sicher im Aufzug \u2013 mit Ma\u00dfplan, Schritt-f\u00fcr-Schritt-Anleitung und Tipps zur Vermeidung von Sch\u00e4den.","robots":{"index":"index","follow":"follow","max-snippet":"max-snippet:-1","max-image-preview":"max-image-preview:large","max-video-preview":"max-video-preview:-1"},"canonical":"https:\/\/stoerbikes.com\/de\/das-lastenfahrrad-ohne-grosen-aufwand-im-aufzug-mitnehmen\/","og_locale":"de_DE","og_type":"article","og_title":"Bakfiets in de lift meenemen zonder gedoe","og_description":"Woon je in een appartement? Zo krijg je een bakfiets in de lift veilig mee, met meetplan, stappenplan en tips tegen schade.","og_url":"https:\/\/stoerbikes.com\/de\/das-lastenfahrrad-ohne-grosen-aufwand-im-aufzug-mitnehmen\/","og_site_name":"STOER Bikes","article_publisher":"https:\/\/facebook.com\/stoerbikes","article_published_time":"2026-07-17T14:00:00+00:00","article_modified_time":"2026-07-22T10:03:50+00:00","og_image":[{"width":2560,"height":1708,"url":"https:\/\/stoerbikes.com\/wp-content\/uploads\/2024\/05\/image00001-9-scaled.jpeg","type":"image\/jpeg"}],"author":"Authora","twitter_card":"summary_large_image","twitter_misc":{"Verfasst von":"Authora","Gesch\u00e4tzte Lesezeit":"8\u00a0Minuten"},"schema":{"@context":"https:\/\/schema.org","@graph":[{"@type":["Article","BlogPosting"],"@id":"https:\/\/stoerbikes.com\/bakfiets-in-de-lift-meenemen-zonder-gedoe\/#article","isPartOf":{"@id":"https:\/\/stoerbikes.com\/bakfiets-in-de-lift-meenemen-zonder-gedoe\/"},"author":{"name":"Authora","@id":"https:\/\/stoerbikes.com\/#\/schema\/person\/7502f1423bafa2e4416618b40206f8ff"},"headline":"Bakfiets in de lift meenemen zonder gedoe","datePublished":"2026-07-17T14:00:00+00:00","dateModified":"2026-07-22T10:03:50+00:00","mainEntityOfPage":{"@id":"https:\/\/stoerbikes.com\/bakfiets-in-de-lift-meenemen-zonder-gedoe\/"},"wordCount":1321,"publisher":{"@id":"https:\/\/stoerbikes.com\/#organization"},"articleSection":["Algemeen"],"inLanguage":"de"},{"@type":"WebPage","@id":"https:\/\/stoerbikes.com\/bakfiets-in-de-lift-meenemen-zonder-gedoe\/","url":"https:\/\/stoerbikes.com\/bakfiets-in-de-lift-meenemen-zonder-gedoe\/","name":"Lastenfahrr\u00e4der auf dem Vormarsch: Sicheres Messen, Heben und Man\u00f6vrieren \u2013 STOER Bikes","isPartOf":{"@id":"https:\/\/stoerbikes.com\/#website"},"datePublished":"2026-07-17T14:00:00+00:00","dateModified":"2026-07-22T10:03:50+00:00","description":"Wohnst du in einer Wohnung? So transportierst du ein Lastenfahrrad sicher im Aufzug \u2013 mit Ma\u00dfplan, Schritt-f\u00fcr-Schritt-Anleitung und Tipps zur Vermeidung von Sch\u00e4den.","breadcrumb":{"@id":"https:\/\/stoerbikes.com\/bakfiets-in-de-lift-meenemen-zonder-gedoe\/#breadcrumb"},"inLanguage":"de","potentialAction":[{"@type":"ReadAction","target":["https:\/\/stoerbikes.com\/bakfiets-in-de-lift-meenemen-zonder-gedoe\/"]}]},{"@type":"BreadcrumbList","@id":"https:\/\/stoerbikes.com\/bakfiets-in-de-lift-meenemen-zonder-gedoe\/#breadcrumb","itemListElement":[{"@type":"ListItem","position":1,"name":"Home","item":"https:\/\/stoerbikes.com\/"},{"@type":"ListItem","position":2,"name":"Bakfiets in de lift meenemen zonder gedoe"}]},{"@type":"WebSite","@id":"https:\/\/stoerbikes.com\/#website","url":"https:\/\/stoerbikes.com\/","name":"STOER Fahrr\u00e4der","description":"","publisher":{"@id":"https:\/\/stoerbikes.com\/#organization"},"potentialAction":[{"@type":"SearchAction","target":{"@type":"EntryPoint","urlTemplate":"https:\/\/stoerbikes.com\/?s={search_term_string}"},"query-input":{"@type":"PropertyValueSpecification","valueRequired":true,"valueName":"search_term_string"}}],"inLanguage":"de"},{"@type":"Organization","@id":"https:\/\/stoerbikes.com\/#organization","name":"STOER Fahrr\u00e4der","url":"https:\/\/stoerbikes.com\/","logo":{"@type":"ImageObject","inLanguage":"de","@id":"https:\/\/stoerbikes.com\/#\/schema\/logo\/image\/","url":"https:\/\/stoerbikes.com\/wp-content\/uploads\/2026\/01\/Logo-STOER.png","contentUrl":"https:\/\/stoerbikes.com\/wp-content\/uploads\/2026\/01\/Logo-STOER.png","width":1580,"height":303,"caption":"STOER Bikes"},"image":{"@id":"https:\/\/stoerbikes.com\/#\/schema\/logo\/image\/"},"sameAs":["https:\/\/facebook.com\/stoerbikes","https:\/\/www.instagram.com\/stoerbikes","https:\/\/www.linkedin.com\/company\/stoerbikes\/","https:\/\/www.tiktok.com\/@stoerbikes","https:\/\/www.youtube.com\/channel\/UCMBW5py6Mfoj1GNaRokv17g"]},{"@type":"Person","@id":"https:\/\/stoerbikes.com\/#\/schema\/person\/7502f1423bafa2e4416618b40206f8ff","name":"Authora","image":{"@type":"ImageObject","inLanguage":"de","@id":"https:\/\/secure.gravatar.com\/avatar\/d58fc5f5a46da799c1b1d64215cb0da01fa53300a2b1867b577bac857324b89a?s=96&d=mm&r=g","url":"https:\/\/secure.gravatar.com\/avatar\/d58fc5f5a46da799c1b1d64215cb0da01fa53300a2b1867b577bac857324b89a?s=96&d=mm&r=g","contentUrl":"https:\/\/secure.gravatar.com\/avatar\/d58fc5f5a46da799c1b1d64215cb0da01fa53300a2b1867b577bac857324b89a?s=96&d=mm&r=g","caption":"Authora"}}]}},"_links":{"self":[{"href":"https:\/\/stoerbikes.com\/de\/wp-json\/wp\/v2\/posts\/10934","targetHints":{"allow":["GET"]}}],"collection":[{"href":"https:\/\/stoerbikes.com\/de\/wp-json\/wp\/v2\/posts"}],"about":[{"href":"https:\/\/stoerbikes.com\/de\/wp-json\/wp\/v2\/types\/post"}],"author":[{"embeddable":true,"href":"https:\/\/stoerbikes.com\/de\/wp-json\/wp\/v2\/users\/15"}],"replies":[{"embeddable":true,"href":"https:\/\/stoerbikes.com\/de\/wp-json\/wp\/v2\/comments?post=10934"}],"version-history":[{"count":3,"href":"https:\/\/stoerbikes.com\/de\/wp-json\/wp\/v2\/posts\/10934\/revisions"}],"predecessor-version":[{"id":11021,"href":"https:\/\/stoerbikes.com\/de\/wp-json\/wp\/v2\/posts\/10934\/revisions\/11021"}],"wp:attachment":[{"href":"https:\/\/stoerbikes.com\/de\/wp-json\/wp\/v2\/media?parent=10934"}],"wp:term":[{"taxonomy":"category","embeddable":true,"href":"https:\/\/stoerbikes.com\/de\/wp-json\/wp\/v2\/categories?post=10934"},{"taxonomy":"post_tag","embeddable":true,"href":"https:\/\/stoerbikes.com\/de\/wp-json\/wp\/v2\/tags?post=10934"}],"curies":[{"name":"wp","href":"https:\/\/api.w.org\/{rel}","templated":true}]}}